{"id":8859,"date":"2015-12-06T13:33:02","date_gmt":"2015-12-06T12:33:02","guid":{"rendered":"http:\/\/www.see-infos.de\/?p=8859"},"modified":"2022-08-10T08:48:59","modified_gmt":"2022-08-10T06:48:59","slug":"125-jahre-skilauf-im-schwarzwald","status":"publish","type":"post","link":"http:\/\/see-infos.de\/?p=8859","title":{"rendered":"125 Jahre Skilauf im Schwarzwald"},"content":{"rendered":"<p><strong>Hinterzarten &#8211; Der Schwarzwald r\u00fcstet sich f\u00fcr einen Mega-Winter: Denn vor 125 Jahren schlug die Geburtsstunde des Skisports im h\u00f6chsten deutschen Mittelgebirge. Im Februar 1891 bestieg der erste Skifahrer den Feldberg und l\u00f6ste damit einen nie dagewesenen Boom aus: Die Entdeckung der neumodischen Holzbretter revolutionierte den Schwarzwald, der Feldberg wurde zum Zentrum des Skisports in Mitteleuropa.<\/strong><\/p>\n<p>Dieses historische Ereignis wird im Jubil\u00e4umswinter 2015\/2016 mit zahlreichen Gro\u00dfveranstaltungen gefeiert. Zwischen November und April finden rund 30 Events statt \u2013 von Ausstellungen und Vortr\u00e4gen, \u00fcber historische Skirennen und Filmvorf\u00fchrungen, bis zu hochkar\u00e4tigen Wettbewerben, dem FIS Snowboardcross Weltcup und dem FIS Skisprung Weltcup.<\/p>\n<p><strong>8. Februar 1891 \u2013 die Geburtsstunde des Skilaufs in Mitteleuropa<\/strong><br \/>\nAm 8. Februar 1891 steigt der franz\u00f6sische Diplomat und Abenteurer R. Pilet aus der H\u00f6llentalbahn in Titisee. Auf vorne seltsam zugebogenen Holzbrettern und mit einem langen Stock in den H\u00e4nden k\u00e4mpft er sich durch zwei Meter hohen Neuschnee bis auf den 1.493 Meter hohen Feldberggipfel. Seine Besteigung h\u00e4lt er im G\u00e4stebuch des Feldberger Hofes fest: \u201eR. Pilet, Dr.jur. Heidelberg, Febr. 8 1891 \u2013 auf norwegischen Schneeschuhen\u201c. Es ist die Geburtsstunde des Skilaufs in Mitteleuropa.<\/p>\n<p><strong>Die Anf\u00e4nge des Skisports im Schwarzwald<\/strong><br \/>\nNoch im selben Jahr gr\u00fcnden einige junge M\u00e4nner mit dem Ski-Club Todtnau den ersten Skiclub in Deutschland. Zum Skifahren inspirierte sie das Buch des norwegischen Polarforschers Fridtjof Nansen \u201eAuf Schneeschuhen durch Gr\u00f6nland\u201c. Die Todtnauer sind die ersten, die sich f\u00fcr das Marketing im Wintersport stark machen. Der Ski-Club Todtnau ver\u00f6ffentlicht bereits 1892 die erste \u201eAnleitung zum Schneeschuhlaufen\u201c.<br \/>\nDarin wird auch f\u00fcr die hervorragenden Wintersportbedingungen und die exzellente Gastronomie auf dem Feldberg geworben.<\/p>\n<p>1892 l\u00e4sst sich Ernst K\u00f6pfer aus Bernau seine Skier der Marke \u201eFeldberg\u201c patentieren. K\u00f6pfer ist der erste Skifabrikant. 1895 gr\u00fcndet sich der Ski-Club Freiburg. Gemeinsam mit dem Ski-Club Todtnau bildet er als Ski-Club Schwarzwald den ersten Landesverband Mitteleuropas, der ma\u00dfgeblich die Weichen f\u00fcr die Gr\u00fcndung des Deutschen Skiverbandes im Jahr 1905 legt. 1899 findet die erste deutsche Skimeisterschaft auf dem Feldberg statt. 1908 erfindet der Gastronom Robert Winterhalder beim Schneckenhof in Schollach den ersten Skilift der Welt. Seine Erfindung meldet er beim Patentamt an. 1920 sorgen zwei Freiburger Filmemacher, Sepp Allgeier und Arnold Fanck, mit ihrem Film<br \/>\n\u201eDas Wunder des Schneeschuhs\u201c f\u00fcr Aufsehen. Mit atemberaubenden Stuntaufnahmen der weltbesten Skifahrer und einmaligen Zeitlupensequenzen schaffen sie das neue Genre der Skifilme. Ihr Werk, gr\u00f6\u00dftenteils im Schwarzwald gedreht, l\u00e4uft dreieinhalb Jahre ausverkauft am Broadway in New York City.<\/p>\n<div id=\"attachment_8860\" style=\"width: 610px\" class=\"wp-caption alignleft\"><img aria-describedby=\"caption-attachment-8860\" loading=\"lazy\" src=\"http:\/\/www.schechler.com\/see-infos\/wp-content\/uploads\/2015\/10\/Foto-Willy-Pragher_1955\u00a9Kreisarchiv-Breisgau-Hochschwarzwald-600x436.jpg\" alt=\"Foto: Willy Pragher 1955 \u00a9 Kreisarchiv  Breisgau-Hochschwarzwald\" width=\"600\" height=\"436\" class=\"size-large wp-image-8860\" srcset=\"http:\/\/see-infos.de\/wp-content\/uploads\/2015\/10\/Foto-Willy-Pragher_1955\u00a9Kreisarchiv-Breisgau-Hochschwarzwald.jpg 600w, http:\/\/see-infos.de\/wp-content\/uploads\/2015\/10\/Foto-Willy-Pragher_1955\u00a9Kreisarchiv-Breisgau-Hochschwarzwald-300x218.jpg 300w\" sizes=\"(max-width: 600px) 100vw, 600px\" \/><p id=\"caption-attachment-8860\" class=\"wp-caption-text\">Foto: Willy Pragher 1955 \u00a9 Kreisarchiv  Breisgau-Hochschwarzwald<\/p><\/div>\n<h3>Der Jubil\u00e4umswinter \u2013 die Highlights<\/h3>\n<p><strong>Ausstellung 125 Jahre Skilauf im Schwarzwald<\/strong><br \/>\nDen Auftakt zum Jubil\u00e4umswinter bildet die Ausstellung \u201e125 Jahre Skilauf im Schwarzwald\u201c am 13. November 2015 im Haus der Natur auf dem Feldberg. Von den ersten Pionieren auf Skiern, \u00fcber die Gr\u00fcndung des 1. Skiclubs und der Entstehung des Wintertourismus im Feldberger Hof bis zu den technischen Entwicklungen im Skisport wird die Ausstellung die Geschichte der Anf\u00e4nge des Skifahrens im Schwarzwald bis zu den Helden des Wintersports damals und heute auf eindrucksvolle Art vermitteln. Anhand vieler Exponate, Bilder, original Radioaufnahmen und Filmmaterial entsteht ein eindrucksvolles Bild der spannenden Geschichte des Skisports. Die Ausstellung ist bis zum 26. M\u00e4rz 2016, t\u00e4glich von 10 bis 17 Uhr zu sehen.<\/p>\n<p><strong>FIS Snowboardcross Weltcup<\/strong><br \/>\nVom 22. bis 24. Januar 2016 steht der FIS Snowboardcross World Cup auf dem Feldberg im Mittelpunkt. Snowboardcross z\u00e4hlt zu den insgesamt f\u00fcnf Olympischen Snowboard-Disziplinen. Sechs Snowboarder treten gleichzeitig gegeneinander im KO-System an. Die f\u00fcr Zuschauer besonders spektakul\u00e4ren Rennen mit atemberaubenden Spr\u00fcngen sind eines der Highlights des Jubil\u00e4umswinters.<\/p>\n<p><strong>Jubil\u00e4umswochenende 125 Jahre Skilauf im Schwarzwald mit Hebammenrennen und Skifahren wie anno dazumal<\/strong><br \/>\nHebammen waren die ersten, die Skier von Berufs wegen verwendeten. Ihnen ist die erste Deutsche Alpine Skimeisterschaft der Hebammen gewidmet, die am 20. Februar 2016 um 12 Uhr auf dem Seebuck stattfindet. Alle Hebammen sind f\u00fcr die Teilnahme qualifiziert. Der<br \/>\nStart \u2013 mit Skipass, Startnummer, Mittagessen und Stirnband \u2013 ist ab 35 Euro m\u00f6glich. Zuschauer sind herzlich willkommen, der Eintritt ist frei. Weitere Informationen und Anmeldung unter: <a href=\"http:\/\/www.hochschwarzwald.de\/125-Jahre-Hebammen\" target=\"_blank\" rel=\"noopener noreferrer\">www.hochschwarzwald.de\/125-Jahre-Hebammen<\/a><\/p>\n<p>Am 21. Februar 2016 ist Skifahren wie \u201eanno dazumal\u201c angesagt. Ein Dampfzug f\u00e4hrt Skil\u00e4ufer mit historischer Kleidung und Skiern zum Bahnhof B\u00e4rental, von dort geht es mit Oldtimer-Bussen hinauf zum Feldberg. Beim historischen Skirennen am Seebuck steht nicht nur skifahrerisches K\u00f6nnen im Vordergrund. Angesagt ist vor allem zeitgem\u00e4\u00dfes Aussehen im Look der 20er, 30er und 40er Jahre. Nach dem Rennen geben sich die Damen und Herren Skifahrer im Feldberger Hof beim Tanz-Tee ein Stelldichein. So vornehm wurde damals Apr\u00e8s-Ski gefeiert. Die Startgeb\u00fchr f\u00fcr die historischen Skifahrer betr\u00e4gt 12,50 Euro, Zuschauer sind herzlich willkommen, der Eintritt ist frei.<\/p>\n<p><strong>FIS Skisprung Weltcup Titisee-Neustadt<\/strong><br \/>\nEin weiteres Spitzenevent im Jubil\u00e4umswinter ist der Weltcup der Skispringer vom 11. bis 13. M\u00e4rz 2016. In Neustadt messen sich die besten Skispringer der Welt beim Springen von der Hochfirstschanze.<\/p>\n<p><strong>Filmfestival \u201eFaszination Skilauf \u00fcber 125 Jahre\u201c<\/strong><br \/>\n1920 war die Auff\u00fchrung des Skifilms \u201eDas Wunder des Schneeschuhs\u201c, gedreht von den Freiburger Filmemachern Arnold Fanck und Sepp Allgaier, eine Sensation. Zuschauer staunten \u00fcber waghalsige Spr\u00fcnge, tief verschneite Landschaften und bis dahin nie gesehene Zeitlupenaufnahmen. Am 6. Januar 2016, 19 Uhr wird der Stummfilm mit musikalischer Live-Umrahmung durch G\u00fcnter Buchwald im Filmtheater Krone in Titisee-Neustadt, am 30. Januar um 19.30 Uhr im Kommunalen Kino im Alten Wiehrebahnhof gezeigt.<\/p>\n<div class=\"twoclick_social_bookmarks_post_8859 social_share_privacy clearfix 1.6.4 locale-de_DE sprite-de_DE\"><\/div><div class=\"twoclick-js\"><script type=\"text\/javascript\">\/* <![CDATA[ *\/\njQuery(document).ready(function($){if($('.twoclick_social_bookmarks_post_8859')){$('.twoclick_social_bookmarks_post_8859').socialSharePrivacy({\"services\":{\"twitter\":{\"reply_to\":\"\",\"tweet_text\":\"125%20Jahre%20Skilauf%20im%20Schwarzwald%20%C2%BB%20See-Infos.de%20%23Schwarzwald\",\"status\":\"on\",\"txt_info\":\"2 Klicks f\\u00fcr mehr Datenschutz: Erst wenn Sie hier klicken, wird der Button aktiv und Sie k\\u00f6nnen Ihre Empfehlung an Twitter senden. Schon beim Aktivieren werden Daten an Dritte \\u00fcbertragen - siehe <em>i<\\\/em>.\",\"perma_option\":\"off\",\"language\":\"de\",\"referrer_track\":\"\"},\"gplus\":{\"status\":\"on\",\"txt_info\":\"2 Klicks f\\u00fcr mehr Datenschutz: Erst wenn Sie hier klicken, wird der Button aktiv und Sie k\\u00f6nnen Ihre Empfehlung an Google+ senden. Schon beim Aktivieren werden Daten an Dritte \\u00fcbertragen - siehe <em>i<\\\/em>.\",\"perma_option\":\"off\",\"referrer_track\":\"\"},\"xing\":{\"status\":\"on\",\"txt_info\":\"2 Klicks f\\u00fcr mehr Datenschutz: Erst wenn Sie hier klicken, wird der Button aktiv und Sie k\\u00f6nnen Ihre Empfehlung an Xing senden. Schon beim Aktivieren werden Daten an Dritte \\u00fcbertragen - siehe <em>i<\\\/em>.\",\"perma_option\":\"off\",\"language\":\"de\",\"referrer_track\":\"\"},\"pinterest\":{\"status\":\"on\",\"the_excerpt\":\"125 Jahre Skilauf im Schwarzwald\",\"txt_info\":\"2 Klicks f\\u00fcr mehr Datenschutz: Erst wenn Sie hier klicken, wird der Button aktiv und Sie k\\u00f6nnen Ihre Empfehlung an Pinterest senden. Schon beim Aktivieren werden Daten an Dritte \\u00fcbertragen - siehe <em>i<\\\/em>.\",\"perma_option\":\"off\",\"media\":\"http:\\\/\\\/see-infos.de\\\/wp-content\\\/uploads\\\/2015\\\/10\\\/Foto-Willy-Pragher_1955\\u00a9Kreisarchiv-Breisgau-Hochschwarzwald.jpg\"},\"linkedin\":{\"status\":\"on\",\"txt_info\":\"2 Klicks f\\u00fcr mehr Datenschutz: Erst wenn Sie hier klicken, wird der Button aktiv und Sie k\\u00f6nnen Ihre Empfehlung an LinkedIn senden. Schon beim Aktivieren werden Daten an Dritte \\u00fcbertragen - siehe <em>i<\\\/em>.\",\"perma_option\":\"off\"}},\"txt_help\":\"Wenn Sie diese Felder durch einen Klick aktivieren, werden Informationen an Facebook, Twitter, Flattr, Xing, t3n, LinkedIn, Pinterest oder Google eventuell ins Ausland \\u00fcbertragen und unter Umst\\u00e4nden auch dort gespeichert. N\\u00e4heres erfahren Sie durch einen Klick auf das <em>i<\\\/em>.\",\"settings_perma\":\"Dauerhaft aktivieren und Daten\\u00fcber-tragung zustimmen:\",\"info_link\":\"http:\\\/\\\/www.heise.de\\\/ct\\\/artikel\\\/2-Klicks-fuer-mehr-Datenschutz-1333879.html\",\"uri\":\"http:\\\/\\\/see-infos.de\\\/?p=8859\",\"post_id\":8859,\"post_title_referrer_track\":\"125+Jahre+Skilauf+im+Schwarzwald\",\"display_infobox\":\"on\"});}});\n\/* ]]> *\/<\/script><\/div>","protected":false},"excerpt":{"rendered":"<p>Hinterzarten &#8211; Der Schwarzwald r\u00fcstet sich f\u00fcr einen Mega-Winter: Denn vor 125 Jahren schlug die Geburtsstunde des Skisports im h\u00f6chsten deutschen Mittelgebirge. Im Februar 1891 bestieg der erste Skifahrer den Feldberg und l\u00f6ste damit einen nie dagewesenen Boom aus: Die Entdeckung der neumodischen Holzbretter revolutionierte den Schwarzwald, der Feldberg wurde zum Zentrum des Skisports in [&hellip;]<\/p>\n","protected":false},"author":1,"featured_media":8860,"comment_status":"closed","ping_status":"closed","sticky":false,"template":"","format":"standard","meta":[],"categories":[1],"tags":[76],"_links":{"self":[{"href":"http:\/\/see-infos.de\/index.php?rest_route=\/wp\/v2\/posts\/8859"}],"collection":[{"href":"http:\/\/see-infos.de\/index.php?rest_route=\/wp\/v2\/posts"}],"about":[{"href":"http:\/\/see-infos.de\/index.php?rest_route=\/wp\/v2\/types\/post"}],"author":[{"embeddable":true,"href":"http:\/\/see-infos.de\/index.php?rest_route=\/wp\/v2\/users\/1"}],"replies":[{"embeddable":true,"href":"http:\/\/see-infos.de\/index.php?rest_route=%2Fwp%2Fv2%2Fcomments&post=8859"}],"version-history":[{"count":0,"href":"http:\/\/see-infos.de\/index.php?rest_route=\/wp\/v2\/posts\/8859\/revisions"}],"wp:featuredmedia":[{"embeddable":true,"href":"http:\/\/see-infos.de\/index.php?rest_route=\/wp\/v2\/media\/8860"}],"wp:attachment":[{"href":"http:\/\/see-infos.de\/index.php?rest_route=%2Fwp%2Fv2%2Fmedia&parent=8859"}],"wp:term":[{"taxonomy":"category","embeddable":true,"href":"http:\/\/see-infos.de\/index.php?rest_route=%2Fwp%2Fv2%2Fcategories&post=8859"},{"taxonomy":"post_tag","embeddable":true,"href":"http:\/\/see-infos.de\/index.php?rest_route=%2Fwp%2Fv2%2Ftags&post=8859"}],"curies":[{"name":"wp","href":"https:\/\/api.w.org\/{rel}","templated":true}]}}