{"id":8089,"date":"2025-09-13T07:13:49","date_gmt":"2025-09-13T05:13:49","guid":{"rendered":"http:\/\/www.see-infos.de\/?p=8089"},"modified":"2025-08-21T08:35:51","modified_gmt":"2025-08-21T06:35:51","slug":"froehlich-bunte-kerzen-arrangements-fuer-den-grossen-tag-der-kleinen-der-1-schultag","status":"publish","type":"post","link":"http:\/\/see-infos.de\/?p=8089","title":{"rendered":"Fr\u00f6hlich-bunte Kerzen-Arrangements f\u00fcr \u201eden gro\u00dfen Tag der Kleinen\u201c: Der 1. Schultag"},"content":{"rendered":"<p>#kerzendeko <\/p>\n<p>In Bayern und Baden-W\u00fcrttemberg enden die Schulferien im September. Sp\u00e4testens dann beginnt f\u00fcr alle ABC-Sch\u00fctzen \u201eder Ernst des Lebens\u201c<\/p>\n<h3>Fr\u00f6hlich-bunte Kerzen-Arrangements f\u00fcr \u201eden gro\u00dfen Tag der Kleinen\u201c: Der 1. Schultag<\/h3>\n<p><strong>Um den Erstkl\u00e4sslern einen unvergesslichen 1. Schultag zu bereiten, geh\u00f6rt neben einer gef\u00fcllten Schult\u00fcte auch ein besonderes Fr\u00fchst\u00fcck oder eine kleine Feier mit Familie und Freunden nach der Einschulung dazu.<\/strong><\/p>\n<p>Bunte Bl\u00fcten- und Teelichte in RAL-Qualit\u00e4t, zusammen mit kleinen Naschereien und Luftschlangen, sind an diesem Tag die perfekte Deko. Ein weiteres Highlight sind individuell gestaltete Kerzen, die mit dem Einschulungsdatum und Namen des Kindes versehen werden k\u00f6nnen. Die pers\u00f6nliche Einschulungs-Kerze kann dann nicht nur w\u00e4hrend des Einf\u00fchrungsgottesdienstes und zur Familienfeier angez\u00fcndet werden, sondern erinnert auch noch lange danach an diesen besonderen Tag!<\/p>\n<p>Eine \u00dcbersicht der Hersteller von individualisierten Kerzen finden Sie auf der Internetseite der G\u00fctegemeinschaft Kerzen (<a href=\"http:\/\/www.guetezeichen-kerzen.de\/de\/startseite\/\" target=\"_blank\" rel=\"noopener noreferrer\">http:\/\/www.guetezeichen-kerzen.de\/de\/startseite\/<\/a>) unter Hersteller von individualisierten Kerzen.<\/p>\n<div id=\"attachment_8090\" style=\"width: 610px\" class=\"wp-caption alignleft\"><img aria-describedby=\"caption-attachment-8090\" loading=\"lazy\" src=\"http:\/\/www.schechler.com\/see-infos\/wp-content\/uploads\/2015\/08\/froehliche_kerzendekos_zum_schulanfang-600x450.jpg\" alt=\" Fr\u00f6hliche Kerzendekos zum Schulanfang. Diese besondere Torte l\u00e4sst nicht nur Kinderaugen strahlen. Teelichte in RAL-Qualit\u00e4t, die in farbig bedruckten, nicht brennbaren Lichtt\u00fcten platziert wurden, zaubern eine fr\u00f6hliche Tischdekoration - passend zum ersten Schultag. Foto: G\u00fctegemeinschaft Kerzen.\" width=\"600\" height=\"450\" class=\"size-large wp-image-8090\" srcset=\"http:\/\/see-infos.de\/wp-content\/uploads\/2015\/08\/froehliche_kerzendekos_zum_schulanfang.jpg 600w, http:\/\/see-infos.de\/wp-content\/uploads\/2015\/08\/froehliche_kerzendekos_zum_schulanfang-300x225.jpg 300w\" sizes=\"(max-width: 600px) 100vw, 600px\" \/><p id=\"caption-attachment-8090\" class=\"wp-caption-text\"><br \/>Fr\u00f6hliche Kerzendekos zum Schulanfang.<br \/>Diese besondere Torte l\u00e4sst nicht nur Kinderaugen strahlen. Teelichte in RAL-Qualit\u00e4t, die in farbig bedruckten, nicht brennbaren Lichtt\u00fcten platziert wurden, zaubern eine fr\u00f6hliche Tischdekoration &#8211; passend zum ersten Schultag.<br \/>Foto: G\u00fctegemeinschaft Kerzen.<\/p><\/div>\n<div class=\"twoclick_social_bookmarks_post_8089 social_share_privacy clearfix 1.6.4 locale-de_DE sprite-de_DE\"><\/div><div class=\"twoclick-js\"><script type=\"text\/javascript\">\/* <![CDATA[ *\/\njQuery(document).ready(function($){if($('.twoclick_social_bookmarks_post_8089')){$('.twoclick_social_bookmarks_post_8089').socialSharePrivacy({\"services\":{\"twitter\":{\"reply_to\":\"\",\"tweet_text\":\"%20Fr%C3%B6hlich-bunte%20Kerzen-Arrangements%20f%C3%BCr%20%E2%80%9Eden%20gro%C3%9Fen%20Tag%20der%20...\",\"status\":\"on\",\"txt_info\":\"2 Klicks f\\u00fcr mehr Datenschutz: Erst wenn Sie hier klicken, wird der Button aktiv und Sie k\\u00f6nnen Ihre Empfehlung an Twitter senden. Schon beim Aktivieren werden Daten an Dritte \\u00fcbertragen - siehe <em>i<\\\/em>.\",\"perma_option\":\"off\",\"language\":\"de\",\"referrer_track\":\"\"},\"gplus\":{\"status\":\"on\",\"txt_info\":\"2 Klicks f\\u00fcr mehr Datenschutz: Erst wenn Sie hier klicken, wird der Button aktiv und Sie k\\u00f6nnen Ihre Empfehlung an Google+ senden. Schon beim Aktivieren werden Daten an Dritte \\u00fcbertragen - siehe <em>i<\\\/em>.\",\"perma_option\":\"off\",\"referrer_track\":\"\"},\"xing\":{\"status\":\"on\",\"txt_info\":\"2 Klicks f\\u00fcr mehr Datenschutz: Erst wenn Sie hier klicken, wird der Button aktiv und Sie k\\u00f6nnen Ihre Empfehlung an Xing senden. Schon beim Aktivieren werden Daten an Dritte \\u00fcbertragen - siehe <em>i<\\\/em>.\",\"perma_option\":\"off\",\"language\":\"de\",\"referrer_track\":\"\"},\"pinterest\":{\"status\":\"on\",\"the_excerpt\":\"Fr\\u00f6hlich-bunte Kerzen-Arrangements f\\u00fcr \\u201eden gro\\u00dfen Tag der Kleinen\\u201c: Der 1. Schultag\",\"txt_info\":\"2 Klicks f\\u00fcr mehr Datenschutz: Erst wenn Sie hier klicken, wird der Button aktiv und Sie k\\u00f6nnen Ihre Empfehlung an Pinterest senden. Schon beim Aktivieren werden Daten an Dritte \\u00fcbertragen - siehe <em>i<\\\/em>.\",\"perma_option\":\"off\",\"media\":\"http:\\\/\\\/see-infos.de\\\/wp-content\\\/uploads\\\/2015\\\/08\\\/froehliche_kerzendekos_zum_schulanfang.jpg\"},\"linkedin\":{\"status\":\"on\",\"txt_info\":\"2 Klicks f\\u00fcr mehr Datenschutz: Erst wenn Sie hier klicken, wird der Button aktiv und Sie k\\u00f6nnen Ihre Empfehlung an LinkedIn senden. Schon beim Aktivieren werden Daten an Dritte \\u00fcbertragen - siehe <em>i<\\\/em>.\",\"perma_option\":\"off\"}},\"txt_help\":\"Wenn Sie diese Felder durch einen Klick aktivieren, werden Informationen an Facebook, Twitter, Flattr, Xing, t3n, LinkedIn, Pinterest oder Google eventuell ins Ausland \\u00fcbertragen und unter Umst\\u00e4nden auch dort gespeichert. N\\u00e4heres erfahren Sie durch einen Klick auf das <em>i<\\\/em>.\",\"settings_perma\":\"Dauerhaft aktivieren und Daten\\u00fcber-tragung zustimmen:\",\"info_link\":\"http:\\\/\\\/www.heise.de\\\/ct\\\/artikel\\\/2-Klicks-fuer-mehr-Datenschutz-1333879.html\",\"uri\":\"http:\\\/\\\/see-infos.de\\\/?p=8089\",\"post_id\":8089,\"post_title_referrer_track\":\"Fr%C3%B6hlich-bunte+Kerzen-Arrangements+f%C3%BCr+%E2%80%9Eden+gro%C3%9Fen+Tag+der+Kleinen%E2%80%9C%3A+Der+1.+Schultag\",\"display_infobox\":\"on\"});}});\n\/* ]]> *\/<\/script><\/div>","protected":false},"excerpt":{"rendered":"<p>#kerzendeko In Bayern und Baden-W\u00fcrttemberg enden die Schulferien im September. Sp\u00e4testens dann beginnt f\u00fcr alle ABC-Sch\u00fctzen \u201eder Ernst des Lebens\u201c Fr\u00f6hlich-bunte Kerzen-Arrangements f\u00fcr \u201eden gro\u00dfen Tag der Kleinen\u201c: Der 1. Schultag Um den Erstkl\u00e4sslern einen unvergesslichen 1. Schultag zu bereiten, geh\u00f6rt neben einer gef\u00fcllten Schult\u00fcte auch ein besonderes Fr\u00fchst\u00fcck oder eine kleine Feier mit Familie [&hellip;]<\/p>\n","protected":false},"author":1,"featured_media":8090,"comment_status":"closed","ping_status":"closed","sticky":false,"template":"","format":"standard","meta":[],"categories":[1],"tags":[164],"_links":{"self":[{"href":"http:\/\/see-infos.de\/index.php?rest_route=\/wp\/v2\/posts\/8089"}],"collection":[{"href":"http:\/\/see-infos.de\/index.php?rest_route=\/wp\/v2\/posts"}],"about":[{"href":"http:\/\/see-infos.de\/index.php?rest_route=\/wp\/v2\/types\/post"}],"author":[{"embeddable":true,"href":"http:\/\/see-infos.de\/index.php?rest_route=\/wp\/v2\/users\/1"}],"replies":[{"embeddable":true,"href":"http:\/\/see-infos.de\/index.php?rest_route=%2Fwp%2Fv2%2Fcomments&post=8089"}],"version-history":[{"count":0,"href":"http:\/\/see-infos.de\/index.php?rest_route=\/wp\/v2\/posts\/8089\/revisions"}],"wp:featuredmedia":[{"embeddable":true,"href":"http:\/\/see-infos.de\/index.php?rest_route=\/wp\/v2\/media\/8090"}],"wp:attachment":[{"href":"http:\/\/see-infos.de\/index.php?rest_route=%2Fwp%2Fv2%2Fmedia&parent=8089"}],"wp:term":[{"taxonomy":"category","embeddable":true,"href":"http:\/\/see-infos.de\/index.php?rest_route=%2Fwp%2Fv2%2Fcategories&post=8089"},{"taxonomy":"post_tag","embeddable":true,"href":"http:\/\/see-infos.de\/index.php?rest_route=%2Fwp%2Fv2%2Ftags&post=8089"}],"curies":[{"name":"wp","href":"https:\/\/api.w.org\/{rel}","templated":true}]}}