{"id":7701,"date":"2015-12-18T12:14:25","date_gmt":"2015-12-18T11:14:25","guid":{"rendered":"http:\/\/www.see-infos.de\/?p=7701"},"modified":"2022-08-10T08:45:37","modified_gmt":"2022-08-10T06:45:37","slug":"leinen-los-fuer-friesische-bodenseetouren-mit-der-seewiefke","status":"publish","type":"post","link":"http:\/\/see-infos.de\/?p=7701","title":{"rendered":"Leinen los f\u00fcr friesische Bodenseetouren mit der \u201eSeewiefke\u201c"},"content":{"rendered":"<h3>Von der Kinder-Piratenfahrt bis zum Segel-Sprachkurs \u2013 einzigartige See-Erlebnisse<\/h3>\n<p><strong>Die \u201eSeewiefke\u201c, ein stattliches Segelschiff mit Charakter und Charme, startet von ihrem Liegeplatz im Wassersportzentrum Radolfzell in ihre zweite Saison am Bodensee. Der \u00fcber 15 Meter lange friesische Traditionssegler aus Warnesiel sorgt mit seinen bis zu 100 m\u00b2 Segelfl\u00e4che erneut f\u00fcr bewundernde Aha-Effekte, wenn er mit den Skippern Carola und J\u00fcrgen Habenicht und deren G\u00e4sten auf einer der besonderen Ausfahrten ist. Ob Mitsegeln nach alter Gaffelsegelart, Brunch-Fahrten, Wein-Degustation vor Sonnenuntergangskulisse, exklusive Autoren-Lesungen, Piraten-Abenteuer f\u00fcr junge Seer\u00e4uber, entspannte Sprachkurse auf dem See, einzigartige Firmen-Events und professionelle Burnout-Pr\u00e4vention \u2013 es ist f\u00fcr jeden etwas dabei. \u201eWie im letzten Jahr erf\u00fcllen wir auch ganz individuelle \u201eSeewiefke\u201c-Tr\u00e4ume\u201c, verspricht Gesch\u00e4ftsf\u00fchrerin Carola Habenicht, der es an kreativen Ideen und den passenden Partnern aus Gastronomie usw. nicht mangelt.<\/strong><\/p>\n<p>Bisherige begeisterte R\u00fcckmeldungen best\u00e4rken das \u201eSeewiefke\u201c-Team in ihrem flexiblen Konzept. Wassersportfreunde sch\u00e4tzen das traditionelle Segeln mit reiner Handarbeit, viel Feingef\u00fchl und die fachkundige Anleitung der erfahrenen Skipper \u2013 ein ganz besonderes Erlebnis f\u00fcr elf Mitsegler auf einer Ausfahrt oder einer ein- bis mehrt\u00e4gigen Segeltour \u00fcber den Bodensee. Sicherheitstrainings in Theorie und Praxis und das Fahren von Rettungsman\u00f6vern werden ebenfalls gesch\u00e4tzt.<\/p>\n<div id=\"attachment_7702\" style=\"width: 610px\" class=\"wp-caption alignleft\"><img aria-describedby=\"caption-attachment-7702\" loading=\"lazy\" src=\"http:\/\/www.schechler.com\/see-infos\/wp-content\/uploads\/2015\/06\/sewiefke-600x338.jpg\" alt=\"Seewiefke. Fotos &copy; Veranstalter\" width=\"600\" height=\"338\" class=\"size-large wp-image-7702\" srcset=\"http:\/\/see-infos.de\/wp-content\/uploads\/2015\/06\/sewiefke.jpg 600w, http:\/\/see-infos.de\/wp-content\/uploads\/2015\/06\/sewiefke-300x169.jpg 300w\" sizes=\"(max-width: 600px) 100vw, 600px\" \/><p id=\"caption-attachment-7702\" class=\"wp-caption-text\">Seewiefke. Fotos &copy; Veranstalter<\/p><\/div>\n<p>Mit einer Taille von 3,60 Metern, 0,90 Meter Tiefgang und zwei Schwertern liegt die \u201eSeewiefke\u201c ungew\u00f6hnlich ruhig im Wasser. So genie\u00dfen auch Laien unterschiedlichen Alters, kleine Gesellschaften oder Firmengruppen gerne die vielseitigen Angebote. \u201eAuf diesem Schiff habe ich mich sogleich wohl gef\u00fchlt und mein erstes Segelerlebnis in vollen Z\u00fcgen ausgekostet!\u201c, freute sich eine der ersten G\u00e4ste der Saison 2015.<\/p>\n<p>Das abwechslungsreiche Programm bietet Segelvergn\u00fcgen, Genuss, Kultur, Abenteuer, Feierlaune, nachhaltige gesunde Wirkungen und \u00fcberraschend leichte Wissensvermittlung. Termine und ausf\u00fchrliche Informationen sowie erste Impressionen gibt es nach Absprache bei einem Besuch im renommierten Wassersportzentrum oder online unter www.event-segeln-bodensee.de. F\u00fcr den kulinarischen Part der Angebote sind die bekannten Br\u00fcder Neidhart aus Moos mit im Boot, ausgesuchte Weine glitzern im Abendlicht und interessante Autoren erz\u00e4hlen vor der herrlichen Naturkulisse von ihren ganz eigenen Bodensee-Sichten.<\/p>\n<p>\u201eDa man bei dieser Form des Segelns Probleme an Land lassen und den Blickwinkel f\u00fcr neue Perspektiven \u00f6ffnen kann, setzen wir diesen Traditionssegler auch gezielt zur Entspannung und Burnout-Pr\u00e4vention ein\u201c, betont Carola Habenicht. Die lizenzierte Segellehrerin hat aus fr\u00fcheren T\u00e4tigkeiten ein breit gef\u00e4chertes p\u00e4dagogisches Ger\u00fcst und holt f\u00fcr mehrt\u00e4gige Seminare versierte Profis an Bord. Eine Sprachexpertin bietet zudem Kurse in Englisch und Spanisch auf dem Wasser an \u2013 f\u00fcr Erwachsene, aber auch f\u00fcr Kinder und Jugendliche, denen das freie Sprechen in einer dieser Sprachen bei solch spannendem Ferienvergn\u00fcgen gleich leichter f\u00e4llt. Neu sind auch die Piratenabenteuer f\u00fcr Kinder. Das gro\u00dfe Schiff mit seinem prachtvollen h\u00f6lzernen Aus- und Aufbau weckt sogleich die Seer\u00e4uber-Phantasien der kleinen G\u00e4ste.<\/p>\n<p>\u201eGerne gehen wir auch auf individuelle W\u00fcnsche von Einzelpersonen, Gruppen oder Firmen ein und sind selbst gespannt, was sich da an interessanten \u201eSeewiefke\u201c-Erlebnissen entwickelt\u201c, so die engagierten Skipper. Touristiker und letztj\u00e4hrige Besucher freuen sich schon auf neue friesische Segeltouren auf dem Bodensee, ganz nach dem Motto \u201eStoh fast, kiek wiet und r\u00f6g die\u201c \u2013 steh fest, schau weit und r\u00fchre dich!<\/p>\n<p>Impressionen und Termine unter<br \/>\n<a href=\"http:\/\/www.event-segeln-bodensee.de\" target=\"_blank\" rel=\"noopener noreferrer\">www.event-segeln-bodensee.de<\/a><br \/>\nWeitere Informationen:<br \/>\nEvent-Segeln-Bodensee GmbH<br \/>\nGesch\u00e4ftsf\u00fchrerin: Carola Habenicht<br \/>\nZeppelinstr. 23, D-78315 Radolfzell<br \/>\nTel. +49(0)1520-800 5800 und<br \/>\nTel. +49(0)7732-97 19 31<br \/>\ninfo@event-segeln-bodensee.de<\/p>\n<div class=\"twoclick_social_bookmarks_post_7701 social_share_privacy clearfix 1.6.4 locale-de_DE sprite-de_DE\"><\/div><div class=\"twoclick-js\"><script type=\"text\/javascript\">\/* <![CDATA[ *\/\njQuery(document).ready(function($){if($('.twoclick_social_bookmarks_post_7701')){$('.twoclick_social_bookmarks_post_7701').socialSharePrivacy({\"services\":{\"twitter\":{\"reply_to\":\"\",\"tweet_text\":\"%20Leinen%20los%20f%C3%BCr%20friesische%20Bodenseetouren%20mit%20der%20%E2%80%9ESeewiefke%E2%80%9C%20%C2%BB%20...\",\"status\":\"on\",\"txt_info\":\"2 Klicks f\\u00fcr mehr Datenschutz: Erst wenn Sie hier klicken, wird der Button aktiv und Sie k\\u00f6nnen Ihre Empfehlung an Twitter senden. Schon beim Aktivieren werden Daten an Dritte \\u00fcbertragen - siehe <em>i<\\\/em>.\",\"perma_option\":\"off\",\"language\":\"de\",\"referrer_track\":\"\"},\"gplus\":{\"status\":\"on\",\"txt_info\":\"2 Klicks f\\u00fcr mehr Datenschutz: Erst wenn Sie hier klicken, wird der Button aktiv und Sie k\\u00f6nnen Ihre Empfehlung an Google+ senden. Schon beim Aktivieren werden Daten an Dritte \\u00fcbertragen - siehe <em>i<\\\/em>.\",\"perma_option\":\"off\",\"referrer_track\":\"\"},\"xing\":{\"status\":\"on\",\"txt_info\":\"2 Klicks f\\u00fcr mehr Datenschutz: Erst wenn Sie hier klicken, wird der Button aktiv und Sie k\\u00f6nnen Ihre Empfehlung an Xing senden. Schon beim Aktivieren werden Daten an Dritte \\u00fcbertragen - siehe <em>i<\\\/em>.\",\"perma_option\":\"off\",\"language\":\"de\",\"referrer_track\":\"\"},\"pinterest\":{\"status\":\"on\",\"the_excerpt\":\"Leinen los f\\u00fcr friesische Bodenseetouren mit der \\u201eSeewiefke\\u201c\",\"txt_info\":\"2 Klicks f\\u00fcr mehr Datenschutz: Erst wenn Sie hier klicken, wird der Button aktiv und Sie k\\u00f6nnen Ihre Empfehlung an Pinterest senden. Schon beim Aktivieren werden Daten an Dritte \\u00fcbertragen - siehe <em>i<\\\/em>.\",\"perma_option\":\"off\",\"media\":\"http:\\\/\\\/see-infos.de\\\/wp-content\\\/uploads\\\/2015\\\/06\\\/sewiefke.jpg\"},\"linkedin\":{\"status\":\"on\",\"txt_info\":\"2 Klicks f\\u00fcr mehr Datenschutz: Erst wenn Sie hier klicken, wird der Button aktiv und Sie k\\u00f6nnen Ihre Empfehlung an LinkedIn senden. Schon beim Aktivieren werden Daten an Dritte \\u00fcbertragen - siehe <em>i<\\\/em>.\",\"perma_option\":\"off\"}},\"txt_help\":\"Wenn Sie diese Felder durch einen Klick aktivieren, werden Informationen an Facebook, Twitter, Flattr, Xing, t3n, LinkedIn, Pinterest oder Google eventuell ins Ausland \\u00fcbertragen und unter Umst\\u00e4nden auch dort gespeichert. N\\u00e4heres erfahren Sie durch einen Klick auf das <em>i<\\\/em>.\",\"settings_perma\":\"Dauerhaft aktivieren und Daten\\u00fcber-tragung zustimmen:\",\"info_link\":\"http:\\\/\\\/www.heise.de\\\/ct\\\/artikel\\\/2-Klicks-fuer-mehr-Datenschutz-1333879.html\",\"uri\":\"http:\\\/\\\/see-infos.de\\\/?p=7701\",\"post_id\":7701,\"post_title_referrer_track\":\"Leinen+los+f%C3%BCr+friesische+Bodenseetouren+mit+der+%E2%80%9ESeewiefke%E2%80%9C\",\"display_infobox\":\"on\"});}});\n\/* ]]> *\/<\/script><\/div>","protected":false},"excerpt":{"rendered":"<p>Von der Kinder-Piratenfahrt bis zum Segel-Sprachkurs \u2013 einzigartige See-Erlebnisse Die \u201eSeewiefke\u201c, ein stattliches Segelschiff mit Charakter und Charme, startet von ihrem Liegeplatz im Wassersportzentrum Radolfzell in ihre zweite Saison am Bodensee. Der \u00fcber 15 Meter lange friesische Traditionssegler aus Warnesiel sorgt mit seinen bis zu 100 m\u00b2 Segelfl\u00e4che erneut f\u00fcr bewundernde Aha-Effekte, wenn er mit [&hellip;]<\/p>\n","protected":false},"author":1,"featured_media":7702,"comment_status":"closed","ping_status":"closed","sticky":false,"template":"","format":"standard","meta":[],"categories":[1,7],"tags":[100],"_links":{"self":[{"href":"http:\/\/see-infos.de\/index.php?rest_route=\/wp\/v2\/posts\/7701"}],"collection":[{"href":"http:\/\/see-infos.de\/index.php?rest_route=\/wp\/v2\/posts"}],"about":[{"href":"http:\/\/see-infos.de\/index.php?rest_route=\/wp\/v2\/types\/post"}],"author":[{"embeddable":true,"href":"http:\/\/see-infos.de\/index.php?rest_route=\/wp\/v2\/users\/1"}],"replies":[{"embeddable":true,"href":"http:\/\/see-infos.de\/index.php?rest_route=%2Fwp%2Fv2%2Fcomments&post=7701"}],"version-history":[{"count":0,"href":"http:\/\/see-infos.de\/index.php?rest_route=\/wp\/v2\/posts\/7701\/revisions"}],"wp:featuredmedia":[{"embeddable":true,"href":"http:\/\/see-infos.de\/index.php?rest_route=\/wp\/v2\/media\/7702"}],"wp:attachment":[{"href":"http:\/\/see-infos.de\/index.php?rest_route=%2Fwp%2Fv2%2Fmedia&parent=7701"}],"wp:term":[{"taxonomy":"category","embeddable":true,"href":"http:\/\/see-infos.de\/index.php?rest_route=%2Fwp%2Fv2%2Fcategories&post=7701"},{"taxonomy":"post_tag","embeddable":true,"href":"http:\/\/see-infos.de\/index.php?rest_route=%2Fwp%2Fv2%2Ftags&post=7701"}],"curies":[{"name":"wp","href":"https:\/\/api.w.org\/{rel}","templated":true}]}}