{"id":701,"date":"2013-12-15T07:03:24","date_gmt":"2013-12-15T06:03:24","guid":{"rendered":"http:\/\/www.see-infos.de\/?p=701"},"modified":"2022-07-30T11:17:16","modified_gmt":"2022-07-30T09:17:16","slug":"malerische-ehrung-der-hausherren","status":"publish","type":"post","link":"http:\/\/see-infos.de\/?p=701","title":{"rendered":"Malerische Ehrung der Hausherren"},"content":{"rendered":"<p><strong>Wasserprozession von Moos nach Radolfzell<\/strong><br \/>\nDas traditionelle Hausherrenfest in Radolfzell wird 2013 vom 19. bis 22. Juli gefeiert. Einer der H\u00f6hepunkte ist die Mooser Wasserprozession am 22. Juli. Die mit bunten B\u00f6gen aus Blumenkr\u00e4nzen geschm\u00fcckten Ruderboote starten morgens um 6 Uhr ihre Wallfahrt \u00fcber den See von Moos nach Radolfzell zu Ehren der drei Hausherren Theopont, Senesius und Zeno. Dort werden Sie gegen 8 Uhr erwartet. Die Heiligen sollen einst eine F\u00fcrbitte der Mooser erh\u00f6rt und gro\u00dfes Leid von den Bewohnern abgewendet haben. <\/p>\n<p><div id=\"attachment_14082\" style=\"width: 410px\" class=\"wp-caption alignleft\"><img aria-describedby=\"caption-attachment-14082\" loading=\"lazy\" src=\"http:\/\/www.schechler.com\/see-infos\/wp-content\/uploads\/2017\/07\/DSC08979.jpg\" alt=\"\" width=\"400\" height=\"600\" class=\"size-full wp-image-14082\" srcset=\"http:\/\/see-infos.de\/wp-content\/uploads\/2017\/07\/DSC08979.jpg 400w, http:\/\/see-infos.de\/wp-content\/uploads\/2017\/07\/DSC08979-200x300.jpg 200w\" sizes=\"(max-width: 400px) 100vw, 400px\" \/><p id=\"caption-attachment-14082\" class=\"wp-caption-text\">Hausherrenfest Radolfzell<\/p><\/div><br \/>\nHunderte Menschen erwarten am Radolfzeller Schiffsanlegesteg ihre malerische Ankunft. Gemeinsam zieht die feierliche Prozession mit Musik und Trachtengruppe ins M\u00fcnster, wo das \u201eMooser Hochamt\u201c vollzogen wird. G\u00e4ste k\u00f6nnen sich ab 10.30 Uhr bei einem k\u00f6stlichen Wei\u00dfwurstfr\u00fchst\u00fcck an der belebten Promenade st\u00e4rken und die zahlreichen festlichen Angebote der Stadt erkunden. Informationen: Tourismus- und Stadtmarketing Radolfzell GmbH, Bahnhofplatz 2, 78315 Radolfzell am Bodensee, Tel. +49 7732 81 500, Fax +49 7732 81 510, marketing@radolfzell.de oder <a href=\"http:\/\/www.radolfzell-tourismus.de\" target=\"_blank\" rel=\"noopener noreferrer\">www.radolfzell-tourismus.de<\/a><\/p>\n<div class=\"twoclick_social_bookmarks_post_701 social_share_privacy clearfix 1.6.4 locale-de_DE sprite-de_DE\"><\/div><div class=\"twoclick-js\"><script type=\"text\/javascript\">\/* <![CDATA[ *\/\njQuery(document).ready(function($){if($('.twoclick_social_bookmarks_post_701')){$('.twoclick_social_bookmarks_post_701').socialSharePrivacy({\"services\":{\"twitter\":{\"reply_to\":\"\",\"tweet_text\":\"Malerische%20Ehrung%20der%20Hausherren%20%C2%BB%20See-Infos.de%20%23Fest%20%23Untersee\",\"status\":\"on\",\"txt_info\":\"2 Klicks f\\u00fcr mehr Datenschutz: Erst wenn Sie hier klicken, wird der Button aktiv und Sie k\\u00f6nnen Ihre Empfehlung an Twitter senden. Schon beim Aktivieren werden Daten an Dritte \\u00fcbertragen - siehe <em>i<\\\/em>.\",\"perma_option\":\"off\",\"language\":\"de\",\"referrer_track\":\"\"},\"gplus\":{\"status\":\"on\",\"txt_info\":\"2 Klicks f\\u00fcr mehr Datenschutz: Erst wenn Sie hier klicken, wird der Button aktiv und Sie k\\u00f6nnen Ihre Empfehlung an Google+ senden. Schon beim Aktivieren werden Daten an Dritte \\u00fcbertragen - siehe <em>i<\\\/em>.\",\"perma_option\":\"off\",\"referrer_track\":\"\"},\"xing\":{\"status\":\"on\",\"txt_info\":\"2 Klicks f\\u00fcr mehr Datenschutz: Erst wenn Sie hier klicken, wird der Button aktiv und Sie k\\u00f6nnen Ihre Empfehlung an Xing senden. Schon beim Aktivieren werden Daten an Dritte \\u00fcbertragen - siehe <em>i<\\\/em>.\",\"perma_option\":\"off\",\"language\":\"de\",\"referrer_track\":\"\"},\"pinterest\":{\"status\":\"on\",\"the_excerpt\":\"Malerische Ehrung der Hausherren\",\"txt_info\":\"2 Klicks f\\u00fcr mehr Datenschutz: Erst wenn Sie hier klicken, wird der Button aktiv und Sie k\\u00f6nnen Ihre Empfehlung an Pinterest senden. Schon beim Aktivieren werden Daten an Dritte \\u00fcbertragen - siehe <em>i<\\\/em>.\",\"perma_option\":\"off\",\"media\":\"http:\\\/\\\/see-infos.de\\\/wp-content\\\/uploads\\\/2017\\\/07\\\/DSC08979.jpg\"},\"linkedin\":{\"status\":\"on\",\"txt_info\":\"2 Klicks f\\u00fcr mehr Datenschutz: Erst wenn Sie hier klicken, wird der Button aktiv und Sie k\\u00f6nnen Ihre Empfehlung an LinkedIn senden. Schon beim Aktivieren werden Daten an Dritte \\u00fcbertragen - siehe <em>i<\\\/em>.\",\"perma_option\":\"off\"}},\"txt_help\":\"Wenn Sie diese Felder durch einen Klick aktivieren, werden Informationen an Facebook, Twitter, Flattr, Xing, t3n, LinkedIn, Pinterest oder Google eventuell ins Ausland \\u00fcbertragen und unter Umst\\u00e4nden auch dort gespeichert. N\\u00e4heres erfahren Sie durch einen Klick auf das <em>i<\\\/em>.\",\"settings_perma\":\"Dauerhaft aktivieren und Daten\\u00fcber-tragung zustimmen:\",\"info_link\":\"http:\\\/\\\/www.heise.de\\\/ct\\\/artikel\\\/2-Klicks-fuer-mehr-Datenschutz-1333879.html\",\"uri\":\"http:\\\/\\\/see-infos.de\\\/?p=701\",\"post_id\":701,\"post_title_referrer_track\":\"Malerische+Ehrung+der+Hausherren\",\"display_infobox\":\"on\"});}});\n\/* ]]> *\/<\/script><\/div>","protected":false},"excerpt":{"rendered":"<p>Wasserprozession von Moos nach Radolfzell Das traditionelle Hausherrenfest in Radolfzell wird 2013 vom 19. bis 22. Juli gefeiert. Einer der H\u00f6hepunkte ist die Mooser Wasserprozession am 22. Juli. Die mit bunten B\u00f6gen aus Blumenkr\u00e4nzen geschm\u00fcckten Ruderboote starten morgens um 6 Uhr ihre Wallfahrt \u00fcber den See von Moos nach Radolfzell zu Ehren der drei Hausherren [&hellip;]<\/p>\n","protected":false},"author":1,"featured_media":14082,"comment_status":"open","ping_status":"open","sticky":false,"template":"","format":"standard","meta":[],"categories":[1,7],"tags":[9,12],"_links":{"self":[{"href":"http:\/\/see-infos.de\/index.php?rest_route=\/wp\/v2\/posts\/701"}],"collection":[{"href":"http:\/\/see-infos.de\/index.php?rest_route=\/wp\/v2\/posts"}],"about":[{"href":"http:\/\/see-infos.de\/index.php?rest_route=\/wp\/v2\/types\/post"}],"author":[{"embeddable":true,"href":"http:\/\/see-infos.de\/index.php?rest_route=\/wp\/v2\/users\/1"}],"replies":[{"embeddable":true,"href":"http:\/\/see-infos.de\/index.php?rest_route=%2Fwp%2Fv2%2Fcomments&post=701"}],"version-history":[{"count":0,"href":"http:\/\/see-infos.de\/index.php?rest_route=\/wp\/v2\/posts\/701\/revisions"}],"wp:featuredmedia":[{"embeddable":true,"href":"http:\/\/see-infos.de\/index.php?rest_route=\/wp\/v2\/media\/14082"}],"wp:attachment":[{"href":"http:\/\/see-infos.de\/index.php?rest_route=%2Fwp%2Fv2%2Fmedia&parent=701"}],"wp:term":[{"taxonomy":"category","embeddable":true,"href":"http:\/\/see-infos.de\/index.php?rest_route=%2Fwp%2Fv2%2Fcategories&post=701"},{"taxonomy":"post_tag","embeddable":true,"href":"http:\/\/see-infos.de\/index.php?rest_route=%2Fwp%2Fv2%2Ftags&post=701"}],"curies":[{"name":"wp","href":"https:\/\/api.w.org\/{rel}","templated":true}]}}