{"id":6941,"date":"2015-12-15T13:26:42","date_gmt":"2015-12-15T12:26:42","guid":{"rendered":"http:\/\/www.see-infos.de\/?p=6941"},"modified":"2022-08-10T08:44:28","modified_gmt":"2022-08-10T06:44:28","slug":"mo-catering-seit-15-jahren-qualitaet-im-eventservice","status":"publish","type":"post","link":"http:\/\/see-infos.de\/?p=6941","title":{"rendered":"MO Catering: Seit 15 Jahren Qualit\u00e4t im Eventservice"},"content":{"rendered":"<p><strong>MO Catering verweist auf eineinhalb Jahrzehnte Erfolgsgeschichte  <\/strong><br \/>\nMit perfekt organisierten Caterings, z\u00fcndenden Event- und Dekoideen und best\u00e4ndiger Qualit\u00e4t beherrscht MO Catering &#038; Events seit 15 Jahren die Vorarlberger Cateringbranche.<\/p>\n<p>Mario Marte und Harald Otti die als Team im Jahr 2000 mit der gemeinsamen F\u00fchrung des Restaurants \u201eAmBach\u201c in G\u00f6tzis betraut waren, gr\u00fcndeten aus dieser Zusammenarbeit das Cateringunternehmen \u201eMO Catering &#038; Events\u201c. Rasch erfolgte die Weiterentwicklung vom Gastgeber zum Fullservice-Caterer mit ebenso hohem Qualit\u00e4tsanspruch f\u00fcr private wie Firmenevents, rauschende Partys, Konzerte und renommierte Veranstaltungsreihen.<\/p>\n<p>Das engagierte Profi-Team mit seinen langj\u00e4hrigen Stamm-Mitarbeitern z\u00e4hlt zu den ersten Adressen im Cateringbusiness. Die Entwicklung neuer, erfolgreicher Cateringformate wie das Fingerfood statt Br\u00f6tchen, Front Cooking oder Flying Dinner wurde l\u00e4ngst kopiert. Individuelle Planung, hochstehende Qualit\u00e4t und perfekter Service sind selbstverst\u00e4ndlich \u2013 ob auf engstem Raum in historischen Geb\u00e4uden oder schwimmenden Locations wie der \u201eSonnenk\u00f6nigin\u201c. In den vergangenen 15 Jahren wurden eigene Eventreihen ins Leben gerufen und erfolgreich betrieben sowie mit interessanten Kooperationen au\u00dfergew\u00f6hnliche Orte (Otten GRAVOUR, MS Sonnenk\u00f6nigin, Villa Raczynski in Bregenz, Nordwesthaus im Rohnerhafen, L\u00f6wensaal, Sulzersaal u.a.) bespielt.<\/p>\n<div id=\"attachment_6942\" style=\"width: 610px\" class=\"wp-caption alignleft\"><img aria-describedby=\"caption-attachment-6942\" loading=\"lazy\" src=\"http:\/\/www.schechler.com\/see-infos\/wp-content\/uploads\/2015\/04\/Sonnenkoenigin_07-2012.jpg\" alt=\"MO Catering bei der &quot;White night&quot; auf der MS Sonnenk\u00f6nigin\" width=\"600\" height=\"400\" class=\"size-full wp-image-6942\" srcset=\"http:\/\/see-infos.de\/wp-content\/uploads\/2015\/04\/Sonnenkoenigin_07-2012.jpg 600w, http:\/\/see-infos.de\/wp-content\/uploads\/2015\/04\/Sonnenkoenigin_07-2012-300x200.jpg 300w\" sizes=\"(max-width: 600px) 100vw, 600px\" \/><p id=\"caption-attachment-6942\" class=\"wp-caption-text\">MO Catering bei der &#8222;White night&#8220; auf der MS Sonnenk\u00f6nigin<\/p><\/div>\n<p><strong>Erfolgreiche Crew<\/strong><br \/>\nDer Firmensitz befindet sich im Hohenemser Wirtschaftspark otten real. Eine langj\u00e4hrige Stammmannschaft garantiert die exzellente Qualit\u00e4t und kompetenten Ansprechpartner. Harald Otti: \u201eUnsere Unternehmensphilosophie sieht die individuellen W\u00fcnsche des Kunden an erster Stelle sieht. Dies erzielen wir mit intensivem Teamwork\u201c. Von der Firmenzentrale Hohenems aus werden j\u00e4hrlich \u00fcber 600 einzigartige Caterings in der ganzen Region \u2013 bis in die benachbarte Schweiz &#8211; umgesetzt. <\/p>\n<p><strong>Team Agentur als Erg\u00e4nzung<\/strong><br \/>\nHarald Otti selbst bringt sich seit kurzem als Gesch\u00e4ftsf\u00fchrer der TEAM AGENTUR noch st\u00e4rker im Model-Eventbereich ein. Weitere Synergien im Bereich Catering und Event sollen dabei nun m\u00f6glich sein. \u201eSich st\u00e4ndig weiterzuentwickeln und nicht stehenzubleiben\u201c geh\u00f6rt zu den Grundprinzipien des Gesch\u00e4ftsf\u00fchrers. Mario Marte bleibt dabei ganz seinen Wurzeln \u2013 der Kreation hochwertiger Speisen, Men\u00fcfolgen und Fingerfood-Ideen \u2013 treu. <\/p>\n<p>MO Catering GmbH, Schwefelbadstra\u00dfe 2, 6845 Hohenems, 0043 (0)5576\/ 74909-0, <a href=\"http:\/\/www.mo-catering.com\" target=\"_blank\" rel=\"noopener noreferrer\">www.mo-catering.com<\/a>, office@mo-catering.com<\/p>\n<div class=\"twoclick_social_bookmarks_post_6941 social_share_privacy clearfix 1.6.4 locale-de_DE sprite-de_DE\"><\/div><div class=\"twoclick-js\"><script type=\"text\/javascript\">\/* <![CDATA[ *\/\njQuery(document).ready(function($){if($('.twoclick_social_bookmarks_post_6941')){$('.twoclick_social_bookmarks_post_6941').socialSharePrivacy({\"services\":{\"twitter\":{\"reply_to\":\"\",\"tweet_text\":\"%20MO%20Catering%3A%20Seit%2015%20Jahren%20Qualit%C3%A4t%20im%20Eventservice%20%C2%BB%20See-Infos.de%20...\",\"status\":\"on\",\"txt_info\":\"2 Klicks f\\u00fcr mehr Datenschutz: Erst wenn Sie hier klicken, wird der Button aktiv und Sie k\\u00f6nnen Ihre Empfehlung an Twitter senden. Schon beim Aktivieren werden Daten an Dritte \\u00fcbertragen - siehe <em>i<\\\/em>.\",\"perma_option\":\"off\",\"language\":\"de\",\"referrer_track\":\"\"},\"gplus\":{\"status\":\"on\",\"txt_info\":\"2 Klicks f\\u00fcr mehr Datenschutz: Erst wenn Sie hier klicken, wird der Button aktiv und Sie k\\u00f6nnen Ihre Empfehlung an Google+ senden. Schon beim Aktivieren werden Daten an Dritte \\u00fcbertragen - siehe <em>i<\\\/em>.\",\"perma_option\":\"off\",\"referrer_track\":\"\"},\"xing\":{\"status\":\"on\",\"txt_info\":\"2 Klicks f\\u00fcr mehr Datenschutz: Erst wenn Sie hier klicken, wird der Button aktiv und Sie k\\u00f6nnen Ihre Empfehlung an Xing senden. Schon beim Aktivieren werden Daten an Dritte \\u00fcbertragen - siehe <em>i<\\\/em>.\",\"perma_option\":\"off\",\"language\":\"de\",\"referrer_track\":\"\"},\"pinterest\":{\"status\":\"on\",\"the_excerpt\":\"MO Catering: Seit 15 Jahren Qualit\\u00e4t im Eventservice\",\"txt_info\":\"2 Klicks f\\u00fcr mehr Datenschutz: Erst wenn Sie hier klicken, wird der Button aktiv und Sie k\\u00f6nnen Ihre Empfehlung an Pinterest senden. Schon beim Aktivieren werden Daten an Dritte \\u00fcbertragen - siehe <em>i<\\\/em>.\",\"perma_option\":\"off\",\"media\":\"http:\\\/\\\/see-infos.de\\\/wp-content\\\/uploads\\\/2015\\\/04\\\/Sonnenkoenigin_07-2012.jpg\"},\"linkedin\":{\"status\":\"on\",\"txt_info\":\"2 Klicks f\\u00fcr mehr Datenschutz: Erst wenn Sie hier klicken, wird der Button aktiv und Sie k\\u00f6nnen Ihre Empfehlung an LinkedIn senden. Schon beim Aktivieren werden Daten an Dritte \\u00fcbertragen - siehe <em>i<\\\/em>.\",\"perma_option\":\"off\"}},\"txt_help\":\"Wenn Sie diese Felder durch einen Klick aktivieren, werden Informationen an Facebook, Twitter, Flattr, Xing, t3n, LinkedIn, Pinterest oder Google eventuell ins Ausland \\u00fcbertragen und unter Umst\\u00e4nden auch dort gespeichert. N\\u00e4heres erfahren Sie durch einen Klick auf das <em>i<\\\/em>.\",\"settings_perma\":\"Dauerhaft aktivieren und Daten\\u00fcber-tragung zustimmen:\",\"info_link\":\"http:\\\/\\\/www.heise.de\\\/ct\\\/artikel\\\/2-Klicks-fuer-mehr-Datenschutz-1333879.html\",\"uri\":\"http:\\\/\\\/see-infos.de\\\/?p=6941\",\"post_id\":6941,\"post_title_referrer_track\":\"MO+Catering%3A+Seit+15+Jahren+Qualit%C3%A4t+im+Eventservice\",\"display_infobox\":\"on\"});}});\n\/* ]]> *\/<\/script><\/div>","protected":false},"excerpt":{"rendered":"<p>MO Catering verweist auf eineinhalb Jahrzehnte Erfolgsgeschichte Mit perfekt organisierten Caterings, z\u00fcndenden Event- und Dekoideen und best\u00e4ndiger Qualit\u00e4t beherrscht MO Catering &#038; Events seit 15 Jahren die Vorarlberger Cateringbranche. Mario Marte und Harald Otti die als Team im Jahr 2000 mit der gemeinsamen F\u00fchrung des Restaurants \u201eAmBach\u201c in G\u00f6tzis betraut waren, gr\u00fcndeten aus dieser Zusammenarbeit [&hellip;]<\/p>\n","protected":false},"author":1,"featured_media":6942,"comment_status":"closed","ping_status":"closed","sticky":false,"template":"","format":"standard","meta":[],"categories":[1,116],"tags":[30,43],"_links":{"self":[{"href":"http:\/\/see-infos.de\/index.php?rest_route=\/wp\/v2\/posts\/6941"}],"collection":[{"href":"http:\/\/see-infos.de\/index.php?rest_route=\/wp\/v2\/posts"}],"about":[{"href":"http:\/\/see-infos.de\/index.php?rest_route=\/wp\/v2\/types\/post"}],"author":[{"embeddable":true,"href":"http:\/\/see-infos.de\/index.php?rest_route=\/wp\/v2\/users\/1"}],"replies":[{"embeddable":true,"href":"http:\/\/see-infos.de\/index.php?rest_route=%2Fwp%2Fv2%2Fcomments&post=6941"}],"version-history":[{"count":0,"href":"http:\/\/see-infos.de\/index.php?rest_route=\/wp\/v2\/posts\/6941\/revisions"}],"wp:featuredmedia":[{"embeddable":true,"href":"http:\/\/see-infos.de\/index.php?rest_route=\/wp\/v2\/media\/6942"}],"wp:attachment":[{"href":"http:\/\/see-infos.de\/index.php?rest_route=%2Fwp%2Fv2%2Fmedia&parent=6941"}],"wp:term":[{"taxonomy":"category","embeddable":true,"href":"http:\/\/see-infos.de\/index.php?rest_route=%2Fwp%2Fv2%2Fcategories&post=6941"},{"taxonomy":"post_tag","embeddable":true,"href":"http:\/\/see-infos.de\/index.php?rest_route=%2Fwp%2Fv2%2Ftags&post=6941"}],"curies":[{"name":"wp","href":"https:\/\/api.w.org\/{rel}","templated":true}]}}