{"id":6865,"date":"2017-12-04T16:14:52","date_gmt":"2017-12-04T15:14:52","guid":{"rendered":"http:\/\/www.see-infos.de\/?p=6865"},"modified":"2022-08-10T09:12:41","modified_gmt":"2022-08-10T07:12:41","slug":"les-jardins-du-lac-de-constance-racontent-leur-histoire-franz","status":"publish","type":"post","link":"http:\/\/see-infos.de\/?p=6865","title":{"rendered":"Les jardins du lac de Constance racontent leur histoire (Franz.)"},"content":{"rendered":"<p><strong>Le r\u00e9seau \u00abLes jardins autour du lac de Constance \u2013 un voyage dans le temps\u00bb donne envie de d\u00e9couvrir des oasis vertes<br \/>\nLes jardins du lac de Constance racontent leur histoire<\/strong><\/p>\n<p>Le climat doux de la r\u00e9gion du lac de Constance a toujours \u00e9t\u00e9 un avantage pour les jardiniers. C&#8217;est au beau milieu de ce paysage rythm\u00e9 par le bleu du lac et le vert des berges que sont n\u00e9s tout au long des si\u00e8cles des parcs \u00e0 la vue magnifique et des jardins bichonn\u00e9s avec amour. Le r\u00e9seau \u00ab Jardins du lac de Constance &#8211; un voyage \u00e0 travers le temps \u00bb invite depuis l&#8217;ann\u00e9e derni\u00e8re \u00e0 la d\u00e9couverte des plus beaux jardins tout autour du lac et de la passionnante histoire horticole de la r\u00e9gion. Cette soci\u00e9t\u00e9 verte grandit en permanence. \u00c0 partir 2015, de nouveaux sites seront \u00e9galement de la partie : les villas et les superbes parcs de Lindau, le sentier historique des jardins \u00e0 \u00dcberlingen, le jardin suisse des plantes m\u00e9dicinales d&#8217;Alfred Vogel ainsi que le parc du ch\u00e2teau Wartegg \u00e0 Rorschacherberg. Toute l&#8217;histoire de l&#8217;horticulture europ\u00e9enne se r\u00e9v\u00e8le autour du lac de Constance. De l&#8217;\u00e2ge de la pierre au XIXe si\u00e8cle et jusqu&#8217;\u00e0 notre \u00e9poque en passant par l&#8217;Antiquit\u00e9 et le Moyen \u00c2ge, le visiteur peut s&#8217;approcher au plus pr\u00e8s de cette histoire. Et tout cela sans devoir franchir de grandes distances. S&#8217;il le d\u00e9sire, il voyage simplement en bateau, en bus ou en train d&#8217;un jardin \u00e0 l&#8217;autre.<\/p>\n<p><strong>Reichenau \u2013 le berceau de l&#8217;art des jardins occidental<\/strong><br \/>\nIl y a presque 1 200 ans, le moine de Reichenau Walafried Strabus a r\u00e9dig\u00e9 un petit trait\u00e9 des plantes: \u00abHortulus (Le Jardinet) ou De la culture des jardins\u00bb, qui fut le premier ouvrage de conseils de jardinage d&#8217;Europe. Gr\u00e2ce aux 24 vers qui se rapportent au m\u00eame nombre de plantes, l&#8217;\u00eele de Reichenau, inscrite au patrimoine mondial de l&#8217;UNESCO, peut \u00eatre consid\u00e9r\u00e9e comme le berceau de l&#8217;art des jardins occidental. Un jardin de plantes aromatiques am\u00e9nag\u00e9 selon l&#8217;exemple de l&#8217;\u00abHortulus\u00bb rappelle aujourd&#8217;hui la longue tradition horticole de l&#8217;\u00eele de Reichenau.<\/p>\n<p><strong>Un voyage dans le temps d&#8217;un parc \u00e0 l&#8217;autre<\/strong><br \/>\nMainau est sans doute l&#8217;\u00eele aux fleurs la plus connue au monde. C&#8217;est ici que la famille Bernadotte a cr\u00e9\u00e9 un v\u00e9ritable paradis floral sur 54 hectares faisant partie de la collection historique d&#8217;arbres du XIXe si\u00e8cle. Vers 1840, pour cr\u00e9er le jardin anglais du ch\u00e2teau d&#8217;Arenenberg qui tr\u00f4ne bien haut au-dessus du lac inf\u00e9rieur en Thurgovie, on a fait appel, en la personne du prince P\u00fcckler, \u00e0 une \u00e9toile parmi les architectes paysagistes. D&#8217;ici, la route n&#8217;est pas longue jusqu&#8217;aux jardins de l&#8217;ancienne Chartreuse d&#8217;Ittingen qui offrent une roseraie baroque, des vignobles, un jardin de plantes aromatiques et des jardins monastiques. \u00c0 Frauenfeld et \u00e0 Hemmenhofen, des jardins arch\u00e9obotaniques montrent comment la terre a \u00e9t\u00e9 cultiv\u00e9e d\u00e8s l&#8217;\u00e2ge de la pierre.<\/p>\n<p><strong>De splendides ch\u00e2teaux du c\u00f4t\u00e9 allemand du lac<\/strong><br \/>\nUn jardin inoubliable avec une vue onirique se trouve de l&#8217;autre c\u00f4t\u00e9 du lac, juste \u00e0 quelques encablures. Le parc du nouveau ch\u00e2teau de Meersburg offre, en plus de son architecture horticole baroque, une vue magnifique sur le lac. L&#8217;ancienne abbaye-ch\u00e2teau de Salem se trouve juste \u00e0 quelques pas d&#8217;ici. D\u00e8s l&#8217;entr\u00e9e, un splendide jardin sculpt\u00e9 de style baroque accueille les visiteurs.<\/p>\n<p><strong>Du mil pour les cit\u00e9s lacustres<\/strong><br \/>\nLes restes des cit\u00e9s lacustres de la r\u00e9gion du lac de Constance sont inscrits depuis 2011 au patrimoine mondial de l&#8217;UNESCO. Les jardins arch\u00e9obotaniques de Frauenfeld et Hemmenhofen permettent de comprendre comment les hommes jardinaient \u00e0 l&#8217;\u00e2ge de pierre. Ce n&#8217;est pas moins que l&#8217;histoire des plantes cultiv\u00e9es d&#8217;Europe centrale qui s&#8217;offre ici aux visiteurs. Le millet en branche par exemple que nous ne connaissons plus aujourd&#8217;hui que comme nourriture pour les perruches, le sarrasin, la lentille et la f\u00e8ve des marais, la premi\u00e8re semence de l&#8217;humanit\u00e9, y sont encore plant\u00e9s et cultiv\u00e9s. Dans l&#8217;espace restreint des bords du lac de Constance, on peut ainsi d\u00e9couvrir l&#8217;histoire de l&#8217;horticulture d&#8217;Europe : de l&#8217;\u00e2ge de pierre jusqu&#8217;aux temps modernes en passant par le Moyen-\u00c2ge. 7500 ans d&#8217;horticulture qui rendent une escapade au lac de Constance inoubliable. Et c&#8217;est ainsi que l&#8217;id\u00e9e des \u00ab jardins du lac de Constance \u00bb a litt\u00e9ralement pouss\u00e9 et s&#8217;est \u00e9panouie.<\/p>\n<div id=\"attachment_6866\" style=\"width: 610px\" class=\"wp-caption alignleft\"><img aria-describedby=\"caption-attachment-6866\" loading=\"lazy\" src=\"http:\/\/www.schechler.com\/see-infos\/wp-content\/uploads\/2015\/04\/2014-11_Bodenseegarten_Insel_Mainau_Dahlienbluete_im_September300dpi_15x10cm_Bildnachweis_Bodenseegarten.jpg\" alt=\"Dahlienbl\u00fcte auf der Insel Mainau. Bildnachweis: Bodenseeg\u00e4rten\" width=\"600\" height=\"400\" class=\"size-full wp-image-6866\" srcset=\"http:\/\/see-infos.de\/wp-content\/uploads\/2015\/04\/2014-11_Bodenseegarten_Insel_Mainau_Dahlienbluete_im_September300dpi_15x10cm_Bildnachweis_Bodenseegarten.jpg 600w, http:\/\/see-infos.de\/wp-content\/uploads\/2015\/04\/2014-11_Bodenseegarten_Insel_Mainau_Dahlienbluete_im_September300dpi_15x10cm_Bildnachweis_Bodenseegarten-300x200.jpg 300w\" sizes=\"(max-width: 600px) 100vw, 600px\" \/><p id=\"caption-attachment-6866\" class=\"wp-caption-text\">Mainau est sans doute l&#8217;\u00eele aux fleurs la plus connue au monde. Dahlienbl\u00fcte auf der Insel Mainau. Bildnachweis: Bodenseeg\u00e4rten<\/p><\/div>\n<p><strong>Quatre nouveaut\u00e9s en 2015<\/strong><br \/>\nEn 2015, quatre nouveaux membres ont rejoint le r\u00e9seau : le parc \u00e0 l&#8217;anglaise du ch\u00e2teau Wartegg est un paradis o\u00f9 des cours d&#8217;eau serpentent entre des arbres centenaires et des clairi\u00e8res ombrag\u00e9es. Au c\u0153ur de ce jardin prot\u00e9g\u00e9 con\u00e7u en 1860, des jardiniers bios cultivent des l\u00e9gumes presque oubli\u00e9s, des plantes aromatiques et des fleurs. \u00c0 l\u2019EchinaPoint de Roggwil, tout tourne autour d&#8217;Alfred Vogel, le pionnier de la m\u00e9decine douce, et de sa plante favorite, l&#8217;\u00e9chinac\u00e9e pourpre. Les visiteurs peuvent profiter de l&#8217;\u00e9crin de fleurs pourpres et s&#8217;informer sur le processus de fabrication et sur l&#8217;effet des rem\u00e8des \u00e0 base de plantes. Le sentier historique des jardins d\u2019\u00dcberlingen relie les plus beaux sites verts de la ville, comme par exemple le parc public avec ses plantes exotiques et ses arbres g\u00e9ants majestueux. Tout au long du sentier historique des jardins de Lindau, ce sont 30 parcs et villas magnifiques que l&#8217;on peut explorer \u2013 autant de tr\u00e9sors d&#8217;\u00e9l\u00e9gance situ\u00e9s directement sur les rives bavaroises du lac de Constance.<\/p>\n<p><strong>D\u00e9couvertes individuelles <\/strong><br \/>\nDes excursions pour des voyages horticoles individuels dans le temps \u2013 que ce soit en bateau, \u00e0 v\u00e9lo, en bus ou en train \u2013 seront propos\u00e9es aux visiteurs \u00e0 partir du mois d&#8217;avril 2014. Il existe \u00e9galement un voyage \u00e0 v\u00e9lo \u00e0 prix forfaitaire qui est offert par Radweg-Reisen et peut \u00eatre r\u00e9serv\u00e9 de mani\u00e8re individuelle. Au niveau du lac inf\u00e9rieur, il est possible de suivre en toute autonomie l&#8217;histoire de l&#8217;horticulture sur quatre itin\u00e9raires ne d\u00e9passant pas 30 kilom\u00e8tres. En outre, dans le cadre d\u2019une offre permettant de d\u00e9couvrir l&#8217;\u00eele de Mainau, les amateurs de jardins ont la possibilit\u00e9 d\u2019assumer le r\u00f4le de \u00abjardinier de Mainau\u00bb pendant une journ\u00e9e (ou plus sur demande). Pour les enfants, l&#8217;\u00ab\u00c9cole verte\u00bb (Gr\u00fcne Schule) sur l&#8217;\u00eele de Mainau offre \u00e0 certaines dates un \u00abKids Gardening\u00bb.<\/p>\n<p><strong>Offres vertes pour groupes<\/strong><br \/>\nDiff\u00e9rents tours peuvent \u00eatre r\u00e9serv\u00e9s pour des groupes de plus de 20 personnes chez \u00ab art cities Reisen \u00bb : le tour Moyen-\u00c2ge et le tour Temps modernes des jardins de ch\u00e2teaux et villa. Le voyagiste \u00ab Erlebnis Schweiz \u00bb s&#8217;adresse principalement aux groupes venus de Suisse avec une offre combin\u00e9e pour le ch\u00e2teau et le parc d&#8217;Arenenberg et pour l&#8217;\u00eele de Reichenau. Le tour-operator \u00ab Original Bodensee \u00bb, quant \u00e0 lui, propose une nouveaut\u00e9 cette ann\u00e9e avec les plus beaux jardins du lac de Constance en mai et septembre. De nombreuses exp\u00e9riences inoubliables pourront \u00eatre \u00e9galement r\u00e9serv\u00e9es sans probl\u00e8mes \u00e0 partir de 2015 pour des groupes ou des particuliers.<\/p>\n<p>Vous trouverez des informations sur toutes les offres dans la brochure sur les jardins autour du lac de Constance et sur le site Internet <a href=\"http:\/\/www.bodenseegaerten.eu\" target=\"_blank\" rel=\"noopener noreferrer\">www.bodenseegaerten.eu<\/a>.<\/p>\n<p>Contact: \u00abBodenseeg\u00e4rten\u00bb, Internationale Bodensee Tourismus GmbH,<br \/>\nHafenstr. 6, D-78462 Konstanz, t\u00e9l. +49 7531 90 94 90, info@bodenseegaerten.eu<\/p>\n<div class=\"twoclick_social_bookmarks_post_6865 social_share_privacy clearfix 1.6.4 locale-de_DE sprite-de_DE\"><\/div><div class=\"twoclick-js\"><script type=\"text\/javascript\">\/* <![CDATA[ *\/\njQuery(document).ready(function($){if($('.twoclick_social_bookmarks_post_6865')){$('.twoclick_social_bookmarks_post_6865').socialSharePrivacy({\"services\":{\"twitter\":{\"reply_to\":\"\",\"tweet_text\":\"%20Les%20jardins%20du%20lac%20de%20Constance%20racontent%20leur%20histoire%20%28Franz.%29%20%C2%BB%20...\",\"status\":\"on\",\"txt_info\":\"2 Klicks f\\u00fcr mehr Datenschutz: Erst wenn Sie hier klicken, wird der Button aktiv und Sie k\\u00f6nnen Ihre Empfehlung an Twitter senden. Schon beim Aktivieren werden Daten an Dritte \\u00fcbertragen - siehe <em>i<\\\/em>.\",\"perma_option\":\"off\",\"language\":\"de\",\"referrer_track\":\"\"},\"gplus\":{\"status\":\"on\",\"txt_info\":\"2 Klicks f\\u00fcr mehr Datenschutz: Erst wenn Sie hier klicken, wird der Button aktiv und Sie k\\u00f6nnen Ihre Empfehlung an Google+ senden. Schon beim Aktivieren werden Daten an Dritte \\u00fcbertragen - siehe <em>i<\\\/em>.\",\"perma_option\":\"off\",\"referrer_track\":\"\"},\"xing\":{\"status\":\"on\",\"txt_info\":\"2 Klicks f\\u00fcr mehr Datenschutz: Erst wenn Sie hier klicken, wird der Button aktiv und Sie k\\u00f6nnen Ihre Empfehlung an Xing senden. Schon beim Aktivieren werden Daten an Dritte \\u00fcbertragen - siehe <em>i<\\\/em>.\",\"perma_option\":\"off\",\"language\":\"de\",\"referrer_track\":\"\"},\"pinterest\":{\"status\":\"on\",\"the_excerpt\":\"Les jardins du lac de Constance racontent leur histoire (Franz.)\",\"txt_info\":\"2 Klicks f\\u00fcr mehr Datenschutz: Erst wenn Sie hier klicken, wird der Button aktiv und Sie k\\u00f6nnen Ihre Empfehlung an Pinterest senden. Schon beim Aktivieren werden Daten an Dritte \\u00fcbertragen - siehe <em>i<\\\/em>.\",\"perma_option\":\"off\",\"media\":\"http:\\\/\\\/see-infos.de\\\/wp-content\\\/uploads\\\/2015\\\/04\\\/2014-11_Bodenseegarten_Insel_Mainau_Dahlienbluete_im_September300dpi_15x10cm_Bildnachweis_Bodenseegarten.jpg\"},\"linkedin\":{\"status\":\"on\",\"txt_info\":\"2 Klicks f\\u00fcr mehr Datenschutz: Erst wenn Sie hier klicken, wird der Button aktiv und Sie k\\u00f6nnen Ihre Empfehlung an LinkedIn senden. Schon beim Aktivieren werden Daten an Dritte \\u00fcbertragen - siehe <em>i<\\\/em>.\",\"perma_option\":\"off\"}},\"txt_help\":\"Wenn Sie diese Felder durch einen Klick aktivieren, werden Informationen an Facebook, Twitter, Flattr, Xing, t3n, LinkedIn, Pinterest oder Google eventuell ins Ausland \\u00fcbertragen und unter Umst\\u00e4nden auch dort gespeichert. N\\u00e4heres erfahren Sie durch einen Klick auf das <em>i<\\\/em>.\",\"settings_perma\":\"Dauerhaft aktivieren und Daten\\u00fcber-tragung zustimmen:\",\"info_link\":\"http:\\\/\\\/www.heise.de\\\/ct\\\/artikel\\\/2-Klicks-fuer-mehr-Datenschutz-1333879.html\",\"uri\":\"http:\\\/\\\/see-infos.de\\\/?p=6865\",\"post_id\":6865,\"post_title_referrer_track\":\"Les+jardins+du+lac+de+Constance+racontent+leur+histoire+%28Franz.%29\",\"display_infobox\":\"on\"});}});\n\/* ]]> *\/<\/script><\/div>","protected":false},"excerpt":{"rendered":"<p>Le r\u00e9seau \u00abLes jardins autour du lac de Constance \u2013 un voyage dans le temps\u00bb donne envie de d\u00e9couvrir des oasis vertes Les jardins du lac de Constance racontent leur histoire Le climat doux de la r\u00e9gion du lac de Constance a toujours \u00e9t\u00e9 un avantage pour les jardiniers. C&#8217;est au beau milieu de ce [&hellip;]<\/p>\n","protected":false},"author":1,"featured_media":6866,"comment_status":"closed","ping_status":"closed","sticky":false,"template":"","format":"standard","meta":[],"categories":[1,7],"tags":[115],"_links":{"self":[{"href":"http:\/\/see-infos.de\/index.php?rest_route=\/wp\/v2\/posts\/6865"}],"collection":[{"href":"http:\/\/see-infos.de\/index.php?rest_route=\/wp\/v2\/posts"}],"about":[{"href":"http:\/\/see-infos.de\/index.php?rest_route=\/wp\/v2\/types\/post"}],"author":[{"embeddable":true,"href":"http:\/\/see-infos.de\/index.php?rest_route=\/wp\/v2\/users\/1"}],"replies":[{"embeddable":true,"href":"http:\/\/see-infos.de\/index.php?rest_route=%2Fwp%2Fv2%2Fcomments&post=6865"}],"version-history":[{"count":0,"href":"http:\/\/see-infos.de\/index.php?rest_route=\/wp\/v2\/posts\/6865\/revisions"}],"wp:featuredmedia":[{"embeddable":true,"href":"http:\/\/see-infos.de\/index.php?rest_route=\/wp\/v2\/media\/6866"}],"wp:attachment":[{"href":"http:\/\/see-infos.de\/index.php?rest_route=%2Fwp%2Fv2%2Fmedia&parent=6865"}],"wp:term":[{"taxonomy":"category","embeddable":true,"href":"http:\/\/see-infos.de\/index.php?rest_route=%2Fwp%2Fv2%2Fcategories&post=6865"},{"taxonomy":"post_tag","embeddable":true,"href":"http:\/\/see-infos.de\/index.php?rest_route=%2Fwp%2Fv2%2Ftags&post=6865"}],"curies":[{"name":"wp","href":"https:\/\/api.w.org\/{rel}","templated":true}]}}