{"id":684,"date":"2013-12-12T08:33:13","date_gmt":"2013-12-12T07:33:13","guid":{"rendered":"http:\/\/www.see-infos.de\/?p=684"},"modified":"2022-07-30T11:18:04","modified_gmt":"2022-07-30T09:18:04","slug":"zur-kunstlerecke-des-bodensees","status":"publish","type":"post","link":"http:\/\/see-infos.de\/?p=684","title":{"rendered":"Zur K\u00fcnstlerecke des Bodensees"},"content":{"rendered":"<p>Die Unterseeregion faszinierte schon im 19. und beginnenden 20. Jahrhundert zahlreiche K\u00fcnstler. Mit den Staffeleien zogen sie in die Natur, immer auf der Suche nach der besten Perspektive. Selbst diejenigen, die nicht ganz freiwillig an den westlichen Bodensee kamen, wie der ber\u00fchmte Maler Otto Dix, konnten sich der Sch\u00f6nheit der Landschaft kaum entziehen. Sein Haus in Hemmenhofen wird im Juni als Museum Haus Dix neu er\u00f6ffnet.<\/p>\n<p>\u00dcber ein Jahr lang war das fr\u00fchere Wohn- und Atelierhaus von Otto Dix in Hemmenhofen zur Renovierung geschlossen, am 15. und 16. Juni 2013 wird es der \u00d6ffentlichkeit bei einem Wochenende der offenen T\u00fcr wieder \u00fcbergeben. Neu ist das Konzept: Auf der einen Seite wird das famili\u00e4re Leben des K\u00fcnstlers dargestellt, wof\u00fcr Originalmobiliar zusammengetragen oder rekonstruiert wurde. Au\u00dferdem werden im ersten Obergescho\u00df ausgew\u00e4hlte Gem\u00e4lde und Druckgraphiken zu sehen sein. Sie stammen aus dem Kunstmuseum Stuttgart, das die konzeptionelle Neugestaltung des Hauses \u00fcbernommen hat. Die aufw\u00e4ndige Restaurierung verantwortet der Verein Otto-Dix-Haus-Stiftung e.V.<\/p>\n<p><strong>Inspirationsquelle und Zufluchtsort<\/strong><br \/>\nIm Gegensatz zu vielen K\u00fcnstlerkollegen des endenden 19. Jahrhunderts entdeckte Otto Dix (1891-1969) den Untersee eher zuf\u00e4llig und nicht ganz freiwillig. Er war einer der ersten K\u00fcnstler, der die Repressionen des NS-Regimes zu sp\u00fcren bekam. Bereits 1933 verlor er seine Professur an der Kunstakademie in Dresden. Seine Kunst galt sp\u00e4ter als \u201eentartet\u201c. Nach einer Zwischenstation im Hegau-Ort Randegg baute die Familie Dix sich 1936 ein eigenes Haus in Hemmenhofen hoch am Hang, mit einem traumhaften Blick \u00fcber den See zur nahen Schweiz. Hier verbrachte Dix die Zeit des Krieges in innerer Emigration. Seinem Schaffen tat das Leben fernab der Kunstzentren aber keinen Abbruch. Auch der der Maler Helmuth Macke siedelte sich 1933 in Hemmenhofen an, Erich Heckel kam 1944 nach der Zerst\u00f6rung seiner Berliner Atelierwohnung auf die Halbinsel H\u00f6ri, Curth Georg Becker 1946. Ihre Landschaftsbilder lassen sich durch die eisernen Stelen der Kunstroute neu entdecken, genau wie die vieler Malerkollegen, die fr\u00fcher kamen oder bereits am Untersee geboren wurden. <\/p>\n<p><strong>Ateliers zum Staunen<\/strong><br \/>\nEiner der beharrlichsten war wohl der Thurgauer Maler Adolf Dietrich, der sein Leben lang im idyllischen Berlingen auf der Schweizer Seite des Untersees wohnte. Seine Malstube kann am Wochenende besichtigt werden, genau wie der original erhaltene Garten. Internationale Gegenwartskunst l\u00e4sst sich wiederum in Salenstein nahe dem Napoleonschloss und Park Arenenberg erleben: Die Ateliers \u201eThe View\u201c wurden zum Beispiel unter der Erde in einem fr\u00fcheren Wasserspeicher eingerichtet. Sie zeigen von Juli bis Oktober 2013 Installationen von Yves Netzhammer. <\/p>\n<p><strong>Mit den Augen der K\u00fcnstler<\/strong><br \/>\nWer nun endg\u00fcltig Lust bekommen hat, selbst kreativ zu werden, ist bei einem der zahlreichen Kurse im K\u00fcnstlerwinkel willkommen. Malen l\u00e4sst sich beispielsweise bei Heidi Reubelt in Horn auf der H\u00f6ri, die auch Kurse f\u00fcr Kids anbietet. Immer donnerstags unterrichtet die K\u00fcnstlerin Sabine Herbst auf der Insel Reichenau. In Allensbach finden unter der Leitung von Dolores Augustin Bildhauerkurse in Stein und in Holz statt: Bei gutem Wetter drau\u00dfen in der Natur, direkt am See.<br \/>\nInformationen: Tourismus Untersee, Im Kohlgarten 2, D-78343 Gaienhofen, Tel. +49 (0)7735 91 90 55, Fax +49 (0)7735 91 90 56, info@tourismus-untersee.eu oder im Internet unter <a href=\"http:\/\/www.tourismus-untersee.eu\" target=\"_blank\" rel=\"noopener noreferrer\">www.tourismus-untersee.eu<\/a>.<\/p>\n<p><strong>Tag der offenen T\u00fcr im Museum Haus Dix in Hemmenhofen<\/strong><br \/>\nAm 16. und 17. Juni 2013 ist es endlich so weit: Das fr\u00fchere Otto-Dix-Haus in Hemmenhofen wird wieder er\u00f6ffnet, als \u201eMuseum Haus Dix\u201c unter der Regie des Kunstmuseum Stuttgart. An diesen beiden Tagen sind die T\u00fcren jeweils von 11 bis 18 Uhr ge\u00f6ffnet. Die \u00d6ffnungszeiten ab 19. Juni sind immer Dienstag bis Sonntag, 11 bis 18 Uhr. Der Eintritt f\u00fcr Erwachsene kostet 5 Euro, erm\u00e4\u00dfigt 4 Euro, Kinder und Jugendliche sind mit 2 Euro dabei. Adresse: Museum Haus Dix, Otto-Dix-Weg 6, 78343 Gaienhofen, Tel. +49 711 216 2743, <a href=\"http:\/\/www.museum-haus-dix.de\" target=\"_blank\" rel=\"noopener noreferrer\">www.museum-haus-dix.de<\/a><\/p>\n<p><strong>Kunst f\u00fcr Kids: Zeichen wie D\u00fcrer und Malen wie van Gogh <\/strong><br \/>\n29. Juli bis 1. August 2013<br \/>\nIm Rahmen des Gaienhofener Kinderferienprogramms bietet die K\u00fcnstlerin Heidi Reubelt jeweils von 9-12 Uhr einen Kunstkurs f\u00fcr Kinder an. Infos: <a href=\"http:\/\/www.atelier-heidi-reubelt.de\" target=\"_blank\" rel=\"noopener noreferrer\">www.atelier-heidi-reubelt.de<\/a>. Anmeldung: Kultur- und G\u00e4steb\u00fcro Gaienhofen, Tel. +49 7735 81823, info@gaienhofen.de<\/p>\n<p><strong>Malen auf der Reichenau mit Sabine Herbst<\/strong><br \/>\n25. Juli bis 5. September 2013, immer Donnerstag, 10-13 Uhr<br \/>\nIn inspirierender Umgebung (bei gutem Wetter direkt am See) k\u00f6nnen die Teilnehmer, angeleitet von der K\u00fcnstlerin Sabine Herbst, Landschaften, Natur und Wassermotive aller Art skizzieren und malen. Anmeldung ist nicht erforderlich. Treffpunkt: Tourist-Information Reichenau. Kosten: 25 Euro. <\/p>\n<p><strong>Bildhauerkurse am Seeufer in Allensbach<\/strong><br \/>\n8.-12. Mai und vom 2.-6. Oktober 2013<br \/>\nDirekt am Allensbacher Seeufer arbeiten die Teilnehmer, inspiriert von der grandiosen Landschaft und angeleitet durch die K\u00fcnstlerin Dolores Augustin in Holz und Stein. Infos und Anmeldung: Dolores Augustin, Tel +49 7531 458 229, info@bildhauerkurse-bodensee.de, <a href=\"http:\/\/www.bildhauerkurse-bodensee.de\" target=\"_blank\" rel=\"noopener noreferrer\">www.bildhauerkurse-bodensee.de<\/a><\/p>\n<p><strong>Die Kunstroute mit Stelen rund um den Untersee<\/strong><br \/>\nDort, wo Otto Dix, Adolf Dietrich, Erich Heckel und viele andere einst ihre Staffeleien aufstellten, zeigt heute die grenz\u00fcberschreitende Kunstroute den K\u00fcnstlerblick auf die Landschaft. Wer hinter den eisernen Stelen mit Reproduktionen der Kunstwerke Stellung bezieht, erblickt Bild und Landschaftsmotiv im direkten Vergleich. Eine Brosch\u00fcre informiert \u00fcber die Standorte der Stelen und die K\u00fcnstler. Die Route f\u00fchrt auch an den Ateliers und Wohnh\u00e4usern der K\u00fcnstler vorbei. So etwa gibt das kleine Atelier von Adolf Dietrich in Berlingen Einblick in sein Leben als Maler. Die Brosch\u00fcre kann angefordert werden bei: Tourismus Untersee e.V., Tel. +49 7735 91 90 55, info@tourismus-untersee.eu, <a href=\"http:\/\/www.tourismus-untersee.eu\" target=\"_blank\" rel=\"noopener noreferrer\">www.tourismus-untersee.eu<\/a><\/p>\n<p><strong>Offene Ateliers: The View <\/strong><br \/>\nYves Netzhammer ist der K\u00fcnstler, der die ungew\u00f6hnlichen Ateliers in Salenstein im Thurgau in diesem Sommer bespielt: Vom 7. Juli bis 6. Oktober 2013 ist die Ausstellung \u201eThe View\u201c zu sehen, die jeweils am Samstag und Sonntag von 14 bis 19 Uhr als gef\u00fchrte Tour angeboten wird. Kontakt: The View, Fruthwilerstr. 13, CH-8243 Salenstein, Tel. + 41 71 669 19 93, <a href=\"http:\/\/www.the-view-ch.com\" target=\"_blank\" rel=\"noopener noreferrer\">www.the-view-ch.com <\/a><\/p>\n<div id=\"attachment_685\" style=\"width: 582px\" class=\"wp-caption alignnone\"><a href=\"http:\/\/www.schechler.com\/see-infos\/wp-content\/uploads\/2013\/05\/kunststele_untersee.jpg\"><img aria-describedby=\"caption-attachment-685\" loading=\"lazy\" src=\"http:\/\/www.schechler.com\/see-infos\/wp-content\/uploads\/2013\/05\/kunststele_untersee.jpg\" alt=\"Kunststele am Untersee\" width=\"572\" height=\"536\" class=\"size-full wp-image-685\" srcset=\"http:\/\/see-infos.de\/wp-content\/uploads\/2013\/05\/kunststele_untersee.jpg 572w, http:\/\/see-infos.de\/wp-content\/uploads\/2013\/05\/kunststele_untersee-300x281.jpg 300w\" sizes=\"(max-width: 572px) 100vw, 572px\" \/><\/a><p id=\"caption-attachment-685\" class=\"wp-caption-text\">Kunststele am Untersee<\/p><\/div>\n<div class=\"twoclick_social_bookmarks_post_684 social_share_privacy clearfix 1.6.4 locale-de_DE sprite-de_DE\"><\/div><div class=\"twoclick-js\"><script type=\"text\/javascript\">\/* <![CDATA[ *\/\njQuery(document).ready(function($){if($('.twoclick_social_bookmarks_post_684')){$('.twoclick_social_bookmarks_post_684').socialSharePrivacy({\"services\":{\"twitter\":{\"reply_to\":\"\",\"tweet_text\":\"Zur%20K%C3%BCnstlerecke%20des%20Bodensees%20%C2%BB%20See-Infos.de%20%23Dix%20%23H%C3%B6ri%20%23Untersee\",\"status\":\"on\",\"txt_info\":\"2 Klicks f\\u00fcr mehr Datenschutz: Erst wenn Sie hier klicken, wird der Button aktiv und Sie k\\u00f6nnen Ihre Empfehlung an Twitter senden. Schon beim Aktivieren werden Daten an Dritte \\u00fcbertragen - siehe <em>i<\\\/em>.\",\"perma_option\":\"off\",\"language\":\"de\",\"referrer_track\":\"\"},\"gplus\":{\"status\":\"on\",\"txt_info\":\"2 Klicks f\\u00fcr mehr Datenschutz: Erst wenn Sie hier klicken, wird der Button aktiv und Sie k\\u00f6nnen Ihre Empfehlung an Google+ senden. Schon beim Aktivieren werden Daten an Dritte \\u00fcbertragen - siehe <em>i<\\\/em>.\",\"perma_option\":\"off\",\"referrer_track\":\"\"},\"xing\":{\"status\":\"on\",\"txt_info\":\"2 Klicks f\\u00fcr mehr Datenschutz: Erst wenn Sie hier klicken, wird der Button aktiv und Sie k\\u00f6nnen Ihre Empfehlung an Xing senden. Schon beim Aktivieren werden Daten an Dritte \\u00fcbertragen - siehe <em>i<\\\/em>.\",\"perma_option\":\"off\",\"language\":\"de\",\"referrer_track\":\"\"},\"pinterest\":{\"status\":\"on\",\"the_excerpt\":\"Zur K\\u00fcnstlerecke des Bodensees\",\"txt_info\":\"2 Klicks f\\u00fcr mehr Datenschutz: Erst wenn Sie hier klicken, wird der Button aktiv und Sie k\\u00f6nnen Ihre Empfehlung an Pinterest senden. Schon beim Aktivieren werden Daten an Dritte \\u00fcbertragen - siehe <em>i<\\\/em>.\",\"perma_option\":\"off\",\"media\":\"http:\\\/\\\/see-infos.de\\\/wp-content\\\/uploads\\\/2013\\\/05\\\/kunststele_untersee.jpg\"},\"linkedin\":{\"status\":\"on\",\"txt_info\":\"2 Klicks f\\u00fcr mehr Datenschutz: Erst wenn Sie hier klicken, wird der Button aktiv und Sie k\\u00f6nnen Ihre Empfehlung an LinkedIn senden. Schon beim Aktivieren werden Daten an Dritte \\u00fcbertragen - siehe <em>i<\\\/em>.\",\"perma_option\":\"off\"}},\"txt_help\":\"Wenn Sie diese Felder durch einen Klick aktivieren, werden Informationen an Facebook, Twitter, Flattr, Xing, t3n, LinkedIn, Pinterest oder Google eventuell ins Ausland \\u00fcbertragen und unter Umst\\u00e4nden auch dort gespeichert. N\\u00e4heres erfahren Sie durch einen Klick auf das <em>i<\\\/em>.\",\"settings_perma\":\"Dauerhaft aktivieren und Daten\\u00fcber-tragung zustimmen:\",\"info_link\":\"http:\\\/\\\/www.heise.de\\\/ct\\\/artikel\\\/2-Klicks-fuer-mehr-Datenschutz-1333879.html\",\"uri\":\"http:\\\/\\\/see-infos.de\\\/?p=684\",\"post_id\":684,\"post_title_referrer_track\":\"Zur+K%C3%BCnstlerecke+des+Bodensees\",\"display_infobox\":\"on\"});}});\n\/* ]]> *\/<\/script><\/div>","protected":false},"excerpt":{"rendered":"<p>Die Unterseeregion faszinierte schon im 19. und beginnenden 20. Jahrhundert zahlreiche K\u00fcnstler. Mit den Staffeleien zogen sie in die Natur, immer auf der Suche nach der besten Perspektive. Selbst diejenigen, die nicht ganz freiwillig an den westlichen Bodensee kamen, wie der ber\u00fchmte Maler Otto Dix, konnten sich der Sch\u00f6nheit der Landschaft kaum entziehen. Sein Haus [&hellip;]<\/p>\n","protected":false},"author":1,"featured_media":685,"comment_status":"open","ping_status":"open","sticky":false,"template":"","format":"standard","meta":[],"categories":[1],"tags":[47,34,12],"_links":{"self":[{"href":"http:\/\/see-infos.de\/index.php?rest_route=\/wp\/v2\/posts\/684"}],"collection":[{"href":"http:\/\/see-infos.de\/index.php?rest_route=\/wp\/v2\/posts"}],"about":[{"href":"http:\/\/see-infos.de\/index.php?rest_route=\/wp\/v2\/types\/post"}],"author":[{"embeddable":true,"href":"http:\/\/see-infos.de\/index.php?rest_route=\/wp\/v2\/users\/1"}],"replies":[{"embeddable":true,"href":"http:\/\/see-infos.de\/index.php?rest_route=%2Fwp%2Fv2%2Fcomments&post=684"}],"version-history":[{"count":0,"href":"http:\/\/see-infos.de\/index.php?rest_route=\/wp\/v2\/posts\/684\/revisions"}],"wp:featuredmedia":[{"embeddable":true,"href":"http:\/\/see-infos.de\/index.php?rest_route=\/wp\/v2\/media\/685"}],"wp:attachment":[{"href":"http:\/\/see-infos.de\/index.php?rest_route=%2Fwp%2Fv2%2Fmedia&parent=684"}],"wp:term":[{"taxonomy":"category","embeddable":true,"href":"http:\/\/see-infos.de\/index.php?rest_route=%2Fwp%2Fv2%2Fcategories&post=684"},{"taxonomy":"post_tag","embeddable":true,"href":"http:\/\/see-infos.de\/index.php?rest_route=%2Fwp%2Fv2%2Ftags&post=684"}],"curies":[{"name":"wp","href":"https:\/\/api.w.org\/{rel}","templated":true}]}}