{"id":6653,"date":"2015-12-24T07:16:35","date_gmt":"2015-12-24T06:16:35","guid":{"rendered":"http:\/\/www.see-infos.de\/?p=6653"},"modified":"2022-08-10T08:43:28","modified_gmt":"2022-08-10T06:43:28","slug":"verein-hoeri-buelle-e-v-gegruendet","status":"publish","type":"post","link":"http:\/\/see-infos.de\/?p=6653","title":{"rendered":"Verein \u201eH\u00f6ri B\u00fclle e.V.\u201c  gegr\u00fcndet"},"content":{"rendered":"<p><strong>Der neue Verein \u201eH\u00f6ri B\u00fclle e.V.\u201c \u00fcbernimmt wichtige Aufgaben auf der H\u00f6ri<\/strong><br \/>\nNachdem die Eintragung der \u201eH\u00f6ri B\u00fclle\u201c im Herbst 2014 offiziell als EU-gesch\u00fctzte Spezialit\u00e4t in Stuttgart gefeiert wurde, hat sich nun ein Verein \u201eH\u00f6ri B\u00fclle\u201c in Moos gegr\u00fcndet. Gleich auf Anhieb haben sich 25 Mitglieder aus den unterschiedlichen Bereichen Erzeugung, Verarbeitung, Gastronomie zusammengefunden, um ein Netzwerk rund um die \u201eH\u00f6ri B\u00fclle\u201c aufzubauen. Von der ersten Stunde an dabei, waren auch wichtige Unterst\u00fctzer, wie die Gemeinde Moos und Slow Food Bodensee, die den ganzen Prozess bis zur Eintragung stark unterst\u00fctzt haben. B\u00fcrgermeister Peter Kessler freute sich nicht nur \u00fcber die sehr gute Resonanz bei der Gr\u00fcn-dung des Vereins, sondern hob auch hervor, dass f\u00f6rdernde Mitglieder die Aktivit\u00e4ten und Ziele des Vereins in Zukunft unterst\u00fctzen k\u00f6nnen. Der Verein verfolgt ausschlie\u00dflich gemeinn\u00fctzige Ziele.<\/p>\n<p>Der Verein hat sich zur Aufgabe gesetzt, die Erhaltung der historischen Kultursorte \u201eH\u00f6ri B\u00fclle\u201c auf der Halbinsel zu f\u00f6rdern. Dabei \u00fcbernimmt der Verein zwei wichtige Funktionen: zum Einen organisiert er die B\u00fcndlerkontrolle f\u00fcr seine aktiven Mitglieder; denn eine externe Kontrolle \u00fcberpr\u00fcft regelm\u00e4\u00dfig jedes Jahr die Einhaltung der besonderen Qualit\u00e4tsanforderungen auf der Grundlage der Spezifikation, zum Anderen versucht er durch eine intensive \u00d6ffentlichkeitsarbeit das Bewu\u00dftsein f\u00fcr die typische rote Zwiebel von der Bodensee-Halbinsel H\u00f6ri bei der \u00d6ffentlichkeit zu st\u00e4rken. Sie ist auch j\u00fcngst f\u00fcr das zarte Aroma und die milde, nicht aufdring-liche Sch\u00e4rfe als kulinarische Botschafterin im \u201eGenie\u00dferland\u201c Baden-W\u00fcrttemberg ausge-zeichnet worden.<\/p>\n<p>Vom Erhalt der alten regionalen Kultursorte \u201eH\u00f6ri B\u00fclle\u201c profitieren alle. Sie repr\u00e4sentiert die Vielfalt der regionalen K\u00fcche und tr\u00e4gt zum Erhalt der Artenvielfalt bei. Sie schafft auch Identit\u00e4t mit der Region und ist dadurch auch ein touristisch bedeutsamer Botschafter. Die \u201eH\u00f6ri B\u00fclle\u201c hat mit dem Schutzantrag erreicht, ein wichtiges kulinarisches Kulturgut zu erhalten. Mit dem EU-G\u00fctezeichen \u2013 \u201egesch\u00fctzte geografische Angabe\u201c (g.g.A.) \u2013 f\u00f6rdert die Europ\u00e4ische Kommission die Vielfalt der landwirtschaftlichen Produktion, sch\u00fctzt die Pro-duktbezeichnungen gegen Missbrauch und Nachahmung und erm\u00f6glicht die Information der Verbraucherinnen und Verbraucher \u00fcber die besonderen Merkmale der Erzeugnisse.<\/p>\n<p>Der neue Verein freut sich nun auf noch viele weitere aktive Mitglieder und Unterst\u00fctzer. Weitere Informationen erhalten Sie bei:<br \/>\nLandkreis Konstanz, Stabsstelle Regionalentwicklung<br \/>\nMichael Baldenhofer<br \/>\nWintersp\u00fcrer Str. 25,<br \/>\n78333 Stockach<br \/>\nTel.: 07531 \/ 800-2957<br \/>\nFax: 07531 \/ 800-2903<br \/>\nEmail: michael.baldenhofer@LRAKN.de<\/p>\n<div id=\"attachment_6654\" style=\"width: 610px\" class=\"wp-caption alignleft\"><img aria-describedby=\"caption-attachment-6654\" loading=\"lazy\" src=\"http:\/\/www.schechler.com\/see-infos\/wp-content\/uploads\/2015\/03\/Vorstand1.jpg\" alt=\"Der gew\u00e4hlte Vorstand im Verein H\u00f6ri B\u00fclle e.V. Bildnachweis: Michael Baldenhofer, Landratsamt Konstanz, Stabsstelle f\u00fcr Regionalentwicklung\" width=\"600\" height=\"519\" class=\"size-full wp-image-6654\" srcset=\"http:\/\/see-infos.de\/wp-content\/uploads\/2015\/03\/Vorstand1.jpg 600w, http:\/\/see-infos.de\/wp-content\/uploads\/2015\/03\/Vorstand1-300x260.jpg 300w\" sizes=\"(max-width: 600px) 100vw, 600px\" \/><p id=\"caption-attachment-6654\" class=\"wp-caption-text\">Der gew\u00e4hlte Vorstand im Verein H\u00f6ri B\u00fclle e.V. Bildnachweis: Michael Baldenhofer, Landratsamt Konstanz, Stabsstelle f\u00fcr Regionalentwicklung<\/p><\/div>\n<p>Der gew\u00e4hlte Vorstand im Verein H\u00f6ri B\u00fclle e.V. v.l.n.r<br \/>\n1.\tHeinolf Kielkopf, Slow Food Bodensee (Schriftf\u00fchrer)<br \/>\n2.\tNorbert Matt, Landwirt aus Radolfzell (2. Vorsitzender)<br \/>\n3.\tJ\u00fcrgen Graf, Gemeinde Moos (Kassierer)<br \/>\n4.\tHubert Neidhart, Gr\u00fcner Baum in Moos (Beisitzer)<br \/>\n5.\tAndrea F\u00fcrst, G\u00e4rtnerin aus Moos (1. Vorsitzende)<br \/>\n6.\tMarkus Bruderhofer, Delikat essen in Gottmadingen (Beisitzer)<br \/>\n7.\tDiana Maier, G\u00e4rtnerin aus Moos (Beisitzerin)<\/p>\n<div class=\"twoclick_social_bookmarks_post_6653 social_share_privacy clearfix 1.6.4 locale-de_DE sprite-de_DE\"><\/div><div class=\"twoclick-js\"><script type=\"text\/javascript\">\/* <![CDATA[ *\/\njQuery(document).ready(function($){if($('.twoclick_social_bookmarks_post_6653')){$('.twoclick_social_bookmarks_post_6653').socialSharePrivacy({\"services\":{\"twitter\":{\"reply_to\":\"\",\"tweet_text\":\"Verein%20%E2%80%9EH%C3%B6ri%20B%C3%BClle%20e.V.%E2%80%9C%20%20gegr%C3%BCndet%20%C2%BB%20See-Infos.de\",\"status\":\"on\",\"txt_info\":\"2 Klicks f\\u00fcr mehr Datenschutz: Erst wenn Sie hier klicken, wird der Button aktiv und Sie k\\u00f6nnen Ihre Empfehlung an Twitter senden. Schon beim Aktivieren werden Daten an Dritte \\u00fcbertragen - siehe <em>i<\\\/em>.\",\"perma_option\":\"off\",\"language\":\"de\",\"referrer_track\":\"\"},\"gplus\":{\"status\":\"on\",\"txt_info\":\"2 Klicks f\\u00fcr mehr Datenschutz: Erst wenn Sie hier klicken, wird der Button aktiv und Sie k\\u00f6nnen Ihre Empfehlung an Google+ senden. Schon beim Aktivieren werden Daten an Dritte \\u00fcbertragen - siehe <em>i<\\\/em>.\",\"perma_option\":\"off\",\"referrer_track\":\"\"},\"xing\":{\"status\":\"on\",\"txt_info\":\"2 Klicks f\\u00fcr mehr Datenschutz: Erst wenn Sie hier klicken, wird der Button aktiv und Sie k\\u00f6nnen Ihre Empfehlung an Xing senden. Schon beim Aktivieren werden Daten an Dritte \\u00fcbertragen - siehe <em>i<\\\/em>.\",\"perma_option\":\"off\",\"language\":\"de\",\"referrer_track\":\"\"},\"pinterest\":{\"status\":\"on\",\"the_excerpt\":\"Verein \\u201eH\\u00f6ri B\\u00fclle e.V.\\u201c  gegr\\u00fcndet\",\"txt_info\":\"2 Klicks f\\u00fcr mehr Datenschutz: Erst wenn Sie hier klicken, wird der Button aktiv und Sie k\\u00f6nnen Ihre Empfehlung an Pinterest senden. Schon beim Aktivieren werden Daten an Dritte \\u00fcbertragen - siehe <em>i<\\\/em>.\",\"perma_option\":\"off\",\"media\":\"http:\\\/\\\/see-infos.de\\\/wp-content\\\/uploads\\\/2015\\\/03\\\/Vorstand1.jpg\"},\"linkedin\":{\"status\":\"on\",\"txt_info\":\"2 Klicks f\\u00fcr mehr Datenschutz: Erst wenn Sie hier klicken, wird der Button aktiv und Sie k\\u00f6nnen Ihre Empfehlung an LinkedIn senden. Schon beim Aktivieren werden Daten an Dritte \\u00fcbertragen - siehe <em>i<\\\/em>.\",\"perma_option\":\"off\"}},\"txt_help\":\"Wenn Sie diese Felder durch einen Klick aktivieren, werden Informationen an Facebook, Twitter, Flattr, Xing, t3n, LinkedIn, Pinterest oder Google eventuell ins Ausland \\u00fcbertragen und unter Umst\\u00e4nden auch dort gespeichert. N\\u00e4heres erfahren Sie durch einen Klick auf das <em>i<\\\/em>.\",\"settings_perma\":\"Dauerhaft aktivieren und Daten\\u00fcber-tragung zustimmen:\",\"info_link\":\"http:\\\/\\\/www.heise.de\\\/ct\\\/artikel\\\/2-Klicks-fuer-mehr-Datenschutz-1333879.html\",\"uri\":\"http:\\\/\\\/see-infos.de\\\/?p=6653\",\"post_id\":6653,\"post_title_referrer_track\":\"Verein+%E2%80%9EH%C3%B6ri+B%C3%BClle+e.V.%E2%80%9C++gegr%C3%BCndet\",\"display_infobox\":\"on\"});}});\n\/* ]]> *\/<\/script><\/div>","protected":false},"excerpt":{"rendered":"<p>Der neue Verein \u201eH\u00f6ri B\u00fclle e.V.\u201c \u00fcbernimmt wichtige Aufgaben auf der H\u00f6ri Nachdem die Eintragung der \u201eH\u00f6ri B\u00fclle\u201c im Herbst 2014 offiziell als EU-gesch\u00fctzte Spezialit\u00e4t in Stuttgart gefeiert wurde, hat sich nun ein Verein \u201eH\u00f6ri B\u00fclle\u201c in Moos gegr\u00fcndet. Gleich auf Anhieb haben sich 25 Mitglieder aus den unterschiedlichen Bereichen Erzeugung, Verarbeitung, Gastronomie zusammengefunden, um [&hellip;]<\/p>\n","protected":false},"author":1,"featured_media":6654,"comment_status":"open","ping_status":"open","sticky":false,"template":"","format":"standard","meta":[],"categories":[1,116],"tags":[],"_links":{"self":[{"href":"http:\/\/see-infos.de\/index.php?rest_route=\/wp\/v2\/posts\/6653"}],"collection":[{"href":"http:\/\/see-infos.de\/index.php?rest_route=\/wp\/v2\/posts"}],"about":[{"href":"http:\/\/see-infos.de\/index.php?rest_route=\/wp\/v2\/types\/post"}],"author":[{"embeddable":true,"href":"http:\/\/see-infos.de\/index.php?rest_route=\/wp\/v2\/users\/1"}],"replies":[{"embeddable":true,"href":"http:\/\/see-infos.de\/index.php?rest_route=%2Fwp%2Fv2%2Fcomments&post=6653"}],"version-history":[{"count":0,"href":"http:\/\/see-infos.de\/index.php?rest_route=\/wp\/v2\/posts\/6653\/revisions"}],"wp:featuredmedia":[{"embeddable":true,"href":"http:\/\/see-infos.de\/index.php?rest_route=\/wp\/v2\/media\/6654"}],"wp:attachment":[{"href":"http:\/\/see-infos.de\/index.php?rest_route=%2Fwp%2Fv2%2Fmedia&parent=6653"}],"wp:term":[{"taxonomy":"category","embeddable":true,"href":"http:\/\/see-infos.de\/index.php?rest_route=%2Fwp%2Fv2%2Fcategories&post=6653"},{"taxonomy":"post_tag","embeddable":true,"href":"http:\/\/see-infos.de\/index.php?rest_route=%2Fwp%2Fv2%2Ftags&post=6653"}],"curies":[{"name":"wp","href":"https:\/\/api.w.org\/{rel}","templated":true}]}}