{"id":6371,"date":"2015-12-13T18:47:43","date_gmt":"2015-12-13T17:47:43","guid":{"rendered":"http:\/\/www.see-infos.de\/?p=6371"},"modified":"2022-08-10T08:42:53","modified_gmt":"2022-08-10T06:42:53","slug":"altdorfer-fasnet-freitag-schloesslesturm-der-schloesslenarren","status":"publish","type":"post","link":"http:\/\/see-infos.de\/?p=6371","title":{"rendered":"Altdorfer Fasnet, Freitag: Schl\u00f6sslesturm der Schl\u00f6sslenarren"},"content":{"rendered":"<p><strong>Am letzten Tag unserer Rundreise in Oberschwaben lernen wir die Pl\u00e4tzlerzunft in Weingarten kennen, sind beim Schl\u00f6sslessturm der Schl\u00f6sslenarren dabei und finden erste Vorbereitungen zum Stadtjubil\u00e4um &#8222;150 Jahre Stadt Weingarten&#8220;. <\/strong><\/p>\n<p>Der erste Weg f\u00fchrt uns zum Fasnetsmuseum der Pl\u00e4tzlerzunft Altdorf-Weingarten. Altdorf hie\u00df Weingarten bis vor 150 Jahren. Die Exponate, Figuren und Br\u00e4uche in der Dauerausstellung erkl\u00e4rt uns anschaulich und engagiert Andreas Reutter, Mitglied und Archivar der Pl\u00e4tzlerzunft, sowie Mitinitiator der Sonderausstellung im Schl\u00f6ssle.<\/p>\n<p><strong>Geschichte \u00fcber den Beginn des Fasnetbrauchs in Altdorf-Weingarten<\/strong><br \/>\nWenn man der n\u00e4rrischen \u00dcberlieferung Glauben schenkt, lassen sich die Urspr\u00fcnge der Altdorfer Fasnet bis in das Jahr 1348 zur\u00fcckverfolgen. Einem Brief des Kreuzwirtes H\u00e4nsler aus dem Jahr 1870 zu Folge, tanzten damals die B\u00fcrger Altdorfs aus Freude \u00fcber die \u00fcberstandene Beulenpest um das Rathaus. Zahlreiche Belege zeigen, dass zumindest seit dem 16. Jahrhundert intensiv Fastnacht gefeiert wurde, allen Verboten zum Trotz. So schreibt 1818 der Altdorfer Pfarrer Landthaler an seine Kirchenbeh\u00f6rde: \u201eAm Sonntag Quinquagesima (Fastnachtssonntag) scheint ganz Altdorf wahnsinnig werden zu wollen.\u201c Und daran hat sich bis heute nicht viel ge\u00e4ndert &#8230;<\/p>\n<p>Pl\u00e4tzlerzunft Altdorf-Weingarten 1348 e.V.<br \/>\nLaurastrasse 15<br \/>\n88250 Weingarten<br \/>\ninfo@plaetzlerzunft.de<br \/>\n<a href=\"http:\/\/www.plaetzlerzunft.de\" target=\"_blank\" rel=\"noopener noreferrer\">www.plaetzlerzunft.de<\/a><\/p>\n<p>Narrenruf:<\/p>\n<blockquote><p>&#8222;Breisgau, Ofaloch.&#8220;<\/p><\/blockquote>\n<div id=\"attachment_6417\" style=\"width: 610px\" class=\"wp-caption alignleft\"><img aria-describedby=\"caption-attachment-6417\" loading=\"lazy\" src=\"http:\/\/www.schechler.com\/see-infos\/wp-content\/uploads\/2015\/02\/Plaetzlerzunft_Altdorf.jpg\" alt=\"Fasnetsmasken der Pl\u00e4tzlerzunft Altdorf\" width=\"600\" height=\"434\" class=\"size-full wp-image-6417\" srcset=\"http:\/\/see-infos.de\/wp-content\/uploads\/2015\/02\/Plaetzlerzunft_Altdorf.jpg 600w, http:\/\/see-infos.de\/wp-content\/uploads\/2015\/02\/Plaetzlerzunft_Altdorf-300x217.jpg 300w\" sizes=\"(max-width: 600px) 100vw, 600px\" \/><p id=\"caption-attachment-6417\" class=\"wp-caption-text\">Fasnetsmasken der Pl\u00e4tzlerzunft Altdorf<\/p><\/div>\n<p><strong>Fasnet der Pl\u00e4tzler-Zunft Altdorf-Weingarten<\/strong><br \/>\nDo. 7.45 Uhr Fasnetsverk\u00fcndung in der Innenstadt, um 11 Uhr Absetzung des Oberb\u00fcrgermeisters im Rathaus, 14.15 Uhr Kinderumzug und Rathaustanz, 19 Uhr Hemdglonkerumzug in der Innenstadt.<br \/>\nSo. 14 Uhr Narrensprung in der Innenstadt.<br \/>\nDi. 14 Uhr Brezelwerfen und um 19 Uhr Fasnetsverbrennen auf dem M\u00fcnsterplatz.<\/p>\n<p>Heute am Freitag findet um 12 Uhr der &#8222;Schl\u00f6sslesturm&#8220; statt. Hier st\u00fcrmen die Schl\u00f6sslenarren das Schl\u00f6ssle und setzen den Oberb\u00fcrgermeister als Schl\u00f6ssleherren ab. Das \u00e4ndert nichts daran, dass nach dem Vorgang alle &#8211; Narren und Stadtobrigkeiten &#8211; gemeinsam zusammensitzen und es sich bei Speis und Trank gut gehen lassen. Der Schl\u00f6sslenarr ist die j\u00fcngste Weing\u00e4rtler Narrenfigur und entstand 1975. Sie geht zur\u00fcck auf den Landrichter der Landvogtei Schwaben noch aus der vorder\u00f6sterreichischen Zeit Altdorfs. Dieser hatte seinen Sitz im so genannten \u201eSchl\u00f6ssle\u201c in der Scherzachstrasse, einem stattlichen Geb\u00e4ude im Renaissancestil aus dem 16. Jahrhundert. Heute befindet sich darin das Weing\u00e4rtler Stadtmuseum. <\/p>\n<div id=\"attachment_6410\" style=\"width: 610px\" class=\"wp-caption alignleft\"><img aria-describedby=\"caption-attachment-6410\" loading=\"lazy\" src=\"http:\/\/www.schechler.com\/see-infos\/wp-content\/uploads\/2015\/02\/DSC00838.jpg\" alt=\"Schl\u00f6sslessturm der Schl\u00f6sslesnarren\" width=\"600\" height=\"552\" class=\"size-full wp-image-6410\" srcset=\"http:\/\/see-infos.de\/wp-content\/uploads\/2015\/02\/DSC00838.jpg 600w, http:\/\/see-infos.de\/wp-content\/uploads\/2015\/02\/DSC00838-300x276.jpg 300w\" sizes=\"(max-width: 600px) 100vw, 600px\" \/><p id=\"caption-attachment-6410\" class=\"wp-caption-text\">Schl\u00f6sslessturm der Schl\u00f6sslesnarren Altdorf<\/p><\/div>\n<p><strong>Jubil\u00e4umsjahr in Weingarten<\/strong><br \/>\n10. bis 14. Juli: Welfenfest &#038; Festakt zum Stadtjubil\u00e4um &#8222;150 Jahre Stadt Weingarten&#8220;<br \/>\nVor 150 Jahren unterzeichnete K\u00f6nig Karl von W\u00fcrttemberg den Antrag an die &#8222;K\u00f6nigliche Majest\u00e4t&#8220;. Damit wurde der Flecken Altdorf 1865 zur Stadt mit dem Namen Weingarten erhoben. Und dies feiert Weingarten im Jahr 2015 mit einem bunten Jubil\u00e4umsjahr. Gefeiert wird das Jubil\u00e4um bei einem offiziellen Festakt im Rahmen des Welfenfests, das traditionelle Sch\u00fcler- und Heimatfest von Weingarten. Was im Jahr 1764 mit einem \u201eSchulertag\u201c begann, entwickelte sich bis heute zum gr\u00f6\u00dften Fest der Stadt. Die ganze Geschichte Weingartens von den Anf\u00e4ngen der alemannischen Siedlung im fr\u00fchen Mittelalter bis zur heutigen Zeit wird in einem neuen Heimatbuch festgehalten, das p\u00fcnktlich zum Jubil\u00e4umsjahr fertig ist. Mehr Infos zu Buch und Feierlichkeiten unter <a href=\"http:\/\/www.weingarten-online.de\" target=\"_blank\" rel=\"noopener noreferrer\">www.weingarten-online.de<\/a><\/p>\n<p><strong>Historisches hinter &#8222;Schl\u00f6ssle&#8220;-Mauern<\/strong><br \/>\nIm historischen &#8222;Schl\u00f6ssle&#8220; ist seit 2001 das neue Weingartener Stadtmuseum eingerichtet. Das &#8222;Schl\u00f6ssle&#8220; geht auf einen Renaissancebau des 16. Jahrhunderts zur\u00fcck, der um 1730 im Barockstil umgebaut und mit sehenswerten Stuckdecken von Franz Schmuzer ausgestattet worden ist.<\/p>\n<p>Modern und lebendig werden in der Dauerausstellung diverse Schwerpunktthemen pr\u00e4sentiert, u. a. die Welfen, das Benediktinerkloster, die Buchmalerei und das Berthold-Sakramentar, die Heilig-Blut-Verehrung und der Blutfreitag, der Flecken Altdorf und die Landvogtei sowie der Bauernkrieg und der Weingartener Vertrag. Die aktuelle Sonderausstellung l\u00e4uft noch bis n\u00e4chsten Sonntag.<\/p>\n<p>Sonderausstellung im Stadtmuseum im Schl\u00f6ssle<br \/>\n13.01. \u2013 22.02.2015<br \/>\nStadtmuseum im Schl\u00f6ssle Weingarten, Scherzachstra\u00dfe 1<br \/>\n<strong>&#8222;Vom n\u00e4rrischen Altdorf zur Narrenstadt Weingarten&#8220;<\/strong><br \/>\nDie Sozial- und Familiengeschichte von zehn ausgew\u00e4hlten Familien aus Altdorf-Weingarten l\u00e4sst die Fastnacht des 19. und beginnenden 20. Jahrhunderts in all ihren Facetten ein St\u00fcck weit greifbar machen: vom Schneidermeister Dangel mit seiner Maskengarderobe, dem Gastwirt und Vorsitzenden des Narrencomites H\u00e4nsler, \u00fcber den Maskenfabrikanten Nick, bis zum Zimmermann Sterk, dessen Familie \u00fcber 150 Jahre mit dem Fasnetsbutzar\u00f6ssle verbunden war.<\/p>\n<p>\u00d6ffnungszeiten: Mittwoch bis Sonntag von 14 bis 17 Uhr<br \/>\n\u2003<br \/>\nMehr Informationenen bei der Tourist-Information Weingarten, M\u00fcnsterplatz 1, 88250 Weingarten, Tel. 0751 405 232<br \/>\nakt@weingarten-online.de, <a href=\"http:\/\/www.weingarten-online.de\" target=\"_blank\" rel=\"noopener noreferrer\">www.weingarten-online.de<\/a><br \/>\n\u00d6ffnungszeiten:<br \/>\nMo.      10-13 Uhr<br \/>\nDi.-Fr.   10-13 und 14-16 Uhr<\/p>\n<p>Eine ausf\u00fchrliche \u00dcbersicht zu vielen weiteren Zentren und Br\u00e4uchen der schw\u00e4bisch-alemannischen Fasnet sowie finden Sie auf der Webseite Narri-Narro: <a href=\"http:\/\/www.narri-narro.info\" target=\"_blank\" rel=\"noopener noreferrer\">www.narri-narro.info<\/a> oder im von uns kurz besprochenen, pr\u00e4chtigen Bildband von Werner Mezger <a href=\"http:\/\/www.see-infos.de\/?p=5685\" title=\"Schw\u00e4bisch-alemannische Fastnacht geh\u00f6rt zum immateriellen Kulturerbe der Unesco \/ Standardwerk \u00fcber diese Tradition erscheint im Theiss Verlag\">&#8222;Schw\u00e4bisch-alemannische Fastnacht. Kulturerbe und lebendige Tradition&#8220;<\/a>.<\/p>\n<p><strong>Foto-Galerie<\/strong><br \/>\nZum Starten der Diaschau auf erstes Foto klicken.<\/p>\n<p>[Best_Wordpress_Gallery id=&#8220;4&#8243; gal_title=&#8220;Weingarten1&#8243;]<\/p>\n<div class=\"twoclick_social_bookmarks_post_6371 social_share_privacy clearfix 1.6.4 locale-de_DE sprite-de_DE\"><\/div><div class=\"twoclick-js\"><script type=\"text\/javascript\">\/* <![CDATA[ *\/\njQuery(document).ready(function($){if($('.twoclick_social_bookmarks_post_6371')){$('.twoclick_social_bookmarks_post_6371').socialSharePrivacy({\"services\":{\"twitter\":{\"reply_to\":\"\",\"tweet_text\":\"%20Altdorfer%20Fasnet%2C%20Freitag%3A%20Schl%C3%B6sslesturm%20der%20Schl%C3%B6sslenarren%20%C2%BB%20...\",\"status\":\"on\",\"txt_info\":\"2 Klicks f\\u00fcr mehr Datenschutz: Erst wenn Sie hier klicken, wird der Button aktiv und Sie k\\u00f6nnen Ihre Empfehlung an Twitter senden. Schon beim Aktivieren werden Daten an Dritte \\u00fcbertragen - siehe <em>i<\\\/em>.\",\"perma_option\":\"off\",\"language\":\"de\",\"referrer_track\":\"\"},\"gplus\":{\"status\":\"on\",\"txt_info\":\"2 Klicks f\\u00fcr mehr Datenschutz: Erst wenn Sie hier klicken, wird der Button aktiv und Sie k\\u00f6nnen Ihre Empfehlung an Google+ senden. Schon beim Aktivieren werden Daten an Dritte \\u00fcbertragen - siehe <em>i<\\\/em>.\",\"perma_option\":\"off\",\"referrer_track\":\"\"},\"xing\":{\"status\":\"on\",\"txt_info\":\"2 Klicks f\\u00fcr mehr Datenschutz: Erst wenn Sie hier klicken, wird der Button aktiv und Sie k\\u00f6nnen Ihre Empfehlung an Xing senden. Schon beim Aktivieren werden Daten an Dritte \\u00fcbertragen - siehe <em>i<\\\/em>.\",\"perma_option\":\"off\",\"language\":\"de\",\"referrer_track\":\"\"},\"pinterest\":{\"status\":\"on\",\"the_excerpt\":\"Altdorfer Fasnet, Freitag: Schl\\u00f6sslesturm der Schl\\u00f6sslenarren\",\"txt_info\":\"2 Klicks f\\u00fcr mehr Datenschutz: Erst wenn Sie hier klicken, wird der Button aktiv und Sie k\\u00f6nnen Ihre Empfehlung an Pinterest senden. Schon beim Aktivieren werden Daten an Dritte \\u00fcbertragen - siehe <em>i<\\\/em>.\",\"perma_option\":\"off\",\"media\":\"http:\\\/\\\/see-infos.de\\\/wp-content\\\/uploads\\\/2015\\\/02\\\/DSC00838.jpg\"},\"linkedin\":{\"status\":\"on\",\"txt_info\":\"2 Klicks f\\u00fcr mehr Datenschutz: Erst wenn Sie hier klicken, wird der Button aktiv und Sie k\\u00f6nnen Ihre Empfehlung an LinkedIn senden. Schon beim Aktivieren werden Daten an Dritte \\u00fcbertragen - siehe <em>i<\\\/em>.\",\"perma_option\":\"off\"}},\"txt_help\":\"Wenn Sie diese Felder durch einen Klick aktivieren, werden Informationen an Facebook, Twitter, Flattr, Xing, t3n, LinkedIn, Pinterest oder Google eventuell ins Ausland \\u00fcbertragen und unter Umst\\u00e4nden auch dort gespeichert. N\\u00e4heres erfahren Sie durch einen Klick auf das <em>i<\\\/em>.\",\"settings_perma\":\"Dauerhaft aktivieren und Daten\\u00fcber-tragung zustimmen:\",\"info_link\":\"http:\\\/\\\/www.heise.de\\\/ct\\\/artikel\\\/2-Klicks-fuer-mehr-Datenschutz-1333879.html\",\"uri\":\"http:\\\/\\\/see-infos.de\\\/?p=6371\",\"post_id\":6371,\"post_title_referrer_track\":\"Altdorfer+Fasnet%2C+Freitag%3A+Schl%C3%B6sslesturm+der+Schl%C3%B6sslenarren\",\"display_infobox\":\"on\"});}});\n\/* ]]> *\/<\/script><\/div>","protected":false},"excerpt":{"rendered":"<p>Am letzten Tag unserer Rundreise in Oberschwaben lernen wir die Pl\u00e4tzlerzunft in Weingarten kennen, sind beim Schl\u00f6sslessturm der Schl\u00f6sslenarren dabei und finden erste Vorbereitungen zum Stadtjubil\u00e4um &#8222;150 Jahre Stadt Weingarten&#8220;. Der erste Weg f\u00fchrt uns zum Fasnetsmuseum der Pl\u00e4tzlerzunft Altdorf-Weingarten. Altdorf hie\u00df Weingarten bis vor 150 Jahren. Die Exponate, Figuren und Br\u00e4uche in der Dauerausstellung [&hellip;]<\/p>\n","protected":false},"author":1,"featured_media":6410,"comment_status":"open","ping_status":"open","sticky":false,"template":"","format":"standard","meta":[],"categories":[1,7],"tags":[24,117],"_links":{"self":[{"href":"http:\/\/see-infos.de\/index.php?rest_route=\/wp\/v2\/posts\/6371"}],"collection":[{"href":"http:\/\/see-infos.de\/index.php?rest_route=\/wp\/v2\/posts"}],"about":[{"href":"http:\/\/see-infos.de\/index.php?rest_route=\/wp\/v2\/types\/post"}],"author":[{"embeddable":true,"href":"http:\/\/see-infos.de\/index.php?rest_route=\/wp\/v2\/users\/1"}],"replies":[{"embeddable":true,"href":"http:\/\/see-infos.de\/index.php?rest_route=%2Fwp%2Fv2%2Fcomments&post=6371"}],"version-history":[{"count":0,"href":"http:\/\/see-infos.de\/index.php?rest_route=\/wp\/v2\/posts\/6371\/revisions"}],"wp:featuredmedia":[{"embeddable":true,"href":"http:\/\/see-infos.de\/index.php?rest_route=\/wp\/v2\/media\/6410"}],"wp:attachment":[{"href":"http:\/\/see-infos.de\/index.php?rest_route=%2Fwp%2Fv2%2Fmedia&parent=6371"}],"wp:term":[{"taxonomy":"category","embeddable":true,"href":"http:\/\/see-infos.de\/index.php?rest_route=%2Fwp%2Fv2%2Fcategories&post=6371"},{"taxonomy":"post_tag","embeddable":true,"href":"http:\/\/see-infos.de\/index.php?rest_route=%2Fwp%2Fv2%2Ftags&post=6371"}],"curies":[{"name":"wp","href":"https:\/\/api.w.org\/{rel}","templated":true}]}}