{"id":6337,"date":"2015-12-12T08:33:09","date_gmt":"2015-12-12T07:33:09","guid":{"rendered":"http:\/\/www.see-infos.de\/?p=6337"},"modified":"2022-08-10T08:42:42","modified_gmt":"2022-08-10T06:42:42","slug":"gumpiger-donstig","status":"publish","type":"post","link":"http:\/\/see-infos.de\/?p=6337","title":{"rendered":"\u201eGompiger Donnschtig \u201c"},"content":{"rendered":"<p>08:00 Uhr Fasnetsausrufen in Bad Waldsee<\/p>\n<p>Die Nachtw\u00e4chtergruppe trifft sich beim Ehrenzunftmeister, um sich f\u00fcr den wichtigsten Tag in der Waldseer Fasnet \u201eaufzustrau\u00dfen\u201c. Und dann geht\u2019s richtig los: Schlag 8 Uhr marschiert die Nachtw\u00e4chtergruppe unter schrillem Geschelle und lautem Trommeln durchs Wurzacher Tor stadteinw\u00e4rts und leitet somit die hei\u00dfe Phase so richtig ein.<\/p>\n<p>Was wird der Tag noch bringen?<\/p>\n<div id=\"attachment_6339\" style=\"width: 609px\" class=\"wp-caption alignleft\"><img aria-describedby=\"caption-attachment-6339\" loading=\"lazy\" src=\"http:\/\/www.schechler.com\/see-infos\/wp-content\/uploads\/2015\/02\/DSC00226.jpg\" alt=\"Nachtw\u00e4chtergruppe in Bad Waldsee ruft die Fasnet aus und tr\u00e4gt Moritaten des vergangenen Jahres vor\" width=\"599\" height=\"600\" class=\"size-full wp-image-6339\" srcset=\"http:\/\/see-infos.de\/wp-content\/uploads\/2015\/02\/DSC00226.jpg 599w, http:\/\/see-infos.de\/wp-content\/uploads\/2015\/02\/DSC00226-150x150.jpg 150w, http:\/\/see-infos.de\/wp-content\/uploads\/2015\/02\/DSC00226-300x300.jpg 300w, http:\/\/see-infos.de\/wp-content\/uploads\/2015\/02\/DSC00226-50x50.jpg 50w\" sizes=\"(max-width: 599px) 100vw, 599px\" \/><p id=\"caption-attachment-6339\" class=\"wp-caption-text\">Nachtw\u00e4chtergruppe in Bad Waldsee ruft die Fasnet aus und tr\u00e4gt Moritaten des vergangenen Jahres vor. B\u00fcttel ist Franz M\u00fcller, Nachtw\u00e4chter Thomas Bohner und Tambour Achim Bregler.(Foto:<\/p><\/div>\n<div class=\"twoclick_social_bookmarks_post_6337 social_share_privacy clearfix 1.6.4 locale-de_DE sprite-de_DE\"><\/div><div class=\"twoclick-js\"><script type=\"text\/javascript\">\/* <![CDATA[ *\/\njQuery(document).ready(function($){if($('.twoclick_social_bookmarks_post_6337')){$('.twoclick_social_bookmarks_post_6337').socialSharePrivacy({\"services\":{\"twitter\":{\"reply_to\":\"\",\"tweet_text\":\"%E2%80%9EGompiger%20Donnschtig%20%E2%80%9C%20%C2%BB%20See-Infos.de%20%23Fasnacht%20%23Oberschwaben\",\"status\":\"on\",\"txt_info\":\"2 Klicks f\\u00fcr mehr Datenschutz: Erst wenn Sie hier klicken, wird der Button aktiv und Sie k\\u00f6nnen Ihre Empfehlung an Twitter senden. Schon beim Aktivieren werden Daten an Dritte \\u00fcbertragen - siehe <em>i<\\\/em>.\",\"perma_option\":\"off\",\"language\":\"de\",\"referrer_track\":\"\"},\"gplus\":{\"status\":\"on\",\"txt_info\":\"2 Klicks f\\u00fcr mehr Datenschutz: Erst wenn Sie hier klicken, wird der Button aktiv und Sie k\\u00f6nnen Ihre Empfehlung an Google+ senden. Schon beim Aktivieren werden Daten an Dritte \\u00fcbertragen - siehe <em>i<\\\/em>.\",\"perma_option\":\"off\",\"referrer_track\":\"\"},\"xing\":{\"status\":\"on\",\"txt_info\":\"2 Klicks f\\u00fcr mehr Datenschutz: Erst wenn Sie hier klicken, wird der Button aktiv und Sie k\\u00f6nnen Ihre Empfehlung an Xing senden. Schon beim Aktivieren werden Daten an Dritte \\u00fcbertragen - siehe <em>i<\\\/em>.\",\"perma_option\":\"off\",\"language\":\"de\",\"referrer_track\":\"\"},\"pinterest\":{\"status\":\"on\",\"the_excerpt\":\"\\u201eGompiger Donnschtig \\u201c\",\"txt_info\":\"2 Klicks f\\u00fcr mehr Datenschutz: Erst wenn Sie hier klicken, wird der Button aktiv und Sie k\\u00f6nnen Ihre Empfehlung an Pinterest senden. Schon beim Aktivieren werden Daten an Dritte \\u00fcbertragen - siehe <em>i<\\\/em>.\",\"perma_option\":\"off\",\"media\":\"http:\\\/\\\/see-infos.de\\\/wp-content\\\/uploads\\\/2015\\\/02\\\/DSC00226.jpg\"},\"linkedin\":{\"status\":\"on\",\"txt_info\":\"2 Klicks f\\u00fcr mehr Datenschutz: Erst wenn Sie hier klicken, wird der Button aktiv und Sie k\\u00f6nnen Ihre Empfehlung an LinkedIn senden. Schon beim Aktivieren werden Daten an Dritte \\u00fcbertragen - siehe <em>i<\\\/em>.\",\"perma_option\":\"off\"}},\"txt_help\":\"Wenn Sie diese Felder durch einen Klick aktivieren, werden Informationen an Facebook, Twitter, Flattr, Xing, t3n, LinkedIn, Pinterest oder Google eventuell ins Ausland \\u00fcbertragen und unter Umst\\u00e4nden auch dort gespeichert. N\\u00e4heres erfahren Sie durch einen Klick auf das <em>i<\\\/em>.\",\"settings_perma\":\"Dauerhaft aktivieren und Daten\\u00fcber-tragung zustimmen:\",\"info_link\":\"http:\\\/\\\/www.heise.de\\\/ct\\\/artikel\\\/2-Klicks-fuer-mehr-Datenschutz-1333879.html\",\"uri\":\"http:\\\/\\\/see-infos.de\\\/?p=6337\",\"post_id\":6337,\"post_title_referrer_track\":\"%E2%80%9EGompiger+Donnschtig+%E2%80%9C\",\"display_infobox\":\"on\"});}});\n\/* ]]> *\/<\/script><\/div>","protected":false},"excerpt":{"rendered":"<p>08:00 Uhr Fasnetsausrufen in Bad Waldsee Die Nachtw\u00e4chtergruppe trifft sich beim Ehrenzunftmeister, um sich f\u00fcr den wichtigsten Tag in der Waldseer Fasnet \u201eaufzustrau\u00dfen\u201c. Und dann geht\u2019s richtig los: Schlag 8 Uhr marschiert die Nachtw\u00e4chtergruppe unter schrillem Geschelle und lautem Trommeln durchs Wurzacher Tor stadteinw\u00e4rts und leitet somit die hei\u00dfe Phase so richtig ein. Was wird [&hellip;]<\/p>\n","protected":false},"author":1,"featured_media":6339,"comment_status":"open","ping_status":"open","sticky":false,"template":"","format":"standard","meta":[],"categories":[1],"tags":[24,80],"_links":{"self":[{"href":"http:\/\/see-infos.de\/index.php?rest_route=\/wp\/v2\/posts\/6337"}],"collection":[{"href":"http:\/\/see-infos.de\/index.php?rest_route=\/wp\/v2\/posts"}],"about":[{"href":"http:\/\/see-infos.de\/index.php?rest_route=\/wp\/v2\/types\/post"}],"author":[{"embeddable":true,"href":"http:\/\/see-infos.de\/index.php?rest_route=\/wp\/v2\/users\/1"}],"replies":[{"embeddable":true,"href":"http:\/\/see-infos.de\/index.php?rest_route=%2Fwp%2Fv2%2Fcomments&post=6337"}],"version-history":[{"count":0,"href":"http:\/\/see-infos.de\/index.php?rest_route=\/wp\/v2\/posts\/6337\/revisions"}],"wp:featuredmedia":[{"embeddable":true,"href":"http:\/\/see-infos.de\/index.php?rest_route=\/wp\/v2\/media\/6339"}],"wp:attachment":[{"href":"http:\/\/see-infos.de\/index.php?rest_route=%2Fwp%2Fv2%2Fmedia&parent=6337"}],"wp:term":[{"taxonomy":"category","embeddable":true,"href":"http:\/\/see-infos.de\/index.php?rest_route=%2Fwp%2Fv2%2Fcategories&post=6337"},{"taxonomy":"post_tag","embeddable":true,"href":"http:\/\/see-infos.de\/index.php?rest_route=%2Fwp%2Fv2%2Ftags&post=6337"}],"curies":[{"name":"wp","href":"https:\/\/api.w.org\/{rel}","templated":true}]}}