{"id":6307,"date":"2015-12-12T00:28:47","date_gmt":"2015-12-11T23:28:47","guid":{"rendered":"http:\/\/www.see-infos.de\/?p=6307"},"modified":"2022-08-10T08:42:37","modified_gmt":"2022-08-10T06:42:37","slug":"waldseer-fasnet-mittwoch","status":"publish","type":"post","link":"http:\/\/see-infos.de\/?p=6307","title":{"rendered":"Waldseer Fasnet, Mittwoch"},"content":{"rendered":"<p><strong>Fasnetsmuseum zum Einstimmen, Narrenrecht abholen und anschlie\u00dfendes n\u00e4rrisches Treiben in den Gassen. So beginnt die Hochfasnet in Bad Waldsee.<\/strong><\/p>\n<p>Charakteristisch f\u00fcr die Fasnet in Oberschwaben ist die Vermummung der Teilnehmer als sogenannte Narrenh\u00e4str\u00e4ger. Diese wechseln nicht j\u00e4hrlich, sondern sie behalten diese immer bei, diese werden sogar \u00fcber Generationen vererbt. Die schw\u00e4bisch-alemannische Fasnet wurde Ende letzten Jahres in das bundesweite Verzeichnis des immateriellen Kulturerbes der UNESCO aufgenommen.<\/p>\n<p>Bis ins 15. Jahrhundert reicht die Tradition der Fasnet im oberschw\u00e4bischen Bad Waldsee zur\u00fcck. Beim \u201eSchr\u00e4ttelestanz\u201c zum Auftakt am Mittwoch \u00fcbernehmen die Narren das Ruder. Um Mitternacht tanzen die \u201eSchr\u00e4ttele\u201c in Hexengestalt um das Feuer, bis sie von \u201eFaselhannes\u201c und \u201eNarro\u201c vertrieben werden. Nach Narrensprung am Donnerstag, Narrenmesse am Sonntag und Umz\u00fcgen am Fasnetsmontag und Fasnetsdienstag werden die Besen verbrannt und die \u201everstorbene\u201c Fasnet in Form einer Puppe am Abend den Fluten des Schlossbaches \u00fcbergeben.<\/p>\n<p>Begonnen hat die Fasnet im letzten Jahr am 11.11., jedoch nicht wie im rheinischen Karneval mit Veranstaltungen, sondern mit Ausrufen des Mottos f\u00fcr die kommende Fasnet. Motto f\u00fcr dieses Jahr: &#8222;Skandinavische Midsommernacht&#8220;. Der n\u00e4chste Termin ist Dreik\u00f6nig. Am Abend des 6.Januar beginnt das &#8222;Gschellabstauben&#8220;, die eingemotteteten H\u00e4s werden wieder ausgepackt und f\u00fcr die kommende Fasnet vorbereitet. Von jetzt an hei\u00dft es &#8222;goht&#8217;s degege&#8220; &#8211; die ersten Veranstaltungen und Umz\u00fcge finden statt. <\/p>\n<p>Bei einem Besuch des Fasnetsmuseums Bad Waldsee (<a href=\"http:\/\/www.bad-waldsee.de\" target=\"_blank\" rel=\"noopener noreferrer\">www.bad-waldsee.de<\/a>) wird die Geschichte und Brauchtum der Waldseer Fasnet anschaulich dargestellt. Masken, Kost\u00fcme und Bilderchronik lassen die Tradition des bunten Treibens lebendig werden. Uns begleiteten Zunftr\u00e4te der Narrenzunft Bad Waldsee e. V. durch das Museum.<\/p>\n<p>Narrenruf:<\/p>\n<blockquote><p>&#8222;Aha.&#8220;<\/p><\/blockquote>\n<p><img loading=\"lazy\" src=\"http:\/\/www.schechler.com\/see-infos\/wp-content\/uploads\/2015\/02\/DSC00017.jpg\" alt=\"DSC00017\" width=\"600\" height=\"399\" class=\"alignleft size-full wp-image-6313\" \/><br \/>\nEiner der Zunftr\u00e4te mit einer halbfertigen &#8222;Schr\u00e4ttele&#8220;-Maske im Fasnetmuseum in der alten \u00d6lm\u00fchle. Die Masken werden traditionell aus Lindenholz hergestellt und an den jeweiligen Tr\u00e4ger individuell angepasst.<\/p>\n<div id=\"attachment_6309\" style=\"width: 610px\" class=\"wp-caption alignleft\"><img aria-describedby=\"caption-attachment-6309\" loading=\"lazy\" src=\"http:\/\/www.schechler.com\/see-infos\/wp-content\/uploads\/2015\/02\/DSC00046.jpg\" alt=\"Figur der Waldseer Fasnet: Der Faselhannes\" width=\"600\" height=\"399\" class=\"size-full wp-image-6309\" srcset=\"http:\/\/see-infos.de\/wp-content\/uploads\/2015\/02\/DSC00046.jpg 600w, http:\/\/see-infos.de\/wp-content\/uploads\/2015\/02\/DSC00046-300x200.jpg 300w\" sizes=\"(max-width: 600px) 100vw, 600px\" \/><p id=\"caption-attachment-6309\" class=\"wp-caption-text\">Figur der Waldseer Fasnet: Der Faselhannes<\/p><\/div>\n<p><strong>Narrenrechtabholen <\/strong><br \/>\nUrspr\u00fcnglich war der heutige Mittwoch kein traditioneller Feiertag. Hier wurden jedoch Br\u00e4uche etabliert, in denen die eigentliche Fasnet eingel\u00e4utet wird: Beim Narrenrechtabholen im Rathaus werden symbolisch die weltlichen M\u00e4chte wie der B\u00fcrgermeister und der Gemeinderat, alle Schulleiter und sonstige Amtsleiter abgesetzt. Der Zunftrat in Begleitung des Prinzen, der Zunftgarde, des Hofmarschalls und der Nachtw\u00e4chtertruppe ziehen in den Gemeinderat ein. Nach Diskussion &#8211; mal mehr mal weniger kontrovers &#8211; stimmt der Gemeinderat dem Vorschlag des B\u00fcrgermeisters zur Abdankung \u00fcber die Narrenzeit zu. Dies wird mit der Abdankungsurkunde besiegelt. Der B\u00fcrgermeister erh\u00e4lt einen Strohhut, den er \u00fcber die gesamte Fasnet als Zeichen seiner Absetzung tragen muss. Im Anschluss nimmt der Hofmarschall lokale Geschehnisse ins Visier, nimmt dabei kein Blatt vor den Mund. Im &#8222;Gr\u00fcnen Baum&#8220; gleich neben dem Rathaus wird anschlie\u00dfend geb\u00fchrend gefeiert. Danach n\u00e4rrisches Treiben in den Wirtschaften rund ums Rathaus und in den Gassen bei Gl\u00fchwein. Hier einige Fotos von heute.<\/p>\n<p><img loading=\"lazy\" src=\"http:\/\/www.schechler.com\/see-infos\/wp-content\/uploads\/2015\/02\/DSC00107.jpg\" alt=\"DSC00107\" width=\"600\" height=\"399\" class=\"alignleft size-full wp-image-6321\" \/><br \/>\nNarrenrecht-Abholen: Der B\u00fcrgermeister und der Gemeinderat werden abgesetzt.<\/p>\n<p><img loading=\"lazy\" src=\"http:\/\/www.schechler.com\/see-infos\/wp-content\/uploads\/2015\/02\/DSC00119.jpg\" alt=\"DSC00119\" width=\"600\" height=\"399\" class=\"alignleft size-full wp-image-6324\" \/><br \/>\nGefeiert wird die ganze Nacht: hier im Restaurant Gr\u00fcner Baum.<\/p>\n<p><img loading=\"lazy\" src=\"http:\/\/www.schechler.com\/see-infos\/wp-content\/uploads\/2015\/02\/DSC00151.jpg\" alt=\"DSC00151\" width=\"600\" height=\"399\" class=\"alignleft size-full wp-image-6332\" srcset=\"http:\/\/see-infos.de\/wp-content\/uploads\/2015\/02\/DSC00151.jpg 600w, http:\/\/see-infos.de\/wp-content\/uploads\/2015\/02\/DSC00151-300x200.jpg 300w\" sizes=\"(max-width: 600px) 100vw, 600px\" \/><br \/>\n24:00 Uhr Schr\u00e4ttelestanz auf dem Marktplatz<br \/>\nDer Schr\u00e4ttelestanz ist ein symbolischer Kampf zwischen den Winterm\u00e4chten, den Schr\u00e4ttele, und dem Fr\u00fchling, vertreten durch die Wei\u00dfnarren (die Faselhannes und Narros) der Narrenzunft Bad Waldsee \u2013 nat\u00fcrlich behalten letztere die Oberhand.<\/p>\n<p>Weil die Fasnet viel \u00e4lter ist als die Pr\u00e4dikatisierung zum Heilbad &#8222;Bad&#8220; Waldsee \u2013 dies geschah erst 1956 \u2013 hei\u00dft es nach wie vor \u201eWaldseer Fasnet\u201c. Wer als Besucher dem bunten Treiben beiwohnen m\u00f6chte, kann im zentralen, auf dem Marktplatz gelegenen Hotel Gr\u00fcner Baum, einen Logenplatz f\u00fcr Hexentanz und Umz\u00fcge residieren, also direkt im Epizentrum der Fasnet. Wichtig: rechtzeitig reservieren.<\/p>\n<p>Restaurant Gr\u00fcner Baum und Altes Tor***S<br \/>\nHauptstra\u00dfe 34<br \/>\n88339 Bad Waldsee<br \/>\nTel. 07524 97900<br \/>\ninfo@baum-leben.de<br \/>\n<a href=\"http:\/\/www.baum-leben.de\" target=\"_blank\" rel=\"noopener noreferrer\">www.baum-leben.de<\/a><\/p>\n<p>Weitere Infos: Kur- und G\u00e4steinformation Bad Waldsee, 88339 Bad Waldsee, Tel. 07524 94-1342, <a href=\"http:\/\/www.bad-waldsee.de\" target=\"_blank\" rel=\"noopener noreferrer\">www.bad-waldsee.de<\/a>.<\/p>\n<p><img loading=\"lazy\" src=\"http:\/\/www.schechler.com\/see-infos\/wp-content\/uploads\/2015\/02\/DSC09972.jpg\" alt=\"DSC09972\" width=\"600\" height=\"399\" class=\"alignleft size-full wp-image-6325\" \/><br \/>\nDie Gassen von Bad Waldsee: Geschm\u00fcckt f\u00fcr die Fasnet.<\/p>\n<p><strong>Fotogalerie Waldseer Fasnet<\/strong><br \/>\nZum Starten der Diaschau auf erstes Foto klicken.<\/p>\n<p>[Best_Wordpress_Gallery id=&#8220;1&#8243; gal_title=&#8220;Waldsee1&#8243;]<\/p>\n<div class=\"twoclick_social_bookmarks_post_6307 social_share_privacy clearfix 1.6.4 locale-de_DE sprite-de_DE\"><\/div><div class=\"twoclick-js\"><script type=\"text\/javascript\">\/* <![CDATA[ *\/\njQuery(document).ready(function($){if($('.twoclick_social_bookmarks_post_6307')){$('.twoclick_social_bookmarks_post_6307').socialSharePrivacy({\"services\":{\"twitter\":{\"reply_to\":\"\",\"tweet_text\":\"Waldseer%20Fasnet%2C%20Mittwoch%20%C2%BB%20See-Infos.de%20%23Fasnacht%20%23Oberschwaben\",\"status\":\"on\",\"txt_info\":\"2 Klicks f\\u00fcr mehr Datenschutz: Erst wenn Sie hier klicken, wird der Button aktiv und Sie k\\u00f6nnen Ihre Empfehlung an Twitter senden. Schon beim Aktivieren werden Daten an Dritte \\u00fcbertragen - siehe <em>i<\\\/em>.\",\"perma_option\":\"off\",\"language\":\"de\",\"referrer_track\":\"\"},\"gplus\":{\"status\":\"on\",\"txt_info\":\"2 Klicks f\\u00fcr mehr Datenschutz: Erst wenn Sie hier klicken, wird der Button aktiv und Sie k\\u00f6nnen Ihre Empfehlung an Google+ senden. Schon beim Aktivieren werden Daten an Dritte \\u00fcbertragen - siehe <em>i<\\\/em>.\",\"perma_option\":\"off\",\"referrer_track\":\"\"},\"xing\":{\"status\":\"on\",\"txt_info\":\"2 Klicks f\\u00fcr mehr Datenschutz: Erst wenn Sie hier klicken, wird der Button aktiv und Sie k\\u00f6nnen Ihre Empfehlung an Xing senden. Schon beim Aktivieren werden Daten an Dritte \\u00fcbertragen - siehe <em>i<\\\/em>.\",\"perma_option\":\"off\",\"language\":\"de\",\"referrer_track\":\"\"},\"pinterest\":{\"status\":\"on\",\"the_excerpt\":\"Waldseer Fasnet, Mittwoch\",\"txt_info\":\"2 Klicks f\\u00fcr mehr Datenschutz: Erst wenn Sie hier klicken, wird der Button aktiv und Sie k\\u00f6nnen Ihre Empfehlung an Pinterest senden. Schon beim Aktivieren werden Daten an Dritte \\u00fcbertragen - siehe <em>i<\\\/em>.\",\"perma_option\":\"off\",\"media\":\"http:\\\/\\\/see-infos.de\\\/wp-content\\\/uploads\\\/2015\\\/02\\\/DSC00046.jpg\"},\"linkedin\":{\"status\":\"on\",\"txt_info\":\"2 Klicks f\\u00fcr mehr Datenschutz: Erst wenn Sie hier klicken, wird der Button aktiv und Sie k\\u00f6nnen Ihre Empfehlung an LinkedIn senden. Schon beim Aktivieren werden Daten an Dritte \\u00fcbertragen - siehe <em>i<\\\/em>.\",\"perma_option\":\"off\"}},\"txt_help\":\"Wenn Sie diese Felder durch einen Klick aktivieren, werden Informationen an Facebook, Twitter, Flattr, Xing, t3n, LinkedIn, Pinterest oder Google eventuell ins Ausland \\u00fcbertragen und unter Umst\\u00e4nden auch dort gespeichert. N\\u00e4heres erfahren Sie durch einen Klick auf das <em>i<\\\/em>.\",\"settings_perma\":\"Dauerhaft aktivieren und Daten\\u00fcber-tragung zustimmen:\",\"info_link\":\"http:\\\/\\\/www.heise.de\\\/ct\\\/artikel\\\/2-Klicks-fuer-mehr-Datenschutz-1333879.html\",\"uri\":\"http:\\\/\\\/see-infos.de\\\/?p=6307\",\"post_id\":6307,\"post_title_referrer_track\":\"Waldseer+Fasnet%2C+Mittwoch\",\"display_infobox\":\"on\"});}});\n\/* ]]> *\/<\/script><\/div>","protected":false},"excerpt":{"rendered":"<p>Fasnetsmuseum zum Einstimmen, Narrenrecht abholen und anschlie\u00dfendes n\u00e4rrisches Treiben in den Gassen. So beginnt die Hochfasnet in Bad Waldsee. Charakteristisch f\u00fcr die Fasnet in Oberschwaben ist die Vermummung der Teilnehmer als sogenannte Narrenh\u00e4str\u00e4ger. Diese wechseln nicht j\u00e4hrlich, sondern sie behalten diese immer bei, diese werden sogar \u00fcber Generationen vererbt. Die schw\u00e4bisch-alemannische Fasnet wurde Ende letzten [&hellip;]<\/p>\n","protected":false},"author":1,"featured_media":6309,"comment_status":"open","ping_status":"open","sticky":false,"template":"","format":"standard","meta":[],"categories":[1],"tags":[24,80],"_links":{"self":[{"href":"http:\/\/see-infos.de\/index.php?rest_route=\/wp\/v2\/posts\/6307"}],"collection":[{"href":"http:\/\/see-infos.de\/index.php?rest_route=\/wp\/v2\/posts"}],"about":[{"href":"http:\/\/see-infos.de\/index.php?rest_route=\/wp\/v2\/types\/post"}],"author":[{"embeddable":true,"href":"http:\/\/see-infos.de\/index.php?rest_route=\/wp\/v2\/users\/1"}],"replies":[{"embeddable":true,"href":"http:\/\/see-infos.de\/index.php?rest_route=%2Fwp%2Fv2%2Fcomments&post=6307"}],"version-history":[{"count":0,"href":"http:\/\/see-infos.de\/index.php?rest_route=\/wp\/v2\/posts\/6307\/revisions"}],"wp:featuredmedia":[{"embeddable":true,"href":"http:\/\/see-infos.de\/index.php?rest_route=\/wp\/v2\/media\/6309"}],"wp:attachment":[{"href":"http:\/\/see-infos.de\/index.php?rest_route=%2Fwp%2Fv2%2Fmedia&parent=6307"}],"wp:term":[{"taxonomy":"category","embeddable":true,"href":"http:\/\/see-infos.de\/index.php?rest_route=%2Fwp%2Fv2%2Fcategories&post=6307"},{"taxonomy":"post_tag","embeddable":true,"href":"http:\/\/see-infos.de\/index.php?rest_route=%2Fwp%2Fv2%2Ftags&post=6307"}],"curies":[{"name":"wp","href":"https:\/\/api.w.org\/{rel}","templated":true}]}}