{"id":6266,"date":"2015-12-11T11:43:23","date_gmt":"2015-12-11T10:43:23","guid":{"rendered":"http:\/\/www.see-infos.de\/?p=6266"},"modified":"2023-03-26T10:59:32","modified_gmt":"2023-03-26T08:59:32","slug":"fasnet-in-oberschwaben-von-schraettele-dorausschreier-und-plaetzlerzunft","status":"publish","type":"post","link":"http:\/\/see-infos.de\/?p=6266","title":{"rendered":"Fasnet in Oberschwaben: Von Schr\u00e4ttele, Dorausschreier und Pl\u00e4tzlerzunft"},"content":{"rendered":"<blockquote><p>\u201eFasnet, s\u2019isch wieder Fasnet, wenn i des blos \u00e4llaweil het, i briecht koi Bett\u2026\u201c<\/p><\/blockquote>\n<p>In der n\u00e4rrischen Zeit zwischen Dreik\u00f6nig und Aschermittwoch wird in Oberschwaben traditionsbewusst die Fasnet zelebriert. Besonders in der Hochfasnet ab dem Gumpigen, Gompigen oder Schmutzigen Dunstig (dem Donnerstag vor Aschermittwoch) geht es in den Stra\u00dfen und Gassen n\u00e4rrisch zu: Die Kinder werden aus den Schulen befreit, die B\u00fcrgermeister abgesetzt und allerorten herrscht n\u00e4rrisches Treiben beim Narrenbaumstellen oder den Fasnetsumz\u00fcgen.<\/p>\n<div id=\"attachment_6281\" style=\"width: 610px\" class=\"wp-caption alignleft\"><img aria-describedby=\"caption-attachment-6281\" loading=\"lazy\" src=\"http:\/\/www.schechler.com\/see-infos\/wp-content\/uploads\/2015\/02\/Fasnetsmasken.jpg\" alt=\"Gleich f\u00fcnf Gesichter zeigt das oberschw\u00e4bische Bad Waldsee zur \u201ef\u00fcnften Jahreszeit\u201c: \u201eSchr\u00e4ttele\u201c, Federle\u201c, \u201eNarro\u201c, \u201eFaselhannes\u201c und das \u201eSchorrenweible\u201c. Begleitet von vielen Narrenspr\u00fcchen begegnen die G\u00e4ste diesen origin\u00e4ren, aus Holz geschnitzten Masken auf Schritt und Tritt. Besonders umtriebig geht\u2019s bei der Waldseer Fasnet zu vom 11. bis 17. Februar 2015. Foto &copy; Kurverwaltung Bad Waldsee\" width=\"600\" height=\"399\" class=\"size-full wp-image-6281\" srcset=\"http:\/\/see-infos.de\/wp-content\/uploads\/2015\/02\/Fasnetsmasken.jpg 600w, http:\/\/see-infos.de\/wp-content\/uploads\/2015\/02\/Fasnetsmasken-300x200.jpg 300w\" sizes=\"(max-width: 600px) 100vw, 600px\" \/><p id=\"caption-attachment-6281\" class=\"wp-caption-text\">Gleich f\u00fcnf Gesichter zeigt das oberschw\u00e4bische Bad Waldsee zur \u201ef\u00fcnften Jahreszeit\u201c: \u201eSchr\u00e4ttele\u201c, Federle\u201c, \u201eNarro\u201c, \u201eFaselhannes\u201c und das \u201eSchorrenweible\u201c. Begleitet von vielen Narrenspr\u00fcchen begegnen die G\u00e4ste diesen origin\u00e4ren, aus Holz geschnitzten Masken auf Schritt und Tritt. Besonders umtriebig geht\u2019s bei der Waldseer Fasnet zu vom 11. bis 17. Februar 2015. Foto &copy; Kurverwaltung Bad Waldsee<\/p><\/div>\n<p>Keine Frage, Fasnacht oder Karneval wird fast \u00fcberall gefeiert, aber die urigen, teils Jahrhunderte alten Br\u00e4uche der schw\u00e4bisch-alemannischen Fasnet verbreiten eine ganz spezielle Atmosph\u00e4re, die nur sehr schwer zu beschreiben ist. Kommen Sie mit und erleben Sie die Fasnet, wie sie nur in Oberschwaben gelebt wird und Sie werden feststellen, dass es Ihnen so gehen wird, wie vielen hier: Sie tr\u00f6sten sich ab Aschermittwoch mit den Worten: \u201eS\u2019goht dagega!\u201c &#8211; es geht wieder der n\u00e4chsten Fasnet entgegen.<\/p>\n<div class=\"twoclick_social_bookmarks_post_6266 social_share_privacy clearfix 1.6.4 locale-de_DE sprite-de_DE\"><\/div><div class=\"twoclick-js\"><script type=\"text\/javascript\">\/* <![CDATA[ *\/\njQuery(document).ready(function($){if($('.twoclick_social_bookmarks_post_6266')){$('.twoclick_social_bookmarks_post_6266').socialSharePrivacy({\"services\":{\"twitter\":{\"reply_to\":\"\",\"tweet_text\":\"%20Fasnet%20in%20Oberschwaben%3A%20Von%20Schr%C3%A4ttele%2C%20Dorausschreier%20und%20Pl%C3%A4tzlerzunft%20...\",\"status\":\"on\",\"txt_info\":\"2 Klicks f\\u00fcr mehr Datenschutz: Erst wenn Sie hier klicken, wird der Button aktiv und Sie k\\u00f6nnen Ihre Empfehlung an Twitter senden. Schon beim Aktivieren werden Daten an Dritte \\u00fcbertragen - siehe <em>i<\\\/em>.\",\"perma_option\":\"off\",\"language\":\"de\",\"referrer_track\":\"\"},\"gplus\":{\"status\":\"on\",\"txt_info\":\"2 Klicks f\\u00fcr mehr Datenschutz: Erst wenn Sie hier klicken, wird der Button aktiv und Sie k\\u00f6nnen Ihre Empfehlung an Google+ senden. Schon beim Aktivieren werden Daten an Dritte \\u00fcbertragen - siehe <em>i<\\\/em>.\",\"perma_option\":\"off\",\"referrer_track\":\"\"},\"xing\":{\"status\":\"on\",\"txt_info\":\"2 Klicks f\\u00fcr mehr Datenschutz: Erst wenn Sie hier klicken, wird der Button aktiv und Sie k\\u00f6nnen Ihre Empfehlung an Xing senden. Schon beim Aktivieren werden Daten an Dritte \\u00fcbertragen - siehe <em>i<\\\/em>.\",\"perma_option\":\"off\",\"language\":\"de\",\"referrer_track\":\"\"},\"pinterest\":{\"status\":\"on\",\"the_excerpt\":\"Fasnet in Oberschwaben: Von Schr\\u00e4ttele, Dorausschreier und Pl\\u00e4tzlerzunft\",\"txt_info\":\"2 Klicks f\\u00fcr mehr Datenschutz: Erst wenn Sie hier klicken, wird der Button aktiv und Sie k\\u00f6nnen Ihre Empfehlung an Pinterest senden. Schon beim Aktivieren werden Daten an Dritte \\u00fcbertragen - siehe <em>i<\\\/em>.\",\"perma_option\":\"off\",\"media\":\"http:\\\/\\\/see-infos.de\\\/wp-content\\\/uploads\\\/2015\\\/02\\\/Fasnetsmasken.jpg\"},\"linkedin\":{\"status\":\"on\",\"txt_info\":\"2 Klicks f\\u00fcr mehr Datenschutz: Erst wenn Sie hier klicken, wird der Button aktiv und Sie k\\u00f6nnen Ihre Empfehlung an LinkedIn senden. Schon beim Aktivieren werden Daten an Dritte \\u00fcbertragen - siehe <em>i<\\\/em>.\",\"perma_option\":\"off\"}},\"txt_help\":\"Wenn Sie diese Felder durch einen Klick aktivieren, werden Informationen an Facebook, Twitter, Flattr, Xing, t3n, LinkedIn, Pinterest oder Google eventuell ins Ausland \\u00fcbertragen und unter Umst\\u00e4nden auch dort gespeichert. N\\u00e4heres erfahren Sie durch einen Klick auf das <em>i<\\\/em>.\",\"settings_perma\":\"Dauerhaft aktivieren und Daten\\u00fcber-tragung zustimmen:\",\"info_link\":\"http:\\\/\\\/www.heise.de\\\/ct\\\/artikel\\\/2-Klicks-fuer-mehr-Datenschutz-1333879.html\",\"uri\":\"http:\\\/\\\/see-infos.de\\\/?p=6266\",\"post_id\":6266,\"post_title_referrer_track\":\"Fasnet+in+Oberschwaben%3A+Von+Schr%C3%A4ttele%2C+Dorausschreier+und+Pl%C3%A4tzlerzunft\",\"display_infobox\":\"on\"});}});\n\/* ]]> *\/<\/script><\/div>","protected":false},"excerpt":{"rendered":"<p>\u201eFasnet, s\u2019isch wieder Fasnet, wenn i des blos \u00e4llaweil het, i briecht koi Bett\u2026\u201c In der n\u00e4rrischen Zeit zwischen Dreik\u00f6nig und Aschermittwoch wird in Oberschwaben traditionsbewusst die Fasnet zelebriert. Besonders in der Hochfasnet ab dem Gumpigen, Gompigen oder Schmutzigen Dunstig (dem Donnerstag vor Aschermittwoch) geht es in den Stra\u00dfen und Gassen n\u00e4rrisch zu: Die Kinder [&hellip;]<\/p>\n","protected":false},"author":1,"featured_media":6281,"comment_status":"open","ping_status":"open","sticky":false,"template":"","format":"standard","meta":[],"categories":[1],"tags":[24],"_links":{"self":[{"href":"http:\/\/see-infos.de\/index.php?rest_route=\/wp\/v2\/posts\/6266"}],"collection":[{"href":"http:\/\/see-infos.de\/index.php?rest_route=\/wp\/v2\/posts"}],"about":[{"href":"http:\/\/see-infos.de\/index.php?rest_route=\/wp\/v2\/types\/post"}],"author":[{"embeddable":true,"href":"http:\/\/see-infos.de\/index.php?rest_route=\/wp\/v2\/users\/1"}],"replies":[{"embeddable":true,"href":"http:\/\/see-infos.de\/index.php?rest_route=%2Fwp%2Fv2%2Fcomments&post=6266"}],"version-history":[{"count":0,"href":"http:\/\/see-infos.de\/index.php?rest_route=\/wp\/v2\/posts\/6266\/revisions"}],"wp:featuredmedia":[{"embeddable":true,"href":"http:\/\/see-infos.de\/index.php?rest_route=\/wp\/v2\/media\/6281"}],"wp:attachment":[{"href":"http:\/\/see-infos.de\/index.php?rest_route=%2Fwp%2Fv2%2Fmedia&parent=6266"}],"wp:term":[{"taxonomy":"category","embeddable":true,"href":"http:\/\/see-infos.de\/index.php?rest_route=%2Fwp%2Fv2%2Fcategories&post=6266"},{"taxonomy":"post_tag","embeddable":true,"href":"http:\/\/see-infos.de\/index.php?rest_route=%2Fwp%2Fv2%2Ftags&post=6266"}],"curies":[{"name":"wp","href":"https:\/\/api.w.org\/{rel}","templated":true}]}}