{"id":5059,"date":"2014-12-20T07:12:24","date_gmt":"2014-12-20T06:12:24","guid":{"rendered":"http:\/\/www.see-infos.de\/?p=5059"},"modified":"2022-07-30T11:22:57","modified_gmt":"2022-07-30T09:22:57","slug":"falkner-wochenende-auf-der-burg-hohenzollern","status":"publish","type":"post","link":"http:\/\/see-infos.de\/?p=5059","title":{"rendered":"Falkner-Wochenende auf der Burg Hohenzollern"},"content":{"rendered":"<p>Falkner-Wochenende<br \/>\nSamstag &#038; Sonntag, 20. &#038; 21. September 2014<\/p>\n<p>Majest\u00e4tische Adler, pfeilschnelle Falken und imposante Uhus erobern am Samstag und Sonntag, 20. und 21. September 2014, den Himmel \u00fcber der Burg Hohenzollern. Falkner Wolfgang Weller zeigt eine au\u00dfergew\u00f6hnliche Falkner-Schau und inszeniert ein aufsehenerregendes Spektakel f\u00fcr die ganze Familie. Dabei erkl\u00e4rt er in am\u00fcsanter Weise allerlei Wissenswertes \u00fcber die Kunst der Jagd und Falknerei. An beiden Tagen gibt es um 11:30 Uhr, 14:00 Uhr und 16:00 Uhr je eine 45-min\u00fctige Vorf\u00fchrungen. Zwischen den Vorf\u00fchrungen haben die G\u00e4ste die M\u00f6glichkeit, die Greifv\u00f6gel aus der N\u00e4he zu sehen. Au\u00dferdem findet an beiden Tagen das K\u00f6nigliche Flanieren statt, bei dem die Schaur\u00e4ume der Burg durchg\u00e4ngig ge\u00f6ffnet sind und nach Belieben erkundet werden k\u00f6nnen. F\u00fcr Erkl\u00e4rungen steht das Burg-Personal in den R\u00e4umen zur Verf\u00fcgung.<br \/>\nEintrittspreise: Erwachsene 10,- \u20ac | Erm\u00e4\u00dfigt 8,- \u20ac | Kinder (6-17) 5,- \u20ac<\/p>\n<p>72379 Burg Hohenzollern<br \/>\n<a href=\"http:\/\/www.burg-hohenzollern.com\" target=\"_blank\" rel=\"noopener noreferrer\">www.burg-hohenzollern.com<\/a><\/p>\n<div id=\"attachment_5060\" style=\"width: 610px\" class=\"wp-caption alignright\"><img aria-describedby=\"caption-attachment-5060\" loading=\"lazy\" src=\"http:\/\/www.schechler.com\/see-infos\/wp-content\/uploads\/2014\/09\/BHZ_RB_Falkner_01.jpg\" alt=\"Falkner-Wochenende. Foto: (c) Burg Hohenzollern\" width=\"600\" height=\"400\" class=\"size-full wp-image-5060\" srcset=\"http:\/\/see-infos.de\/wp-content\/uploads\/2014\/09\/BHZ_RB_Falkner_01.jpg 600w, http:\/\/see-infos.de\/wp-content\/uploads\/2014\/09\/BHZ_RB_Falkner_01-300x200.jpg 300w\" sizes=\"(max-width: 600px) 100vw, 600px\" \/><p id=\"caption-attachment-5060\" class=\"wp-caption-text\">Falkner-Wochenende. Foto: (c) Burg Hohenzollern<\/p><\/div>\n<div class=\"twoclick_social_bookmarks_post_5059 social_share_privacy clearfix 1.6.4 locale-de_DE sprite-de_DE\"><\/div><div class=\"twoclick-js\"><script type=\"text\/javascript\">\/* <![CDATA[ *\/\njQuery(document).ready(function($){if($('.twoclick_social_bookmarks_post_5059')){$('.twoclick_social_bookmarks_post_5059').socialSharePrivacy({\"services\":{\"twitter\":{\"reply_to\":\"\",\"tweet_text\":\"Falkner-Wochenende%20auf%20der%20Burg%20Hohenzollern%20%C2%BB%20See-Infos.de%20%23Sigmaringen\",\"status\":\"on\",\"txt_info\":\"2 Klicks f\\u00fcr mehr Datenschutz: Erst wenn Sie hier klicken, wird der Button aktiv und Sie k\\u00f6nnen Ihre Empfehlung an Twitter senden. Schon beim Aktivieren werden Daten an Dritte \\u00fcbertragen - siehe <em>i<\\\/em>.\",\"perma_option\":\"off\",\"language\":\"de\",\"referrer_track\":\"\"},\"gplus\":{\"status\":\"on\",\"txt_info\":\"2 Klicks f\\u00fcr mehr Datenschutz: Erst wenn Sie hier klicken, wird der Button aktiv und Sie k\\u00f6nnen Ihre Empfehlung an Google+ senden. Schon beim Aktivieren werden Daten an Dritte \\u00fcbertragen - siehe <em>i<\\\/em>.\",\"perma_option\":\"off\",\"referrer_track\":\"\"},\"xing\":{\"status\":\"on\",\"txt_info\":\"2 Klicks f\\u00fcr mehr Datenschutz: Erst wenn Sie hier klicken, wird der Button aktiv und Sie k\\u00f6nnen Ihre Empfehlung an Xing senden. Schon beim Aktivieren werden Daten an Dritte \\u00fcbertragen - siehe <em>i<\\\/em>.\",\"perma_option\":\"off\",\"language\":\"de\",\"referrer_track\":\"\"},\"pinterest\":{\"status\":\"on\",\"the_excerpt\":\"Falkner-Wochenende auf der Burg Hohenzollern\",\"txt_info\":\"2 Klicks f\\u00fcr mehr Datenschutz: Erst wenn Sie hier klicken, wird der Button aktiv und Sie k\\u00f6nnen Ihre Empfehlung an Pinterest senden. Schon beim Aktivieren werden Daten an Dritte \\u00fcbertragen - siehe <em>i<\\\/em>.\",\"perma_option\":\"off\",\"media\":\"http:\\\/\\\/see-infos.de\\\/wp-content\\\/uploads\\\/2014\\\/09\\\/BHZ_RB_Falkner_01.jpg\"},\"linkedin\":{\"status\":\"on\",\"txt_info\":\"2 Klicks f\\u00fcr mehr Datenschutz: Erst wenn Sie hier klicken, wird der Button aktiv und Sie k\\u00f6nnen Ihre Empfehlung an LinkedIn senden. Schon beim Aktivieren werden Daten an Dritte \\u00fcbertragen - siehe <em>i<\\\/em>.\",\"perma_option\":\"off\"}},\"txt_help\":\"Wenn Sie diese Felder durch einen Klick aktivieren, werden Informationen an Facebook, Twitter, Flattr, Xing, t3n, LinkedIn, Pinterest oder Google eventuell ins Ausland \\u00fcbertragen und unter Umst\\u00e4nden auch dort gespeichert. N\\u00e4heres erfahren Sie durch einen Klick auf das <em>i<\\\/em>.\",\"settings_perma\":\"Dauerhaft aktivieren und Daten\\u00fcber-tragung zustimmen:\",\"info_link\":\"http:\\\/\\\/www.heise.de\\\/ct\\\/artikel\\\/2-Klicks-fuer-mehr-Datenschutz-1333879.html\",\"uri\":\"http:\\\/\\\/see-infos.de\\\/?p=5059\",\"post_id\":5059,\"post_title_referrer_track\":\"Falkner-Wochenende+auf+der+Burg+Hohenzollern\",\"display_infobox\":\"on\"});}});\n\/* ]]> *\/<\/script><\/div>","protected":false},"excerpt":{"rendered":"<p>Falkner-Wochenende Samstag &#038; Sonntag, 20. &#038; 21. September 2014 Majest\u00e4tische Adler, pfeilschnelle Falken und imposante Uhus erobern am Samstag und Sonntag, 20. und 21. September 2014, den Himmel \u00fcber der Burg Hohenzollern. Falkner Wolfgang Weller zeigt eine au\u00dfergew\u00f6hnliche Falkner-Schau und inszeniert ein aufsehenerregendes Spektakel f\u00fcr die ganze Familie. Dabei erkl\u00e4rt er in am\u00fcsanter Weise allerlei [&hellip;]<\/p>\n","protected":false},"author":1,"featured_media":5060,"comment_status":"open","ping_status":"open","sticky":false,"template":"","format":"standard","meta":[],"categories":[1,7],"tags":[105],"_links":{"self":[{"href":"http:\/\/see-infos.de\/index.php?rest_route=\/wp\/v2\/posts\/5059"}],"collection":[{"href":"http:\/\/see-infos.de\/index.php?rest_route=\/wp\/v2\/posts"}],"about":[{"href":"http:\/\/see-infos.de\/index.php?rest_route=\/wp\/v2\/types\/post"}],"author":[{"embeddable":true,"href":"http:\/\/see-infos.de\/index.php?rest_route=\/wp\/v2\/users\/1"}],"replies":[{"embeddable":true,"href":"http:\/\/see-infos.de\/index.php?rest_route=%2Fwp%2Fv2%2Fcomments&post=5059"}],"version-history":[{"count":0,"href":"http:\/\/see-infos.de\/index.php?rest_route=\/wp\/v2\/posts\/5059\/revisions"}],"wp:featuredmedia":[{"embeddable":true,"href":"http:\/\/see-infos.de\/index.php?rest_route=\/wp\/v2\/media\/5060"}],"wp:attachment":[{"href":"http:\/\/see-infos.de\/index.php?rest_route=%2Fwp%2Fv2%2Fmedia&parent=5059"}],"wp:term":[{"taxonomy":"category","embeddable":true,"href":"http:\/\/see-infos.de\/index.php?rest_route=%2Fwp%2Fv2%2Fcategories&post=5059"},{"taxonomy":"post_tag","embeddable":true,"href":"http:\/\/see-infos.de\/index.php?rest_route=%2Fwp%2Fv2%2Ftags&post=5059"}],"curies":[{"name":"wp","href":"https:\/\/api.w.org\/{rel}","templated":true}]}}