{"id":4874,"date":"2014-12-19T18:31:14","date_gmt":"2014-12-19T17:31:14","guid":{"rendered":"http:\/\/www.see-infos.de\/?p=4874"},"modified":"2022-08-10T08:40:45","modified_gmt":"2022-08-10T06:40:45","slug":"mas-des-quernes-die-erfolgsgeschichte-geht-weiter","status":"publish","type":"post","link":"http:\/\/see-infos.de\/?p=4874","title":{"rendered":"MAS DES QUERNES \u2013 DIE ERFOLGSGESCHICHTE GEHT WEITER"},"content":{"rendered":"<p><strong>Die Erfolgsserie f\u00fcr die Weine von Mas des Quernes, dem Weingut von Bioweinspezialist Peter Riegel und dem franz\u00f6sischen \u00d6nologen Jean Natoli, setzt sich fort. Gleich zu Jahresbeginn gewann das Weingut mit dem Gro\u00dfen Gold der MundusVini Biofach f\u00fcr seinen Topwein &#8218;Le Querne&#8216; die erste Troph\u00e4e, der im Laufe der letzten Monate weitere beachtliche Auszeichnungen folgten. <\/strong><br \/>\nZum echten Geheimtipp scheint sich &#8218;La Villa Romaine&#8216; zu entwickeln. War der 2010er bereits mehrfach pr\u00e4miert (Prix d&#8217;Excellence Vinalies 2012, Gold Concours International des Vins \u00e0 Lyon 2013, Gold Concours Mondial de Bruxelles 2013) so steht der 2011er ihm in nichts nach. Gold beim Concours G\u00e9n\u00e9ral Agricole Paris 2013, Gold bei Mundus Vini BioFach 2014 und 92\/100 Punkte Falstaff 03\/14 zeigen, dass hier ein echtes Kleinod in der Flasche verborgen ist. Was die beiden Weinmacher freut: Nicht nur ihre Toplinien sind pr\u00e4miert, auch die drei feinen Alltagsweine aus der Edition &#8218;Gens et Pierres&#8216; bieten echte Qualit\u00e4t f\u00fcrs Geld. Ganz aktuell der sch\u00f6nste Beweis: drei mal Gold beim internationalen Bioweinpreis 2014.<\/p>\n<p>Im Weingut selbst sind die Weichen f\u00fcr die kommenden Jahre gestellt: Pierre Natoli, Sohn von Jean Natoli, k\u00fcmmert sich bereits seit einem Jahr um die organisatorischen Abl\u00e4ufe sowie um die Vermarktung und die steigende Nachfrage der Weine in Frankreich. Mit Claire Menneteau wird sich k\u00fcnftig eine Agraringenieurin mit der Anwendung neuer und alter Biomethoden im Weinberg besch\u00e4ftigen. Ihre aktuellen Projekte sind die Kompostbereitung und der vorerst experimentelle Einstieg in biodynamischen Anbau.<\/p>\n<p>Der gegenw\u00e4rtige Aufstieg der &#8218;Les Terrasses du Larzac&#8216; zur eigenst\u00e4ndigen Appellation wird auch auf Mas des Quernes einige Ver\u00e4nderungen mit sich bringen. Inhaber Peter Riegel freut besonders, dass jetzt auch &#8218;Les Ruches&#8216; unter dem Dach der Appellation vermarktet werden kann und weitere Fl\u00e4chen nun neu AOP klassifiziert sind: \u201eIch finde die Anforderungen, die ja ausschlie\u00dflich f\u00fcr die roten Weine gelten, sind relativ streng, dabei aber gut \u00fcberlegt. Die Mengenbegrenzung auf 45 hl Ertrag, vor allem auch f\u00fcr den Carignan, der hier zu den wirklich guten Sorten geh\u00f6rt, entspricht unserem Qualit\u00e4tsdenken.\u201c<\/p>\n<p><img loading=\"lazy\" src=\"http:\/\/www.schechler.com\/see-infos\/wp-content\/uploads\/2014\/08\/Mas_des_Quernes.jpg\" alt=\"Weinberge Mas des Quernes\" width=\"600\" height=\"600\" align=\"right\" \/><br \/>\nWeinberge Mas des Quernes<\/p>\n<p><strong>Jean Natoli und Peter Riegel &#8211; Liebe auf den ersten Blick<\/strong><br \/>\nJean Natoli ist ein international anerkannter \u00d6nologe. Er leitet ein Team von rund 25 Mitarbeitern, das mehr als 300 Weing\u00fcter im S\u00fcden Frankreichs und in den angrenzenden Mittelmeerl\u00e4ndern dabei begleitet, m\u00f6glichst typische, charaktervolle, saubere und kundenfreundliche Weine zu erschaffen.<\/p>\n<p>Peter Riegel vertreibt mit 60 Mitarbeitern seit gut 25 Jahren rund 1000 feine Bioweine aus der ganzen Welt. Aus einer urspr\u00fcnglich professionellen Beziehung zur technischen Unterst\u00fctzung und Qualit\u00e4tssicherung bei Biowinzern wuchs schnell eine sch\u00f6ne Freundschaft, die mit dem gemeinsamen Kauf der Weinberge von Mas des Quernes ein neues Abenteuer erlebt.<\/p>\n<p>Zwei Mal 25 Jahre Weinerfahrung aus ganz verschiedenen Perspektiven schaffen eine solide Weinwissensbasis. Wein wirklich selbst machen, den eigenen Weinstil im Zusammenspiel mit dem vorgefundenen Terroir und allen Unberechenbarkeiten der Natur definieren und dann m\u00f6glichst treffsicher gestalten. Neue Herausforderungen von gro\u00dfem Reiz. Neues erfahren. Lernen. Jeden Tag.<\/p>\n<div id=\"attachment_4875\" style=\"width: 610px\" class=\"wp-caption alignright\"><img aria-describedby=\"caption-attachment-4875\" loading=\"lazy\" src=\"http:\/\/www.schechler.com\/see-infos\/wp-content\/uploads\/2014\/08\/winzer_201334_1.jpg\" alt=\"Jean Natoli und Peter Riegel \" width=\"600\" height=\"401\" class=\"size-full wp-image-4875\" srcset=\"http:\/\/see-infos.de\/wp-content\/uploads\/2014\/08\/winzer_201334_1.jpg 600w, http:\/\/see-infos.de\/wp-content\/uploads\/2014\/08\/winzer_201334_1-300x200.jpg 300w\" sizes=\"(max-width: 600px) 100vw, 600px\" \/><p id=\"caption-attachment-4875\" class=\"wp-caption-text\">Jean Natoli und Peter Riegel<\/p><\/div>\n<p>Die Firma Riegel Weinimport, Deutschlands Bioweinimporteur Nr. 1, betreibt am Firmensitz in Orsingen am Bodensee zwischen Stockach und Radolfzell einen Weinladen f\u00fcr Endkunden, in dem auch sch\u00f6ne Veranstaltungen zum Thema Wein angeboten werden. Hier einige Ausz\u00fcge aus dem aktuellen Programm:<\/p>\n<p>FR \u00b7 21.11.14 \u00b7 AB 19:00 UHR<br \/>\nKulinarium Mas des Quernes<br \/>\nim Restaurant Seehalde<\/p>\n<p>FR \u00b7 28.11.14 \u00b7 AB 19:00 UHR<br \/>\nRarit\u00e4tenprobe<\/p>\n<p>FR \u00b7 05.12.14 \u00b7 AB 18:00 UHR \u00b7 Treffpunkt Wein<br \/>\nFesttagsweine:<br \/>\nWeine zu Weihnachten und Silvester<\/p>\n<p>Details unter <a href=\"http:\/\/www.riegel.de\/unser-laden.html\" target=\"_blank\" rel=\"noopener noreferrer\">http:\/\/www.riegel.de\/unser-laden.html<\/a><\/p>\n<blockquote><p>Sich Zeit nehmen f\u00fcr gute Weine und nette Gespr\u00e4che \u2013 probieren und plaudern. Gemeinsam eines der spannendsten Getr\u00e4nke \u00fcberhaupt entdecken. Am ersten Freitag im Monat stellen wir Ihnen ab 18:00 Uhr eine repr\u00e4sentative Auswahl von mind. 8 Weinen zu einem ausgew\u00e4hlten Thema vor. Jeweils der Jahreszeit angepasst, werden die Weine kurz, knapp &#038; kommunikativ vorgestellt. Der Unkostenbeitrag i.H.v. 8,00 Euro pro Teilnehmer wird ab einem Bestellwert von 80,00 Euro verrechnet. Anmeldung erw\u00fcnscht, aber auch ohne Anmeldung sind Sie herzlich willkommen. Daneben richten wir auch gerne wir Ihre private Weinprobe \u2013 mit und ohne speziellen Anlass \u2013 in unseren R\u00e4umen oder \u00d6rtlichkeiten Ihrer Wahl aus. Sprechen Sie uns einfach an. Treffpunkt Wein im 2.Halbjahr 2014: 05.09.2014 \/ 07.11.2014 \/ 05.12.2014<\/p><\/blockquote>\n<p>Peter Riegel Weinimport GmbH<br \/>\nStein\u00e4cker 12, D78359 Orsingen<br \/>\nInternet: <a href=\"http:\/\/www.riegel.de\" target=\"_blank\" rel=\"noopener noreferrer\">www.riegel.de<\/a><\/p>\n<div class=\"twoclick_social_bookmarks_post_4874 social_share_privacy clearfix 1.6.4 locale-de_DE sprite-de_DE\"><\/div><div class=\"twoclick-js\"><script type=\"text\/javascript\">\/* <![CDATA[ *\/\njQuery(document).ready(function($){if($('.twoclick_social_bookmarks_post_4874')){$('.twoclick_social_bookmarks_post_4874').socialSharePrivacy({\"services\":{\"twitter\":{\"reply_to\":\"\",\"tweet_text\":\"%20MAS%20DES%20QUERNES%20%E2%80%93%20DIE%20ERFOLGSGESCHICHTE%20GEHT%20WEITER%20%C2%BB%20See-Infos.de%20...\",\"status\":\"on\",\"txt_info\":\"2 Klicks f\\u00fcr mehr Datenschutz: Erst wenn Sie hier klicken, wird der Button aktiv und Sie k\\u00f6nnen Ihre Empfehlung an Twitter senden. Schon beim Aktivieren werden Daten an Dritte \\u00fcbertragen - siehe <em>i<\\\/em>.\",\"perma_option\":\"off\",\"language\":\"de\",\"referrer_track\":\"\"},\"gplus\":{\"status\":\"on\",\"txt_info\":\"2 Klicks f\\u00fcr mehr Datenschutz: Erst wenn Sie hier klicken, wird der Button aktiv und Sie k\\u00f6nnen Ihre Empfehlung an Google+ senden. Schon beim Aktivieren werden Daten an Dritte \\u00fcbertragen - siehe <em>i<\\\/em>.\",\"perma_option\":\"off\",\"referrer_track\":\"\"},\"xing\":{\"status\":\"on\",\"txt_info\":\"2 Klicks f\\u00fcr mehr Datenschutz: Erst wenn Sie hier klicken, wird der Button aktiv und Sie k\\u00f6nnen Ihre Empfehlung an Xing senden. Schon beim Aktivieren werden Daten an Dritte \\u00fcbertragen - siehe <em>i<\\\/em>.\",\"perma_option\":\"off\",\"language\":\"de\",\"referrer_track\":\"\"},\"pinterest\":{\"status\":\"on\",\"the_excerpt\":\"MAS DES QUERNES \\u2013 DIE ERFOLGSGESCHICHTE GEHT WEITER\",\"txt_info\":\"2 Klicks f\\u00fcr mehr Datenschutz: Erst wenn Sie hier klicken, wird der Button aktiv und Sie k\\u00f6nnen Ihre Empfehlung an Pinterest senden. Schon beim Aktivieren werden Daten an Dritte \\u00fcbertragen - siehe <em>i<\\\/em>.\",\"perma_option\":\"off\",\"media\":\"http:\\\/\\\/see-infos.de\\\/wp-content\\\/uploads\\\/2014\\\/08\\\/winzer_201334_1.jpg\"},\"linkedin\":{\"status\":\"on\",\"txt_info\":\"2 Klicks f\\u00fcr mehr Datenschutz: Erst wenn Sie hier klicken, wird der Button aktiv und Sie k\\u00f6nnen Ihre Empfehlung an LinkedIn senden. Schon beim Aktivieren werden Daten an Dritte \\u00fcbertragen - siehe <em>i<\\\/em>.\",\"perma_option\":\"off\"}},\"txt_help\":\"Wenn Sie diese Felder durch einen Klick aktivieren, werden Informationen an Facebook, Twitter, Flattr, Xing, t3n, LinkedIn, Pinterest oder Google eventuell ins Ausland \\u00fcbertragen und unter Umst\\u00e4nden auch dort gespeichert. N\\u00e4heres erfahren Sie durch einen Klick auf das <em>i<\\\/em>.\",\"settings_perma\":\"Dauerhaft aktivieren und Daten\\u00fcber-tragung zustimmen:\",\"info_link\":\"http:\\\/\\\/www.heise.de\\\/ct\\\/artikel\\\/2-Klicks-fuer-mehr-Datenschutz-1333879.html\",\"uri\":\"http:\\\/\\\/see-infos.de\\\/?p=4874\",\"post_id\":4874,\"post_title_referrer_track\":\"MAS+DES+QUERNES+%E2%80%93+DIE+ERFOLGSGESCHICHTE+GEHT+WEITER\",\"display_infobox\":\"on\"});}});\n\/* ]]> *\/<\/script><\/div>","protected":false},"excerpt":{"rendered":"<p>Die Erfolgsserie f\u00fcr die Weine von Mas des Quernes, dem Weingut von Bioweinspezialist Peter Riegel und dem franz\u00f6sischen \u00d6nologen Jean Natoli, setzt sich fort. Gleich zu Jahresbeginn gewann das Weingut mit dem Gro\u00dfen Gold der MundusVini Biofach f\u00fcr seinen Topwein &#8218;Le Querne&#8216; die erste Troph\u00e4e, der im Laufe der letzten Monate weitere beachtliche Auszeichnungen folgten. [&hellip;]<\/p>\n","protected":false},"author":1,"featured_media":4875,"comment_status":"open","ping_status":"open","sticky":false,"template":"","format":"standard","meta":[],"categories":[1],"tags":[27,68],"_links":{"self":[{"href":"http:\/\/see-infos.de\/index.php?rest_route=\/wp\/v2\/posts\/4874"}],"collection":[{"href":"http:\/\/see-infos.de\/index.php?rest_route=\/wp\/v2\/posts"}],"about":[{"href":"http:\/\/see-infos.de\/index.php?rest_route=\/wp\/v2\/types\/post"}],"author":[{"embeddable":true,"href":"http:\/\/see-infos.de\/index.php?rest_route=\/wp\/v2\/users\/1"}],"replies":[{"embeddable":true,"href":"http:\/\/see-infos.de\/index.php?rest_route=%2Fwp%2Fv2%2Fcomments&post=4874"}],"version-history":[{"count":0,"href":"http:\/\/see-infos.de\/index.php?rest_route=\/wp\/v2\/posts\/4874\/revisions"}],"wp:featuredmedia":[{"embeddable":true,"href":"http:\/\/see-infos.de\/index.php?rest_route=\/wp\/v2\/media\/4875"}],"wp:attachment":[{"href":"http:\/\/see-infos.de\/index.php?rest_route=%2Fwp%2Fv2%2Fmedia&parent=4874"}],"wp:term":[{"taxonomy":"category","embeddable":true,"href":"http:\/\/see-infos.de\/index.php?rest_route=%2Fwp%2Fv2%2Fcategories&post=4874"},{"taxonomy":"post_tag","embeddable":true,"href":"http:\/\/see-infos.de\/index.php?rest_route=%2Fwp%2Fv2%2Ftags&post=4874"}],"curies":[{"name":"wp","href":"https:\/\/api.w.org\/{rel}","templated":true}]}}