{"id":3600,"date":"2014-12-20T13:52:18","date_gmt":"2014-12-20T12:52:18","guid":{"rendered":"http:\/\/www.see-infos.de\/?p=3600"},"modified":"2022-08-10T08:38:42","modified_gmt":"2022-08-10T06:38:42","slug":"die-zwiebel-hoeri-buelle-ist-jetzt-durch-eu-guetezeichen-geschuetzt","status":"publish","type":"post","link":"http:\/\/see-infos.de\/?p=3600","title":{"rendered":"Die Zwiebel \u201eH\u00f6ri B\u00fclle\u201c ist jetzt durch EU-G\u00fctezeichen gesch\u00fctzt"},"content":{"rendered":"<p><strong>Die Europ\u00e4ische Kommission hat f\u00fcr die regionale Spezialit\u00e4t \u201eH\u00f6ri B\u00fclle\u201c das G\u00fctezeichen \u201egesch\u00fctzte geografische Angabe (g.g.A.)\u201c vergeben. <\/strong><\/p>\n<p>&#8222;H\u00f6ri B\u00fclle&#8220; (g.g.A) ist eine rote Zwiebel mit einer charakteristischen Form und Farbe, die auf der Halbinsel H\u00f6ri am westlichen Ende des Bodensees w\u00e4chst. &#8222;H\u00f6ri B\u00fclle&#8220; ist eine alte regionale Zwiebelsorte, die dort seit Jahrhunderten angebaut wird. Ihr Samen ist nicht im Handel erh\u00e4ltlich. <\/p>\n<p>In der Europ\u00e4ischen Union k\u00f6nnen Herkunftsbezeichnungen bei Lebensmitteln und Agrarprodukten EU-weit gegen missbr\u00e4uchliche Nutzung gesch\u00fctzt werden. Die Liste umfasst inzwischen \u00fcber 1.200 Produkte.<\/p>\n<div id=\"attachment_61\" style=\"width: 610px\" class=\"wp-caption alignleft\"><img aria-describedby=\"caption-attachment-61\" loading=\"lazy\" src=\"http:\/\/www.schechler.com\/see-infos\/wp-content\/uploads\/2013\/03\/02102011759-1.jpg\" alt=\"B\u00fcllefest auf der H\u00f6ri\" width=\"600\" height=\"450\" class=\"size-full wp-image-61\" \/><p id=\"caption-attachment-61\" class=\"wp-caption-text\">B\u00fcllefest auf der H\u00f6ri<\/p><\/div>\n<div class=\"twoclick_social_bookmarks_post_3600 social_share_privacy clearfix 1.6.4 locale-de_DE sprite-de_DE\"><\/div><div class=\"twoclick-js\"><script type=\"text\/javascript\">\/* <![CDATA[ *\/\njQuery(document).ready(function($){if($('.twoclick_social_bookmarks_post_3600')){$('.twoclick_social_bookmarks_post_3600').socialSharePrivacy({\"services\":{\"twitter\":{\"reply_to\":\"\",\"tweet_text\":\"%20Die%20Zwiebel%20%E2%80%9EH%C3%B6ri%20B%C3%BClle%E2%80%9C%20ist%20jetzt%20durch%20EU-G%C3%BCtezeichen%20...\",\"status\":\"on\",\"txt_info\":\"2 Klicks f\\u00fcr mehr Datenschutz: Erst wenn Sie hier klicken, wird der Button aktiv und Sie k\\u00f6nnen Ihre Empfehlung an Twitter senden. Schon beim Aktivieren werden Daten an Dritte \\u00fcbertragen - siehe <em>i<\\\/em>.\",\"perma_option\":\"off\",\"language\":\"de\",\"referrer_track\":\"\"},\"gplus\":{\"status\":\"on\",\"txt_info\":\"2 Klicks f\\u00fcr mehr Datenschutz: Erst wenn Sie hier klicken, wird der Button aktiv und Sie k\\u00f6nnen Ihre Empfehlung an Google+ senden. Schon beim Aktivieren werden Daten an Dritte \\u00fcbertragen - siehe <em>i<\\\/em>.\",\"perma_option\":\"off\",\"referrer_track\":\"\"},\"xing\":{\"status\":\"on\",\"txt_info\":\"2 Klicks f\\u00fcr mehr Datenschutz: Erst wenn Sie hier klicken, wird der Button aktiv und Sie k\\u00f6nnen Ihre Empfehlung an Xing senden. Schon beim Aktivieren werden Daten an Dritte \\u00fcbertragen - siehe <em>i<\\\/em>.\",\"perma_option\":\"off\",\"language\":\"de\",\"referrer_track\":\"\"},\"pinterest\":{\"status\":\"on\",\"the_excerpt\":\"Die Zwiebel \\u201eH\\u00f6ri B\\u00fclle\\u201c ist jetzt durch EU-G\\u00fctezeichen gesch\\u00fctzt\",\"txt_info\":\"2 Klicks f\\u00fcr mehr Datenschutz: Erst wenn Sie hier klicken, wird der Button aktiv und Sie k\\u00f6nnen Ihre Empfehlung an Pinterest senden. Schon beim Aktivieren werden Daten an Dritte \\u00fcbertragen - siehe <em>i<\\\/em>.\",\"perma_option\":\"off\",\"media\":\"http:\\\/\\\/www.schechler.com\\\/see-infos\\\/wp-content\\\/uploads\\\/2013\\\/03\\\/02102011759-1.jpg\"},\"linkedin\":{\"status\":\"on\",\"txt_info\":\"2 Klicks f\\u00fcr mehr Datenschutz: Erst wenn Sie hier klicken, wird der Button aktiv und Sie k\\u00f6nnen Ihre Empfehlung an LinkedIn senden. Schon beim Aktivieren werden Daten an Dritte \\u00fcbertragen - siehe <em>i<\\\/em>.\",\"perma_option\":\"off\"}},\"txt_help\":\"Wenn Sie diese Felder durch einen Klick aktivieren, werden Informationen an Facebook, Twitter, Flattr, Xing, t3n, LinkedIn, Pinterest oder Google eventuell ins Ausland \\u00fcbertragen und unter Umst\\u00e4nden auch dort gespeichert. N\\u00e4heres erfahren Sie durch einen Klick auf das <em>i<\\\/em>.\",\"settings_perma\":\"Dauerhaft aktivieren und Daten\\u00fcber-tragung zustimmen:\",\"info_link\":\"http:\\\/\\\/www.heise.de\\\/ct\\\/artikel\\\/2-Klicks-fuer-mehr-Datenschutz-1333879.html\",\"uri\":\"http:\\\/\\\/see-infos.de\\\/?p=3600\",\"post_id\":3600,\"post_title_referrer_track\":\"Die+Zwiebel+%E2%80%9EH%C3%B6ri+B%C3%BClle%E2%80%9C+ist+jetzt+durch+EU-G%C3%BCtezeichen+gesch%C3%BCtzt\",\"display_infobox\":\"on\"});}});\n\/* ]]> *\/<\/script><\/div>","protected":false},"excerpt":{"rendered":"<p>Die Europ\u00e4ische Kommission hat f\u00fcr die regionale Spezialit\u00e4t \u201eH\u00f6ri B\u00fclle\u201c das G\u00fctezeichen \u201egesch\u00fctzte geografische Angabe (g.g.A.)\u201c vergeben. &#8222;H\u00f6ri B\u00fclle&#8220; (g.g.A) ist eine rote Zwiebel mit einer charakteristischen Form und Farbe, die auf der Halbinsel H\u00f6ri am westlichen Ende des Bodensees w\u00e4chst. &#8222;H\u00f6ri B\u00fclle&#8220; ist eine alte regionale Zwiebelsorte, die dort seit Jahrhunderten angebaut wird. Ihr [&hellip;]<\/p>\n","protected":false},"author":1,"featured_media":22642,"comment_status":"closed","ping_status":"closed","sticky":false,"template":"","format":"standard","meta":[],"categories":[1,7],"tags":[34],"_links":{"self":[{"href":"http:\/\/see-infos.de\/index.php?rest_route=\/wp\/v2\/posts\/3600"}],"collection":[{"href":"http:\/\/see-infos.de\/index.php?rest_route=\/wp\/v2\/posts"}],"about":[{"href":"http:\/\/see-infos.de\/index.php?rest_route=\/wp\/v2\/types\/post"}],"author":[{"embeddable":true,"href":"http:\/\/see-infos.de\/index.php?rest_route=\/wp\/v2\/users\/1"}],"replies":[{"embeddable":true,"href":"http:\/\/see-infos.de\/index.php?rest_route=%2Fwp%2Fv2%2Fcomments&post=3600"}],"version-history":[{"count":0,"href":"http:\/\/see-infos.de\/index.php?rest_route=\/wp\/v2\/posts\/3600\/revisions"}],"wp:featuredmedia":[{"embeddable":true,"href":"http:\/\/see-infos.de\/index.php?rest_route=\/wp\/v2\/media\/22642"}],"wp:attachment":[{"href":"http:\/\/see-infos.de\/index.php?rest_route=%2Fwp%2Fv2%2Fmedia&parent=3600"}],"wp:term":[{"taxonomy":"category","embeddable":true,"href":"http:\/\/see-infos.de\/index.php?rest_route=%2Fwp%2Fv2%2Fcategories&post=3600"},{"taxonomy":"post_tag","embeddable":true,"href":"http:\/\/see-infos.de\/index.php?rest_route=%2Fwp%2Fv2%2Ftags&post=3600"}],"curies":[{"name":"wp","href":"https:\/\/api.w.org\/{rel}","templated":true}]}}