{"id":27494,"date":"2026-03-17T07:39:05","date_gmt":"2026-03-17T06:39:05","guid":{"rendered":"http:\/\/see-infos.de\/?p=27494"},"modified":"2026-03-04T18:49:06","modified_gmt":"2026-03-04T17:49:06","slug":"saisonstart-in-wolfegg-mitmachen-ausdruecklich-erwuenscht","status":"publish","type":"post","link":"http:\/\/see-infos.de\/?p=27494","title":{"rendered":"Saisonstart in Wolfegg: Mitmachen ausdr\u00fccklich erw\u00fcnscht"},"content":{"rendered":"<p>#bauernhausmuseum #wolfegg<\/p>\n<p><strong>Im Bauernhaus-Museum Allg\u00e4u-Oberschwaben Wolfegg beginnt am 19. M\u00e4rz 2026 die neue Saison. Unter dem Motto \u201eMitmachen im Museum\u201c l\u00e4dt das Freilichtmuseum Besucherinnen und Besucher dazu ein, einen Blick hinter die Kulissen zu werfen und Museumsarbeit ganz nah zu erleben.<\/strong><\/p>\n<p><strong>Auftakt am 19. M\u00e4rz<\/strong><br \/>\nDer Saisonstart findet am 19. M\u00e4rz von 10 bis 16 Uhr statt, eine Anmeldung ist nicht erforderlich. Im Mittelpunkt stehen Einblicke in Aufgaben, die sonst oft im Verborgenen bleiben: Wie werden historische Geb\u00e4ude erhalten? Wie funktioniert Sammlungspflege? Und was geh\u00f6rt alles dazu, ein Freilichtmuseum lebendig zu halten? \u00dcber das Jahr verteilt bietet das Museum dazu besondere Aktionen und Einblicke an.<\/p>\n<p><strong>Familiensamstag zur Fastenzeit<\/strong><br \/>\nAm 21. M\u00e4rz von 10 bis 16 Uhr folgt der erste Familiensamstag der Saison. Thema ist \u201eBr\u00e4uche zur Fastenzeit\u201c. Neben verg\u00fcnstigten Familientickets gibt es ein kostenloses, \u00f6ffentliches Mitmach-Projekt. Ein Angebot f\u00fcr Gro\u00df und Klein, das Traditionen erlebbar macht und Raum zum Ausprobieren bietet.<\/p>\n<p><strong>Neue Dauerausstellung: Sammeln im Freilichtmuseum<\/strong><br \/>\nEbenfalls am 21. M\u00e4rz, ab 11 Uhr, er\u00f6ffnet die neue Dauerausstellung \u201eZwischen Kisten und Kostbarkeiten. Sammeln im Freilichtmuseum\u201c. Sie widmet sich der Frage, wie Sammeln im Museum eigentlich funktioniert.<\/p>\n<p>Was ist bewahrenswert? Wie werden Objekte fachgerecht gelagert und konserviert? Und welche Herausforderungen bringt die Sammlungspflege mit sich? Die Ausstellung zeigt anschaulich die einzelnen Arbeitsschritte und macht deutlich, wie viel Sorgfalt hinter jeder bewahrten \u201eKostbarkeit\u201c steckt.<\/p>\n<div id=\"attachment_27495\" style=\"width: 610px\" class=\"wp-caption alignleft\"><img aria-describedby=\"caption-attachment-27495\" loading=\"lazy\" src=\"http:\/\/see-infos.de\/wp-content\/uploads\/2026\/03\/Huehner-im-BHM_Foto-Ernst-Fesseler.jpg\" alt=\"\" width=\"600\" height=\"400\" class=\"size-full wp-image-27495\" srcset=\"http:\/\/see-infos.de\/wp-content\/uploads\/2026\/03\/Huehner-im-BHM_Foto-Ernst-Fesseler.jpg 600w, http:\/\/see-infos.de\/wp-content\/uploads\/2026\/03\/Huehner-im-BHM_Foto-Ernst-Fesseler-300x200.jpg 300w\" sizes=\"(max-width: 600px) 100vw, 600px\" \/><p id=\"caption-attachment-27495\" class=\"wp-caption-text\">H\u00fchner im Bauernhaus-Museum Allg\u00e4u-Oberschwaben Wolfegg._Foto &copy; Ernst Fesseler<\/p><\/div>\n<p><strong>Vortr\u00e4ge, Kurse und F\u00fchrungen<\/strong><br \/>\nAuch das Veranstaltungsprogramm startet im M\u00e4rz mit abwechslungsreichen Terminen:<\/p>\n<p>26. M\u00e4rz, 19 bis 21 Uhr: \u201eR\u00e4ucherbrauchtum \u2013 R\u00e4uchern mit heimischen Kr\u00e4utern\u201c. Irene B\u00e4nsch gibt Einblicke in das traditionelle R\u00e4uchern. Veranstaltungsort ist die Zehntscheuer im Museum. Eintritt: 4 Euro pro Person.<\/p>\n<p>26. M\u00e4rz, 19 bis 21 Uhr: \u201eObstbaumschnitt f\u00fcr Fortgeschrittene\u201c. Unter der Leitung von Werner B\u00e4renweiler wird das Wissen zur Pflege und zum fachgerechten Schnitt von Obstb\u00e4umen praktisch vertieft. Anmeldung bis 25. M\u00e4rz erforderlich, Geb\u00fchr: 30 Euro pro Person.<\/p>\n<p>29. M\u00e4rz, 11.30 bis 12.30 Uhr: \u00d6ffentliche allgemeine Museumsf\u00fchrung durch die Kulturlandschaft mit ihren 28 historischen Geb\u00e4uden.<\/p>\n<p>29. M\u00e4rz, 13 bis 14 Uhr: \u00d6ffentliche F\u00fchrung durch die Bauernkriegs-Ausstellung \u201e1525 \u2013 Bauernkrieg in Oberschwaben\u201c.<\/p>\n<p>F\u00fcr alle genannten Termine ist keine Anmeldung erforderlich, sofern nicht anders angegeben.<\/p>\n<p><strong>\u00d6ffnungszeiten und Kontakt<\/strong><br \/>\nAb dem 19. M\u00e4rz 2026 ist das Museum wieder regul\u00e4r ge\u00f6ffnet:<br \/>\nDienstag bis Sonntag von 10 bis 17 Uhr, montags bleibt das Gel\u00e4nde geschlossen.<br \/>\nAdresse: Vogter Stra\u00dfe 4, 88364 Wolfegg<\/p>\n<p>Weitere Informationen unter: <a href=\"http:\/\/www.bauernhaus-museum.de\" rel=\"noopener noreferrer\" target=\"_blank\">www.bauernhaus-museum.de<\/a><\/p>\n<p>Mit dem neuen Jahresmotto setzt das Bauernhaus-Museum bewusst auf Beteiligung. Wer schon immer wissen wollte, wie Museumsarbeit hinter den Kulissen aussieht oder selbst aktiv werden m\u00f6chte, findet in dieser Saison viele Gelegenheiten dazu.<\/p>\n<div class=\"twoclick_social_bookmarks_post_27494 social_share_privacy clearfix 1.6.4 locale-de_DE sprite-de_DE\"><\/div><div class=\"twoclick-js\"><script type=\"text\/javascript\">\/* <![CDATA[ *\/\njQuery(document).ready(function($){if($('.twoclick_social_bookmarks_post_27494')){$('.twoclick_social_bookmarks_post_27494').socialSharePrivacy({\"services\":{\"twitter\":{\"reply_to\":\"\",\"tweet_text\":\"%20Saisonstart%20in%20Wolfegg%3A%20Mitmachen%20ausdr%C3%BCcklich%20erw%C3%BCnscht%20%C2%BB%20See-Infos.de%20...\",\"status\":\"on\",\"txt_info\":\"2 Klicks f\\u00fcr mehr Datenschutz: Erst wenn Sie hier klicken, wird der Button aktiv und Sie k\\u00f6nnen Ihre Empfehlung an Twitter senden. Schon beim Aktivieren werden Daten an Dritte \\u00fcbertragen - siehe <em>i<\\\/em>.\",\"perma_option\":\"off\",\"language\":\"de\",\"referrer_track\":\"\"},\"gplus\":{\"status\":\"on\",\"txt_info\":\"2 Klicks f\\u00fcr mehr Datenschutz: Erst wenn Sie hier klicken, wird der Button aktiv und Sie k\\u00f6nnen Ihre Empfehlung an Google+ senden. Schon beim Aktivieren werden Daten an Dritte \\u00fcbertragen - siehe <em>i<\\\/em>.\",\"perma_option\":\"off\",\"referrer_track\":\"\"},\"xing\":{\"status\":\"on\",\"txt_info\":\"2 Klicks f\\u00fcr mehr Datenschutz: Erst wenn Sie hier klicken, wird der Button aktiv und Sie k\\u00f6nnen Ihre Empfehlung an Xing senden. Schon beim Aktivieren werden Daten an Dritte \\u00fcbertragen - siehe <em>i<\\\/em>.\",\"perma_option\":\"off\",\"language\":\"de\",\"referrer_track\":\"\"},\"pinterest\":{\"status\":\"on\",\"the_excerpt\":\"Saisonstart in Wolfegg: Mitmachen ausdr\\u00fccklich erw\\u00fcnscht\",\"txt_info\":\"2 Klicks f\\u00fcr mehr Datenschutz: Erst wenn Sie hier klicken, wird der Button aktiv und Sie k\\u00f6nnen Ihre Empfehlung an Pinterest senden. Schon beim Aktivieren werden Daten an Dritte \\u00fcbertragen - siehe <em>i<\\\/em>.\",\"perma_option\":\"off\",\"media\":\"http:\\\/\\\/see-infos.de\\\/wp-content\\\/uploads\\\/2026\\\/03\\\/Huehner-im-BHM_Foto-Ernst-Fesseler.jpg\"},\"linkedin\":{\"status\":\"on\",\"txt_info\":\"2 Klicks f\\u00fcr mehr Datenschutz: Erst wenn Sie hier klicken, wird der Button aktiv und Sie k\\u00f6nnen Ihre Empfehlung an LinkedIn senden. Schon beim Aktivieren werden Daten an Dritte \\u00fcbertragen - siehe <em>i<\\\/em>.\",\"perma_option\":\"off\"}},\"txt_help\":\"Wenn Sie diese Felder durch einen Klick aktivieren, werden Informationen an Facebook, Twitter, Flattr, Xing, t3n, LinkedIn, Pinterest oder Google eventuell ins Ausland \\u00fcbertragen und unter Umst\\u00e4nden auch dort gespeichert. N\\u00e4heres erfahren Sie durch einen Klick auf das <em>i<\\\/em>.\",\"settings_perma\":\"Dauerhaft aktivieren und Daten\\u00fcber-tragung zustimmen:\",\"info_link\":\"http:\\\/\\\/www.heise.de\\\/ct\\\/artikel\\\/2-Klicks-fuer-mehr-Datenschutz-1333879.html\",\"uri\":\"http:\\\/\\\/see-infos.de\\\/?p=27494\",\"post_id\":27494,\"post_title_referrer_track\":\"Saisonstart+in+Wolfegg%3A+Mitmachen+ausdr%C3%BCcklich+erw%C3%BCnscht\",\"display_infobox\":\"on\"});}});\n\/* ]]> *\/<\/script><\/div>","protected":false},"excerpt":{"rendered":"<p>#bauernhausmuseum #wolfegg Im Bauernhaus-Museum Allg\u00e4u-Oberschwaben Wolfegg beginnt am 19. M\u00e4rz 2026 die neue Saison. Unter dem Motto \u201eMitmachen im Museum\u201c l\u00e4dt das Freilichtmuseum Besucherinnen und Besucher dazu ein, einen Blick hinter die Kulissen zu werfen und Museumsarbeit ganz nah zu erleben. Auftakt am 19. M\u00e4rz Der Saisonstart findet am 19. M\u00e4rz von 10 bis 16 [&hellip;]<\/p>\n","protected":false},"author":1,"featured_media":27495,"comment_status":"closed","ping_status":"closed","sticky":false,"template":"","format":"standard","meta":[],"categories":[1,7],"tags":[120,23,80],"_links":{"self":[{"href":"http:\/\/see-infos.de\/index.php?rest_route=\/wp\/v2\/posts\/27494"}],"collection":[{"href":"http:\/\/see-infos.de\/index.php?rest_route=\/wp\/v2\/posts"}],"about":[{"href":"http:\/\/see-infos.de\/index.php?rest_route=\/wp\/v2\/types\/post"}],"author":[{"embeddable":true,"href":"http:\/\/see-infos.de\/index.php?rest_route=\/wp\/v2\/users\/1"}],"replies":[{"embeddable":true,"href":"http:\/\/see-infos.de\/index.php?rest_route=%2Fwp%2Fv2%2Fcomments&post=27494"}],"version-history":[{"count":1,"href":"http:\/\/see-infos.de\/index.php?rest_route=\/wp\/v2\/posts\/27494\/revisions"}],"predecessor-version":[{"id":27496,"href":"http:\/\/see-infos.de\/index.php?rest_route=\/wp\/v2\/posts\/27494\/revisions\/27496"}],"wp:featuredmedia":[{"embeddable":true,"href":"http:\/\/see-infos.de\/index.php?rest_route=\/wp\/v2\/media\/27495"}],"wp:attachment":[{"href":"http:\/\/see-infos.de\/index.php?rest_route=%2Fwp%2Fv2%2Fmedia&parent=27494"}],"wp:term":[{"taxonomy":"category","embeddable":true,"href":"http:\/\/see-infos.de\/index.php?rest_route=%2Fwp%2Fv2%2Fcategories&post=27494"},{"taxonomy":"post_tag","embeddable":true,"href":"http:\/\/see-infos.de\/index.php?rest_route=%2Fwp%2Fv2%2Ftags&post=27494"}],"curies":[{"name":"wp","href":"https:\/\/api.w.org\/{rel}","templated":true}]}}