{"id":27474,"date":"2026-03-05T07:52:49","date_gmt":"2026-03-05T06:52:49","guid":{"rendered":"http:\/\/see-infos.de\/?p=27474"},"modified":"2026-03-05T17:24:21","modified_gmt":"2026-03-05T16:24:21","slug":"migros-kulturprozent-tanzfestival-steps-2026","status":"publish","type":"post","link":"http:\/\/see-infos.de\/?p=27474","title":{"rendered":"Migros-Kulturprozent Tanzfestival Steps 2026"},"content":{"rendered":"<p>#Steps2026 #Tanzfestival <\/p>\n<p><strong>Vom 5. bis 29. M\u00e4rz 2026 bringt das Migros-Kulturprozent Tanzfestival Steps zeitgen\u00f6ssischen Tanz in 33 St\u00e4dte und Gemeinden. In seiner 20. Ausgabe zeigt das Festival 74 Vorstellungen von 12 internationalen und nationalen Compagnien \u2013 und macht Tanz nicht nur auf der B\u00fchne, sondern auch im Klassenzimmer und im direkten Austausch erlebbar.<\/strong><\/p>\n<p><strong>Auftakt mit Weltpremiere<\/strong><br \/>\nEr\u00f6ffnet wird das Festival am 5. M\u00e4rz 2026 in der Dampfzentrale Bern mit der Weltpremiere von \u00abIN THE BRAIN\u00bb des renommierten Choreografen Hofesh Shechter und seiner Compagnie Shechter II (GBR). Danach spannt Steps einen weiten Bogen: von energiegeladenen Ensembleproduktionen bis zu intimen, forschenden St\u00fccken, die neue Perspektiven auf K\u00f6rper und Bewegung er\u00f6ffnen.<\/p>\n<p><strong>Tanz an der Schule<\/strong><br \/>\nEin Schwerpunkt liegt auf der Vermittlung. Rund um die Produktion \u00abBeyond\u00bb der belgischen Compagnie Circumstances finden \u00fcber 70 Workshops in allen Landesteilen statt. Kinder und Jugendliche lernen Bewegungsabl\u00e4ufe und Musik kennen, entwickeln eigene Sequenzen und besuchen im Anschluss eine Schulvorstellung. So entsteht ein direkter Bezug zwischen eigener Erfahrung und professioneller B\u00fchnenarbeit.<\/p>\n<div id=\"attachment_27475\" style=\"width: 610px\" class=\"wp-caption alignleft\"><img aria-describedby=\"caption-attachment-27475\" loading=\"lazy\" src=\"http:\/\/see-infos.de\/wp-content\/uploads\/2026\/02\/2_ima-by-GoeteborgsOperansDanskompani-\u00a9Tilo-Stengel.jpg\" alt=\"\" width=\"600\" height=\"400\" class=\"size-full wp-image-27475\" srcset=\"http:\/\/see-infos.de\/wp-content\/uploads\/2026\/02\/2_ima-by-GoeteborgsOperansDanskompani-\u00a9Tilo-Stengel.jpg 600w, http:\/\/see-infos.de\/wp-content\/uploads\/2026\/02\/2_ima-by-GoeteborgsOperansDanskompani-\u00a9Tilo-Stengel-300x200.jpg 300w\" sizes=\"(max-width: 600px) 100vw, 600px\" \/><p id=\"caption-attachment-27475\" class=\"wp-caption-text\">G\u00f6teborgs Operans Danskompani. Foto \u00a9Tilo Stengel<\/p><\/div>\n<p><strong>Mehr als Zuschauen<\/strong><br \/>\nZeitgen\u00f6ssischer Tanz lebt vom Dialog. W\u00e4hrend des Festivals geben beteiligte K\u00fcnstler*innen Einblicke in ihre Arbeitsweise. Einige Workshops richten sich an Profis, andere stehen allen offen \u2013 mit oder ohne Vorerfahrung. Einf\u00fchrungen und Nachgespr\u00e4che laden dazu ein, Hintergr\u00fcnde zu verstehen und mit den Compagnien ins Gespr\u00e4ch zu kommen.<\/p>\n<p><strong>Raum f\u00fcr Neues<\/strong><br \/>\nMit dem F\u00f6rderprogramm NEXT STEPS unterst\u00fctzt das Festival neue choreografische Handschriften. 2026 entsteht der Doppelabend \u00abTwi\/light\u00bb mit der St.Gallen Dance Company (Choreografie: Rachelle Ana\u00efs Scott) und dem Bern Ballett (Choreografie: Marioenrico D\u2019Angelo).<\/p>\n<p>Parallel dazu arbeiten Joy Alpuerto Ritter und Hannes Langolf gemeinsam mit der Schweizer K\u00fcnstlerin Sarafina Beck im Januar 2026 im Tanzhaus Z\u00fcrich an \u00abThe Fall \/ Risings\u00bb, das im M\u00e4rz an mehreren Spielorten im Rahmen von Steps zu sehen sein wird. Das Festival wird damit auch zum Labor f\u00fcr neue Produktionen.<\/p>\n<p><strong>Festivaldaten<\/strong><br \/>\nMigros-Kulturprozent Tanzfestival Steps 2026<br \/>\n5.\u201329. M\u00e4rz 2026<br \/>\n33 St\u00e4dte und Gemeinden in der Schweiz<\/p>\n<p><strong>Tickets<\/strong><br \/>\nDer Vorverkauf l\u00e4uft \u00fcber die jeweiligen Theater.<\/p>\n<p><strong>Hintergrund<\/strong><br \/>\nDas Migros-Kulturprozent Tanzfestival Steps findet seit 1988 alle zwei Jahre statt und bringt Tanz in grosse Zentren ebenso wie in kleinere St\u00e4dte und Gemeinden. Neben dem B\u00fchnenprogramm setzt Steps auf Austausch, Vermittlung und nachhaltige Impulse f\u00fcr die Schweizer Tanzszene. Weitere Informationen unter <a href=\"http:\/\/steps.ch\" rel=\"noopener noreferrer\" target=\"_blank\">steps.ch<\/a>.<\/p>\n<div class=\"twoclick_social_bookmarks_post_27474 social_share_privacy clearfix 1.6.4 locale-de_DE sprite-de_DE\"><\/div><div class=\"twoclick-js\"><script type=\"text\/javascript\">\/* <![CDATA[ *\/\njQuery(document).ready(function($){if($('.twoclick_social_bookmarks_post_27474')){$('.twoclick_social_bookmarks_post_27474').socialSharePrivacy({\"services\":{\"twitter\":{\"reply_to\":\"\",\"tweet_text\":\"Migros-Kulturprozent%20Tanzfestival%20Steps%202026%20%C2%BB%20See-Infos.de%20%23Schweiz\",\"status\":\"on\",\"txt_info\":\"2 Klicks f\\u00fcr mehr Datenschutz: Erst wenn Sie hier klicken, wird der Button aktiv und Sie k\\u00f6nnen Ihre Empfehlung an Twitter senden. Schon beim Aktivieren werden Daten an Dritte \\u00fcbertragen - siehe <em>i<\\\/em>.\",\"perma_option\":\"off\",\"language\":\"de\",\"referrer_track\":\"\"},\"gplus\":{\"status\":\"on\",\"txt_info\":\"2 Klicks f\\u00fcr mehr Datenschutz: Erst wenn Sie hier klicken, wird der Button aktiv und Sie k\\u00f6nnen Ihre Empfehlung an Google+ senden. Schon beim Aktivieren werden Daten an Dritte \\u00fcbertragen - siehe <em>i<\\\/em>.\",\"perma_option\":\"off\",\"referrer_track\":\"\"},\"xing\":{\"status\":\"on\",\"txt_info\":\"2 Klicks f\\u00fcr mehr Datenschutz: Erst wenn Sie hier klicken, wird der Button aktiv und Sie k\\u00f6nnen Ihre Empfehlung an Xing senden. Schon beim Aktivieren werden Daten an Dritte \\u00fcbertragen - siehe <em>i<\\\/em>.\",\"perma_option\":\"off\",\"language\":\"de\",\"referrer_track\":\"\"},\"pinterest\":{\"status\":\"on\",\"the_excerpt\":\"Migros-Kulturprozent Tanzfestival Steps 2026\",\"txt_info\":\"2 Klicks f\\u00fcr mehr Datenschutz: Erst wenn Sie hier klicken, wird der Button aktiv und Sie k\\u00f6nnen Ihre Empfehlung an Pinterest senden. Schon beim Aktivieren werden Daten an Dritte \\u00fcbertragen - siehe <em>i<\\\/em>.\",\"perma_option\":\"off\",\"media\":\"http:\\\/\\\/see-infos.de\\\/wp-content\\\/uploads\\\/2026\\\/02\\\/2_ima-by-GoeteborgsOperansDanskompani-\\u00a9Tilo-Stengel.jpg\"},\"linkedin\":{\"status\":\"on\",\"txt_info\":\"2 Klicks f\\u00fcr mehr Datenschutz: Erst wenn Sie hier klicken, wird der Button aktiv und Sie k\\u00f6nnen Ihre Empfehlung an LinkedIn senden. Schon beim Aktivieren werden Daten an Dritte \\u00fcbertragen - siehe <em>i<\\\/em>.\",\"perma_option\":\"off\"}},\"txt_help\":\"Wenn Sie diese Felder durch einen Klick aktivieren, werden Informationen an Facebook, Twitter, Flattr, Xing, t3n, LinkedIn, Pinterest oder Google eventuell ins Ausland \\u00fcbertragen und unter Umst\\u00e4nden auch dort gespeichert. N\\u00e4heres erfahren Sie durch einen Klick auf das <em>i<\\\/em>.\",\"settings_perma\":\"Dauerhaft aktivieren und Daten\\u00fcber-tragung zustimmen:\",\"info_link\":\"http:\\\/\\\/www.heise.de\\\/ct\\\/artikel\\\/2-Klicks-fuer-mehr-Datenschutz-1333879.html\",\"uri\":\"http:\\\/\\\/see-infos.de\\\/?p=27474\",\"post_id\":27474,\"post_title_referrer_track\":\"Migros-Kulturprozent+Tanzfestival+Steps+2026\",\"display_infobox\":\"on\"});}});\n\/* ]]> *\/<\/script><\/div>","protected":false},"excerpt":{"rendered":"<p>#Steps2026 #Tanzfestival Vom 5. bis 29. M\u00e4rz 2026 bringt das Migros-Kulturprozent Tanzfestival Steps zeitgen\u00f6ssischen Tanz in 33 St\u00e4dte und Gemeinden. In seiner 20. Ausgabe zeigt das Festival 74 Vorstellungen von 12 internationalen und nationalen Compagnien \u2013 und macht Tanz nicht nur auf der B\u00fchne, sondern auch im Klassenzimmer und im direkten Austausch erlebbar. Auftakt mit [&hellip;]<\/p>\n","protected":false},"author":1,"featured_media":27475,"comment_status":"closed","ping_status":"closed","sticky":false,"template":"","format":"standard","meta":[],"categories":[1,7],"tags":[75],"_links":{"self":[{"href":"http:\/\/see-infos.de\/index.php?rest_route=\/wp\/v2\/posts\/27474"}],"collection":[{"href":"http:\/\/see-infos.de\/index.php?rest_route=\/wp\/v2\/posts"}],"about":[{"href":"http:\/\/see-infos.de\/index.php?rest_route=\/wp\/v2\/types\/post"}],"author":[{"embeddable":true,"href":"http:\/\/see-infos.de\/index.php?rest_route=\/wp\/v2\/users\/1"}],"replies":[{"embeddable":true,"href":"http:\/\/see-infos.de\/index.php?rest_route=%2Fwp%2Fv2%2Fcomments&post=27474"}],"version-history":[{"count":1,"href":"http:\/\/see-infos.de\/index.php?rest_route=\/wp\/v2\/posts\/27474\/revisions"}],"predecessor-version":[{"id":27476,"href":"http:\/\/see-infos.de\/index.php?rest_route=\/wp\/v2\/posts\/27474\/revisions\/27476"}],"wp:featuredmedia":[{"embeddable":true,"href":"http:\/\/see-infos.de\/index.php?rest_route=\/wp\/v2\/media\/27475"}],"wp:attachment":[{"href":"http:\/\/see-infos.de\/index.php?rest_route=%2Fwp%2Fv2%2Fmedia&parent=27474"}],"wp:term":[{"taxonomy":"category","embeddable":true,"href":"http:\/\/see-infos.de\/index.php?rest_route=%2Fwp%2Fv2%2Fcategories&post=27474"},{"taxonomy":"post_tag","embeddable":true,"href":"http:\/\/see-infos.de\/index.php?rest_route=%2Fwp%2Fv2%2Ftags&post=27474"}],"curies":[{"name":"wp","href":"https:\/\/api.w.org\/{rel}","templated":true}]}}