{"id":27456,"date":"2026-04-25T07:55:13","date_gmt":"2026-04-25T05:55:13","guid":{"rendered":"http:\/\/see-infos.de\/?p=27456"},"modified":"2026-02-15T19:58:31","modified_gmt":"2026-02-15T18:58:31","slug":"aktionswoche-barrierefrei-westlicher-bodensee","status":"publish","type":"post","link":"http:\/\/see-infos.de\/?p=27456","title":{"rendered":"Aktionswoche: Barrierefrei Westlicher Bodensee"},"content":{"rendered":"<p>#BodenseeWest<\/p>\n<p><strong>Manchmal reicht ein Perspektivwechsel, um Vertrautes neu zu entdecken: ein anderer Weg, ein neuer Blick, ein Moment des Innehaltens. Genau dazu l\u00e4dt der westliche Bodensee 2026 ein. Zwischen sanftem See und markanten Vulkankegeln er\u00f6ffnen sich neue Zug\u00e4nge zur Region und ihrer Geschichte, etwa mit der Wiederer\u00f6ffnung der Marienschlucht, mit Blicken in die Vergangenheit beim Stadtjubil\u00e4um \u201e1200 Jahre Radolfzell\u201c, im neuen Asisi-Panorama in Konstanz und auf dem neuen Radwegenetz im Landkreis Konstanz. Begegnungen werden bewusster und Teilhabe r\u00fcckt st\u00e4rker in den Fokus, unter anderem bei der Aktionswoche \u201eBarrierefrei Westlicher Bodensee\u201c. Ob auf dem Wasser oder auf zwei R\u00e4dern, in gr\u00fcnen Paradiesen, lebendigen St\u00e4dten oder in stiller Natur: Neue Angebote erg\u00e4nzen bew\u00e4hrte Klassiker und verbinden sich zu einem Jahr, das Offenheit, Genuss und gemeinsames Erleben in den Mittelpunkt stellt. Was es 2026 am westlichen Bodensee zu entdecken gibt, zeigen die folgenden Kurzmeldungen.<\/strong><\/p>\n<div id=\"attachment_27457\" style=\"width: 610px\" class=\"wp-caption alignleft\"><img aria-describedby=\"caption-attachment-27457\" loading=\"lazy\" src=\"http:\/\/see-infos.de\/wp-content\/uploads\/2026\/02\/REGIO_2026-02_Neue_Radtouren.jpg\" alt=\"\" width=\"600\" height=\"400\" class=\"size-full wp-image-27457\" srcset=\"http:\/\/see-infos.de\/wp-content\/uploads\/2026\/02\/REGIO_2026-02_Neue_Radtouren.jpg 600w, http:\/\/see-infos.de\/wp-content\/uploads\/2026\/02\/REGIO_2026-02_Neue_Radtouren-300x200.jpg 300w\" sizes=\"(max-width: 600px) 100vw, 600px\" \/><p id=\"caption-attachment-27457\" class=\"wp-caption-text\">Aktionswoche: Barrierefrei Westlicher Bodensee. Vom 5. bis 10. Mai 2026 stellt die Aktionswoche \u201eBarrierefrei Westlicher Bodensee &#8211; Erlebnisse f\u00fcr alle\u201c das Thema Teilhabe in den Mittelpunkt. Neu entwickelt wurden etwa Fahrradtouren, die auch f\u00fcr Spezialr\u00e4der geeignet sind und w\u00e4hrend der Aktionswoche vorgestellt werden. Bildnachweis: REGIO e.V., KD Studio<\/p><\/div>\n<p><strong>Aktionswoche: Barrierefrei Westlicher Bodensee<\/strong><br \/>\nVom 5. bis 10. Mai 2026 stellt die Aktionswoche \u201eBarrierefrei Westlicher Bodensee &#8211; Erlebnisse f\u00fcr alle\u201c das Thema Teilhabe in den Mittelpunkt. Sechs Tage lang zeigt die Region, wie vielf\u00e4ltig und inklusiv Freizeit, Kultur und Bewegung gestaltet werden k\u00f6nnen \u2013 f\u00fcr Menschen mit unterschiedlichen Behinderungen sowie f\u00fcr \u00e4ltere Menschen, Familien und f\u00fcr alle, die leicht zug\u00e4ngliche Erlebnisse sch\u00e4tzen. Ein abwechslungsreiches Programm macht bestehende barrierefreie Angebote sichtbar und l\u00e4dt dazu ein, Neues auszuprobieren: Stadt- und Museumsf\u00fchrungen er\u00f6ffnen Zug\u00e4nge zu Geschichte und Kultur, Konzerte schaffen gemeinsame Erlebnisse, ein Spendenlauf verbindet Bewegung mit Engagement. Neu entwickelt wurden Fahrradtouren, die auch f\u00fcr Spezialr\u00e4der geeignet sind und w\u00e4hrend der Aktionswoche vorgestellt werden \u2013 ein weiterer Schritt hin zu h\u00fcrdenfreiem Naturerleben zwischen See und Vulkanen.<\/p>\n<p>Mit der Aktionswoche m\u00f6chte die Region am westlichen Bodensee Barrierefreiheit als Qualit\u00e4tsmerkmal verankern. Ziel ist es, neue Angebote zu erproben, bestehende weiterzuentwickeln und die \u00d6ffentlichkeit f\u00fcr die Bed\u00fcrfnisse von Menschen mit Behinderungen zu sensibilisieren. So wird sichtbar, wie nachhaltiger Tourismus am westlichen Bodensee gedacht wird: inklusiv, bewusst und offen f\u00fcr alle. <a href=\"http:\/\/www.bodenseewest.eu\/aktionswoche\" rel=\"noopener noreferrer\" target=\"_blank\">www.bodenseewest.eu\/aktionswoche<\/a><\/p>\n<div class=\"twoclick_social_bookmarks_post_27456 social_share_privacy clearfix 1.6.4 locale-de_DE sprite-de_DE\"><\/div><div class=\"twoclick-js\"><script type=\"text\/javascript\">\/* <![CDATA[ *\/\njQuery(document).ready(function($){if($('.twoclick_social_bookmarks_post_27456')){$('.twoclick_social_bookmarks_post_27456').socialSharePrivacy({\"services\":{\"twitter\":{\"reply_to\":\"\",\"tweet_text\":\"Aktionswoche%3A%20Barrierefrei%20Westlicher%20Bodensee%20%C2%BB%20See-Infos.de%20%23BodenseeWest\",\"status\":\"on\",\"txt_info\":\"2 Klicks f\\u00fcr mehr Datenschutz: Erst wenn Sie hier klicken, wird der Button aktiv und Sie k\\u00f6nnen Ihre Empfehlung an Twitter senden. Schon beim Aktivieren werden Daten an Dritte \\u00fcbertragen - siehe <em>i<\\\/em>.\",\"perma_option\":\"off\",\"language\":\"de\",\"referrer_track\":\"\"},\"gplus\":{\"status\":\"on\",\"txt_info\":\"2 Klicks f\\u00fcr mehr Datenschutz: Erst wenn Sie hier klicken, wird der Button aktiv und Sie k\\u00f6nnen Ihre Empfehlung an Google+ senden. Schon beim Aktivieren werden Daten an Dritte \\u00fcbertragen - siehe <em>i<\\\/em>.\",\"perma_option\":\"off\",\"referrer_track\":\"\"},\"xing\":{\"status\":\"on\",\"txt_info\":\"2 Klicks f\\u00fcr mehr Datenschutz: Erst wenn Sie hier klicken, wird der Button aktiv und Sie k\\u00f6nnen Ihre Empfehlung an Xing senden. Schon beim Aktivieren werden Daten an Dritte \\u00fcbertragen - siehe <em>i<\\\/em>.\",\"perma_option\":\"off\",\"language\":\"de\",\"referrer_track\":\"\"},\"pinterest\":{\"status\":\"on\",\"the_excerpt\":\"Aktionswoche: Barrierefrei Westlicher Bodensee\",\"txt_info\":\"2 Klicks f\\u00fcr mehr Datenschutz: Erst wenn Sie hier klicken, wird der Button aktiv und Sie k\\u00f6nnen Ihre Empfehlung an Pinterest senden. Schon beim Aktivieren werden Daten an Dritte \\u00fcbertragen - siehe <em>i<\\\/em>.\",\"perma_option\":\"off\",\"media\":\"http:\\\/\\\/see-infos.de\\\/wp-content\\\/uploads\\\/2026\\\/02\\\/REGIO_2026-02_Neue_Radtouren.jpg\"},\"linkedin\":{\"status\":\"on\",\"txt_info\":\"2 Klicks f\\u00fcr mehr Datenschutz: Erst wenn Sie hier klicken, wird der Button aktiv und Sie k\\u00f6nnen Ihre Empfehlung an LinkedIn senden. Schon beim Aktivieren werden Daten an Dritte \\u00fcbertragen - siehe <em>i<\\\/em>.\",\"perma_option\":\"off\"}},\"txt_help\":\"Wenn Sie diese Felder durch einen Klick aktivieren, werden Informationen an Facebook, Twitter, Flattr, Xing, t3n, LinkedIn, Pinterest oder Google eventuell ins Ausland \\u00fcbertragen und unter Umst\\u00e4nden auch dort gespeichert. N\\u00e4heres erfahren Sie durch einen Klick auf das <em>i<\\\/em>.\",\"settings_perma\":\"Dauerhaft aktivieren und Daten\\u00fcber-tragung zustimmen:\",\"info_link\":\"http:\\\/\\\/www.heise.de\\\/ct\\\/artikel\\\/2-Klicks-fuer-mehr-Datenschutz-1333879.html\",\"uri\":\"http:\\\/\\\/see-infos.de\\\/?p=27456\",\"post_id\":27456,\"post_title_referrer_track\":\"Aktionswoche%3A+Barrierefrei+Westlicher+Bodensee\",\"display_infobox\":\"on\"});}});\n\/* ]]> *\/<\/script><\/div>","protected":false},"excerpt":{"rendered":"<p>#BodenseeWest Manchmal reicht ein Perspektivwechsel, um Vertrautes neu zu entdecken: ein anderer Weg, ein neuer Blick, ein Moment des Innehaltens. Genau dazu l\u00e4dt der westliche Bodensee 2026 ein. Zwischen sanftem See und markanten Vulkankegeln er\u00f6ffnen sich neue Zug\u00e4nge zur Region und ihrer Geschichte, etwa mit der Wiederer\u00f6ffnung der Marienschlucht, mit Blicken in die Vergangenheit beim [&hellip;]<\/p>\n","protected":false},"author":1,"featured_media":27457,"comment_status":"closed","ping_status":"closed","sticky":false,"template":"","format":"standard","meta":[],"categories":[1,7],"tags":[148],"_links":{"self":[{"href":"http:\/\/see-infos.de\/index.php?rest_route=\/wp\/v2\/posts\/27456"}],"collection":[{"href":"http:\/\/see-infos.de\/index.php?rest_route=\/wp\/v2\/posts"}],"about":[{"href":"http:\/\/see-infos.de\/index.php?rest_route=\/wp\/v2\/types\/post"}],"author":[{"embeddable":true,"href":"http:\/\/see-infos.de\/index.php?rest_route=\/wp\/v2\/users\/1"}],"replies":[{"embeddable":true,"href":"http:\/\/see-infos.de\/index.php?rest_route=%2Fwp%2Fv2%2Fcomments&post=27456"}],"version-history":[{"count":1,"href":"http:\/\/see-infos.de\/index.php?rest_route=\/wp\/v2\/posts\/27456\/revisions"}],"predecessor-version":[{"id":27458,"href":"http:\/\/see-infos.de\/index.php?rest_route=\/wp\/v2\/posts\/27456\/revisions\/27458"}],"wp:featuredmedia":[{"embeddable":true,"href":"http:\/\/see-infos.de\/index.php?rest_route=\/wp\/v2\/media\/27457"}],"wp:attachment":[{"href":"http:\/\/see-infos.de\/index.php?rest_route=%2Fwp%2Fv2%2Fmedia&parent=27456"}],"wp:term":[{"taxonomy":"category","embeddable":true,"href":"http:\/\/see-infos.de\/index.php?rest_route=%2Fwp%2Fv2%2Fcategories&post=27456"},{"taxonomy":"post_tag","embeddable":true,"href":"http:\/\/see-infos.de\/index.php?rest_route=%2Fwp%2Fv2%2Ftags&post=27456"}],"curies":[{"name":"wp","href":"https:\/\/api.w.org\/{rel}","templated":true}]}}