{"id":27361,"date":"2026-01-27T07:44:53","date_gmt":"2026-01-27T06:44:53","guid":{"rendered":"http:\/\/see-infos.de\/?p=27361"},"modified":"2026-01-18T21:03:22","modified_gmt":"2026-01-18T20:03:22","slug":"15-lindenberger-winterfest-eis-zauber-in-der-stadt","status":"publish","type":"post","link":"http:\/\/see-infos.de\/?p=27361","title":{"rendered":"15. Lindenberger Winterfest: \u201eEis-Zauber in der Stadt\u201c"},"content":{"rendered":"<p>#Lindenberg<\/p>\n<p><strong>Am Samstag, 31. Januar 2026, verwandelt sich die Lindenberger Innenstadt wieder in eine winterliche Erlebniswelt. Bereits zum f\u00fcnfzehnten Mal l\u00e4dt die Stadt zum beliebten Winterfest ein. In diesem Jahr gibt es eine Neuerung: Gefeiert wird erstmals auf dem zentral gelegenen Stadtplatz. Von dort aus zieht sich das Festgeschehen durch die gesamte Innenstadt.<\/strong><\/p>\n<p><div id=\"attachment_27362\" style=\"width: 436px\" class=\"wp-caption alignleft\"><img aria-describedby=\"caption-attachment-27362\" loading=\"lazy\" src=\"http:\/\/see-infos.de\/wp-content\/uploads\/2026\/01\/Winterfest2026_Plakat_web.jpg\" alt=\"\" width=\"426\" height=\"600\" class=\"size-full wp-image-27362\" srcset=\"http:\/\/see-infos.de\/wp-content\/uploads\/2026\/01\/Winterfest2026_Plakat_web.jpg 426w, http:\/\/see-infos.de\/wp-content\/uploads\/2026\/01\/Winterfest2026_Plakat_web-213x300.jpg 213w\" sizes=\"(max-width: 426px) 100vw, 426px\" \/><p id=\"caption-attachment-27362\" class=\"wp-caption-text\">Plakat Winterfest, Grafik: Veranstalter<\/p><\/div><br \/>\nUnter dem Motto \u201eEis-Zauber in der Stadt\u201c stehen auch 2026 die kunstvoll geschnitzten Eisskulpturen im Mittelpunkt. Kunstfreunde, Familien und alle, die den Winter m\u00f6gen, k\u00f6nnen sich auf beeindruckende und kristallklare Werke freuen.<\/p>\n<p><strong>Eis-Schnitzer live erleben<\/strong><br \/>\nAb 10 Uhr treten Eisk\u00fcnstlerinnen und Eisk\u00fcnstler an 20 Standorten in der Innenstadt gegeneinander an. Mit Kettens\u00e4ge, Mei\u00dfel und viel Kreativit\u00e4t entstehen im Laufe des Tages spektakul\u00e4re Skulpturen. Beim entspannten Stadtbummel am langen Einkaufssamstag lassen sich die Kunstwerke aus n\u00e4chster N\u00e4he bestaunen. In den teilnehmenden Gesch\u00e4ften k\u00f6nnen Besucherinnen und Besucher die Skulpturen bewerten. Welche Motive am Ende \u00fcberzeugen, bleibt bis zuletzt spannend.<\/p>\n<p><strong>Wintermarkt auf dem Stadtplatz<\/strong><br \/>\nAb 11 Uhr \u00f6ffnet auf dem Stadtplatz ein kleiner, aber feiner Wintermarkt. Dort erwartet die G\u00e4ste eine Auswahl an winterlichen Produkten und K\u00f6stlichkeiten. Kulinarisch verw\u00f6hnen das Jugendhaus sowie der Lindenberger Hof die Besucherinnen und Besucher.<\/p>\n<p><strong>Publikums-Voting und Preisverleihung<\/strong><br \/>\nAlle G\u00e4ste des Winterfests sind eingeladen, ihre Lieblingsskulptur zu w\u00e4hlen. Die Stimmabgabe ist am Stadtplatz und in den beteiligten Betrieben m\u00f6glich. Die Pr\u00e4mierung der besten Eisk\u00fcnstlerinnen und Eisk\u00fcnstler findet ab 16.30 Uhr auf dem Stadtplatz statt. Die Leistungsgemeinschaft Lindenberg stellt attraktive Preise zur Verf\u00fcgung.<\/p>\n<p><strong>Musik und Winterparty am Abend<\/strong><br \/>\nAm Abend sorgt ab 17.30 Uhr die Guggenmusik Wuchzenhofen mit einem Liveauftritt auf dem Stadtplatz f\u00fcr Stimmung. Ab 18 Uhr geht das Winterfest nahtlos in die Winterparty \u00fcber.<\/p>\n<p><strong>Service und Hinweise<\/strong><br \/>\nF\u00fcr Besucherinnen und Besucher steht die Tiefgarage in der Schillerstra\u00dfe ganzt\u00e4gig kostenlos zur Verf\u00fcgung. Sie ist im Parkleitsystem als \u201eP3-Lindenberg Passage\u201c ausgeschildert. Der Wochenmarkt am Samstag, 31. Januar 2026, wird aufgrund der Aufbauarbeiten in die Bahnhofstra\u00dfe verlegt.<\/p>\n<p>Weitere Informationen gibt es auf <a href=\"http:\/\/www.lindenberg.de\" rel=\"noopener noreferrer\" target=\"_blank\">www.lindenberg.de<\/a> sowie \u00fcber die st\u00e4dtischen Social-Media-Kan\u00e4le.<\/p>\n<div class=\"twoclick_social_bookmarks_post_27361 social_share_privacy clearfix 1.6.4 locale-de_DE sprite-de_DE\"><\/div><div class=\"twoclick-js\"><script type=\"text\/javascript\">\/* <![CDATA[ *\/\njQuery(document).ready(function($){if($('.twoclick_social_bookmarks_post_27361')){$('.twoclick_social_bookmarks_post_27361').socialSharePrivacy({\"services\":{\"twitter\":{\"reply_to\":\"\",\"tweet_text\":\"%2015.%20Lindenberger%20Winterfest%3A%20%E2%80%9EEis-Zauber%20in%20der%20Stadt%E2%80%9C%20%C2%BB%20See-Infos.de%20...\",\"status\":\"on\",\"txt_info\":\"2 Klicks f\\u00fcr mehr Datenschutz: Erst wenn Sie hier klicken, wird der Button aktiv und Sie k\\u00f6nnen Ihre Empfehlung an Twitter senden. Schon beim Aktivieren werden Daten an Dritte \\u00fcbertragen - siehe <em>i<\\\/em>.\",\"perma_option\":\"off\",\"language\":\"de\",\"referrer_track\":\"\"},\"gplus\":{\"status\":\"on\",\"txt_info\":\"2 Klicks f\\u00fcr mehr Datenschutz: Erst wenn Sie hier klicken, wird der Button aktiv und Sie k\\u00f6nnen Ihre Empfehlung an Google+ senden. Schon beim Aktivieren werden Daten an Dritte \\u00fcbertragen - siehe <em>i<\\\/em>.\",\"perma_option\":\"off\",\"referrer_track\":\"\"},\"xing\":{\"status\":\"on\",\"txt_info\":\"2 Klicks f\\u00fcr mehr Datenschutz: Erst wenn Sie hier klicken, wird der Button aktiv und Sie k\\u00f6nnen Ihre Empfehlung an Xing senden. Schon beim Aktivieren werden Daten an Dritte \\u00fcbertragen - siehe <em>i<\\\/em>.\",\"perma_option\":\"off\",\"language\":\"de\",\"referrer_track\":\"\"},\"pinterest\":{\"status\":\"on\",\"the_excerpt\":\"15. Lindenberger Winterfest: \\u201eEis-Zauber in der Stadt\\u201c\",\"txt_info\":\"2 Klicks f\\u00fcr mehr Datenschutz: Erst wenn Sie hier klicken, wird der Button aktiv und Sie k\\u00f6nnen Ihre Empfehlung an Pinterest senden. Schon beim Aktivieren werden Daten an Dritte \\u00fcbertragen - siehe <em>i<\\\/em>.\",\"perma_option\":\"off\",\"media\":\"http:\\\/\\\/see-infos.de\\\/wp-content\\\/uploads\\\/2026\\\/01\\\/Winterfest2026_Plakat_web.jpg\"},\"linkedin\":{\"status\":\"on\",\"txt_info\":\"2 Klicks f\\u00fcr mehr Datenschutz: Erst wenn Sie hier klicken, wird der Button aktiv und Sie k\\u00f6nnen Ihre Empfehlung an LinkedIn senden. Schon beim Aktivieren werden Daten an Dritte \\u00fcbertragen - siehe <em>i<\\\/em>.\",\"perma_option\":\"off\"}},\"txt_help\":\"Wenn Sie diese Felder durch einen Klick aktivieren, werden Informationen an Facebook, Twitter, Flattr, Xing, t3n, LinkedIn, Pinterest oder Google eventuell ins Ausland \\u00fcbertragen und unter Umst\\u00e4nden auch dort gespeichert. N\\u00e4heres erfahren Sie durch einen Klick auf das <em>i<\\\/em>.\",\"settings_perma\":\"Dauerhaft aktivieren und Daten\\u00fcber-tragung zustimmen:\",\"info_link\":\"http:\\\/\\\/www.heise.de\\\/ct\\\/artikel\\\/2-Klicks-fuer-mehr-Datenschutz-1333879.html\",\"uri\":\"http:\\\/\\\/see-infos.de\\\/?p=27361\",\"post_id\":27361,\"post_title_referrer_track\":\"15.+Lindenberger+Winterfest%3A+%E2%80%9EEis-Zauber+in+der+Stadt%E2%80%9C\",\"display_infobox\":\"on\"});}});\n\/* ]]> *\/<\/script><\/div>","protected":false},"excerpt":{"rendered":"<p>#Lindenberg Am Samstag, 31. Januar 2026, verwandelt sich die Lindenberger Innenstadt wieder in eine winterliche Erlebniswelt. Bereits zum f\u00fcnfzehnten Mal l\u00e4dt die Stadt zum beliebten Winterfest ein. In diesem Jahr gibt es eine Neuerung: Gefeiert wird erstmals auf dem zentral gelegenen Stadtplatz. Von dort aus zieht sich das Festgeschehen durch die gesamte Innenstadt. Unter dem [&hellip;]<\/p>\n","protected":false},"author":1,"featured_media":27362,"comment_status":"closed","ping_status":"closed","sticky":false,"template":"","format":"standard","meta":[],"categories":[1,7],"tags":[120,9],"_links":{"self":[{"href":"http:\/\/see-infos.de\/index.php?rest_route=\/wp\/v2\/posts\/27361"}],"collection":[{"href":"http:\/\/see-infos.de\/index.php?rest_route=\/wp\/v2\/posts"}],"about":[{"href":"http:\/\/see-infos.de\/index.php?rest_route=\/wp\/v2\/types\/post"}],"author":[{"embeddable":true,"href":"http:\/\/see-infos.de\/index.php?rest_route=\/wp\/v2\/users\/1"}],"replies":[{"embeddable":true,"href":"http:\/\/see-infos.de\/index.php?rest_route=%2Fwp%2Fv2%2Fcomments&post=27361"}],"version-history":[{"count":1,"href":"http:\/\/see-infos.de\/index.php?rest_route=\/wp\/v2\/posts\/27361\/revisions"}],"predecessor-version":[{"id":27363,"href":"http:\/\/see-infos.de\/index.php?rest_route=\/wp\/v2\/posts\/27361\/revisions\/27363"}],"wp:featuredmedia":[{"embeddable":true,"href":"http:\/\/see-infos.de\/index.php?rest_route=\/wp\/v2\/media\/27362"}],"wp:attachment":[{"href":"http:\/\/see-infos.de\/index.php?rest_route=%2Fwp%2Fv2%2Fmedia&parent=27361"}],"wp:term":[{"taxonomy":"category","embeddable":true,"href":"http:\/\/see-infos.de\/index.php?rest_route=%2Fwp%2Fv2%2Fcategories&post=27361"},{"taxonomy":"post_tag","embeddable":true,"href":"http:\/\/see-infos.de\/index.php?rest_route=%2Fwp%2Fv2%2Ftags&post=27361"}],"curies":[{"name":"wp","href":"https:\/\/api.w.org\/{rel}","templated":true}]}}