{"id":27237,"date":"2025-12-11T07:02:38","date_gmt":"2025-12-11T06:02:38","guid":{"rendered":"http:\/\/see-infos.de\/?p=27237"},"modified":"2025-12-03T17:28:46","modified_gmt":"2025-12-03T16:28:46","slug":"glitzer-im-gewerbemuseum-winterthur","status":"publish","type":"post","link":"http:\/\/see-infos.de\/?p=27237","title":{"rendered":"&#8222;Glitzer&#8220; im Gewerbemuseum Winterthur"},"content":{"rendered":"<p>#GewerbemuseumWinterthur<\/p>\n<p><strong>&#x2728;Funkeln zwischen Protest, Popkultur und Nachhaltigkeit<\/strong><br \/>\nWinterthur wird ab Ende November 2025 zur B\u00fchne f\u00fcr ein ganz besonderes Spektakel: Das Gewerbemuseum er\u00f6ffnet die Ausstellung \u201eGlitzer\u201c, die bis 17. Mai 2026 l\u00e4uft. Nach gro\u00dfem Erfolg in Hamburg kommt die Schau nun in die Schweiz \u2013 erweitert um Themen wie \u00d6kologie und Nachhaltigkeit.<\/p>\n<p>Glitzer ist mehr als nur Dekoration. Es ist Symbol f\u00fcr Zugeh\u00f6rigkeit, Empowerment und Selbstbestimmung. Die Ausstellung zeigt, wie das schillernde Material in unterschiedlichsten Kontexten auftaucht: auf B\u00fchnen, in Jugendzimmern, bei Protesten und in der Popkultur.<\/p>\n<p><strong>Sechs Kapitel voller Glanz<\/strong><\/p>\n<ul>\n<li>Glitter Up! \u2013 Glitzer als aktivistisches Material in feministischen Protesten in Mexiko und Argentinien. Fotografien und Performances thematisieren K\u00f6rpernormen und Sichtbarkeit marginalisierter Gruppen.<\/li>\n<li>Sparkle and Shine \u2013 Kost\u00fcme, Per\u00fccken und Videoarbeiten, darunter ein B\u00fchnenoutfit von Bill Kaulitz und extravagante Wig-Kreationen aus Hamburg.<\/li>\n<li>Hall of Glitter \u2013 Alltagsobjekte wie Sticker, Handyh\u00fcllen oder Fu\u00dfballkarten, erg\u00e4nzt durch private Lieblingsst\u00fccke aus einem Open Call.<\/li>\n<li>Glitter Craft \u2013 DIY-Videos und eine offene Werkstatt laden Besucher:innen ein, selbst kreativ zu werden.<\/li>\n<li>Teenage Glitter \u2013 Ein glitzerndes Schweizer Jugendzimmer von Jenny Sch\u00e4fer sowie Videoarbeiten von Molly Soda und Collagen von Chila Kumari Singh Burman.<\/li>\n<li>Glittermania \u2013 Eine Timeline von Cleopatra \u00fcber die Erfindung des Glitzers 1934 bis zu Taylor Swifts \u201eThe Eras Tour\u201c 2024.<\/li>\n<\/ul>\n<p>Im Material-Labor wird schlie\u00dflich das Glitzern selbst untersucht: Warum funkelt Schnee? Woraus besteht klassischer Glitzer? Und ist Bio-Glitzer wirklich nachhaltig?<\/p>\n<p><div id=\"attachment_27238\" style=\"width: 431px\" class=\"wp-caption alignleft\"><img aria-describedby=\"caption-attachment-27238\" loading=\"lazy\" src=\"http:\/\/see-infos.de\/wp-content\/uploads\/2025\/11\/Screenshot-2025-11-27-175954.jpg\" alt=\"\" width=\"421\" height=\"600\" class=\"size-full wp-image-27238\" srcset=\"http:\/\/see-infos.de\/wp-content\/uploads\/2025\/11\/Screenshot-2025-11-27-175954.jpg 421w, http:\/\/see-infos.de\/wp-content\/uploads\/2025\/11\/Screenshot-2025-11-27-175954-211x300.jpg 211w\" sizes=\"(max-width: 421px) 100vw, 421px\" \/><p id=\"caption-attachment-27238\" class=\"wp-caption-text\">Plakat &copy; Gewerbemuseum Winterthur<\/p><\/div><br \/>\n<strong>Internationale K\u00fcnstler:innen und Mitmach-Angebote<\/strong><br \/>\nRund 40 internationale Positionen aus Kunst und Gestaltung sind vertreten \u2013 darunter Quil Lemons, Hannah Altman, The Huxleys, Rafa Bqueer und viele mehr. Besucher:innen k\u00f6nnen eigene Objekte im Rahmen des \u201eCall for Glitter\u201c einbringen oder die Timeline mit pers\u00f6nlichen Glitzer-Momenten erg\u00e4nzen.<\/p>\n<p><strong>Veranstaltungen &amp; Highlights<\/strong><br \/>\nBegleitend zur Ausstellung gibt es ein vielf\u00e4ltiges Programm:<\/p>\n<ul>\n<li>Vernissage am 27. November 2025 mit Glitzerstation<\/li>\n<li>F\u00fchrungen mit den Kuratorinnen aus Hamburg und der Direktorin Susanna Kumschick<\/li>\n<li>Dialogische F\u00fchrungen zu Themen wie Glitzer in der Natur, Nachhaltigkeit oder Popkultur<\/li>\n<li>Museumskonzert \u201eMirrorball Disco Time\u201c am 8. M\u00e4rz 2026<\/li>\n<li>Workshops wie \u201eGlam it up!\u201c mit Wendepailletten oder \u201eGlanz und Gloria\u201c mit barocken Drahtarbeiten<\/li>\n<\/ul>\n<p>Die Ausstellung \u201eGlitzer\u201c ist mehr als ein \u00e4sthetisches Erlebnis \u2013 sie ist ein gesellschaftlicher Diskurs \u00fcber Sichtbarkeit, Vielfalt und Nachhaltigkeit. Winterthur darf sich auf ein funkelndes Highlight freuen, das Kunst, Popkultur und Wissenschaft verbindet.<\/p>\n<div class=\"twoclick_social_bookmarks_post_27237 social_share_privacy clearfix 1.6.4 locale-de_DE sprite-de_DE\"><\/div><div class=\"twoclick-js\"><script type=\"text\/javascript\">\/* <![CDATA[ *\/\njQuery(document).ready(function($){if($('.twoclick_social_bookmarks_post_27237')){$('.twoclick_social_bookmarks_post_27237').socialSharePrivacy({\"services\":{\"twitter\":{\"reply_to\":\"\",\"tweet_text\":\"%E2%80%9EGlitzer%E2%80%9C%20im%20Gewerbemuseum%20Winterthur%20%C2%BB%20See-Infos.de%20%23Museum%20%23Winterthur\",\"status\":\"on\",\"txt_info\":\"2 Klicks f\\u00fcr mehr Datenschutz: Erst wenn Sie hier klicken, wird der Button aktiv und Sie k\\u00f6nnen Ihre Empfehlung an Twitter senden. Schon beim Aktivieren werden Daten an Dritte \\u00fcbertragen - siehe <em>i<\\\/em>.\",\"perma_option\":\"off\",\"language\":\"de\",\"referrer_track\":\"\"},\"gplus\":{\"status\":\"on\",\"txt_info\":\"2 Klicks f\\u00fcr mehr Datenschutz: Erst wenn Sie hier klicken, wird der Button aktiv und Sie k\\u00f6nnen Ihre Empfehlung an Google+ senden. Schon beim Aktivieren werden Daten an Dritte \\u00fcbertragen - siehe <em>i<\\\/em>.\",\"perma_option\":\"off\",\"referrer_track\":\"\"},\"xing\":{\"status\":\"on\",\"txt_info\":\"2 Klicks f\\u00fcr mehr Datenschutz: Erst wenn Sie hier klicken, wird der Button aktiv und Sie k\\u00f6nnen Ihre Empfehlung an Xing senden. Schon beim Aktivieren werden Daten an Dritte \\u00fcbertragen - siehe <em>i<\\\/em>.\",\"perma_option\":\"off\",\"language\":\"de\",\"referrer_track\":\"\"},\"pinterest\":{\"status\":\"on\",\"the_excerpt\":\"&#8222;Glitzer&#8220; im Gewerbemuseum Winterthur\",\"txt_info\":\"2 Klicks f\\u00fcr mehr Datenschutz: Erst wenn Sie hier klicken, wird der Button aktiv und Sie k\\u00f6nnen Ihre Empfehlung an Pinterest senden. Schon beim Aktivieren werden Daten an Dritte \\u00fcbertragen - siehe <em>i<\\\/em>.\",\"perma_option\":\"off\",\"media\":\"http:\\\/\\\/see-infos.de\\\/wp-content\\\/uploads\\\/2025\\\/11\\\/Screenshot-2025-11-27-175954.jpg\"},\"linkedin\":{\"status\":\"on\",\"txt_info\":\"2 Klicks f\\u00fcr mehr Datenschutz: Erst wenn Sie hier klicken, wird der Button aktiv und Sie k\\u00f6nnen Ihre Empfehlung an LinkedIn senden. Schon beim Aktivieren werden Daten an Dritte \\u00fcbertragen - siehe <em>i<\\\/em>.\",\"perma_option\":\"off\"}},\"txt_help\":\"Wenn Sie diese Felder durch einen Klick aktivieren, werden Informationen an Facebook, Twitter, Flattr, Xing, t3n, LinkedIn, Pinterest oder Google eventuell ins Ausland \\u00fcbertragen und unter Umst\\u00e4nden auch dort gespeichert. N\\u00e4heres erfahren Sie durch einen Klick auf das <em>i<\\\/em>.\",\"settings_perma\":\"Dauerhaft aktivieren und Daten\\u00fcber-tragung zustimmen:\",\"info_link\":\"http:\\\/\\\/www.heise.de\\\/ct\\\/artikel\\\/2-Klicks-fuer-mehr-Datenschutz-1333879.html\",\"uri\":\"http:\\\/\\\/see-infos.de\\\/?p=27237\",\"post_id\":27237,\"post_title_referrer_track\":\"%26%238222%3BGlitzer%26%238220%3B+im+Gewerbemuseum+Winterthur\",\"display_infobox\":\"on\"});}});\n\/* ]]> *\/<\/script><\/div>","protected":false},"excerpt":{"rendered":"<p>#GewerbemuseumWinterthur &#x2728;Funkeln zwischen Protest, Popkultur und Nachhaltigkeit Winterthur wird ab Ende November 2025 zur B\u00fchne f\u00fcr ein ganz besonderes Spektakel: Das Gewerbemuseum er\u00f6ffnet die Ausstellung \u201eGlitzer\u201c, die bis 17. Mai 2026 l\u00e4uft. Nach gro\u00dfem Erfolg in Hamburg kommt die Schau nun in die Schweiz \u2013 erweitert um Themen wie \u00d6kologie und Nachhaltigkeit. Glitzer ist mehr [&hellip;]<\/p>\n","protected":false},"author":1,"featured_media":27238,"comment_status":"closed","ping_status":"closed","sticky":false,"template":"","format":"standard","meta":[],"categories":[1],"tags":[23,101],"_links":{"self":[{"href":"http:\/\/see-infos.de\/index.php?rest_route=\/wp\/v2\/posts\/27237"}],"collection":[{"href":"http:\/\/see-infos.de\/index.php?rest_route=\/wp\/v2\/posts"}],"about":[{"href":"http:\/\/see-infos.de\/index.php?rest_route=\/wp\/v2\/types\/post"}],"author":[{"embeddable":true,"href":"http:\/\/see-infos.de\/index.php?rest_route=\/wp\/v2\/users\/1"}],"replies":[{"embeddable":true,"href":"http:\/\/see-infos.de\/index.php?rest_route=%2Fwp%2Fv2%2Fcomments&post=27237"}],"version-history":[{"count":0,"href":"http:\/\/see-infos.de\/index.php?rest_route=\/wp\/v2\/posts\/27237\/revisions"}],"wp:featuredmedia":[{"embeddable":true,"href":"http:\/\/see-infos.de\/index.php?rest_route=\/wp\/v2\/media\/27238"}],"wp:attachment":[{"href":"http:\/\/see-infos.de\/index.php?rest_route=%2Fwp%2Fv2%2Fmedia&parent=27237"}],"wp:term":[{"taxonomy":"category","embeddable":true,"href":"http:\/\/see-infos.de\/index.php?rest_route=%2Fwp%2Fv2%2Fcategories&post=27237"},{"taxonomy":"post_tag","embeddable":true,"href":"http:\/\/see-infos.de\/index.php?rest_route=%2Fwp%2Fv2%2Ftags&post=27237"}],"curies":[{"name":"wp","href":"https:\/\/api.w.org\/{rel}","templated":true}]}}