{"id":27191,"date":"2025-11-05T07:01:28","date_gmt":"2025-11-05T06:01:28","guid":{"rendered":"http:\/\/see-infos.de\/?p=27191"},"modified":"2025-10-29T11:06:27","modified_gmt":"2025-10-29T10:06:27","slug":"48-dornbirner-martinimarkt","status":"publish","type":"post","link":"http:\/\/see-infos.de\/?p=27191","title":{"rendered":"48. Dornbirner Martinimarkt"},"content":{"rendered":"<p>#dornbirn #Martinimarkt<\/p>\n<p><strong>Am Freitag, den 7. November 2025, verwandelt sich die Dornbirner Innenstadt bereits zum 48. Mal in einen stimmungsvollen Treffpunkt voller Nostalgie, gelebter Tradition und kulinarischer Gen\u00fcsse.<\/strong><\/p>\n<p>Der Martinimarkt startet um 08.48 Uhr mit dem traditionellen Treffpunkt f\u00fcr alle \u201eL\u00fct im alto H\u00e4\u00df\u201c im Stadtmuseumspark. Bei kostenlosem Riebel, Kaffee und einem Glas Sekt k\u00f6nnen sich die G\u00e4ste auf den Festtag einstimmen. F\u00fcr die musikalische Begleitung sorgt das S\u00fcasslar Trio, das schon am fr\u00fchen Morgen f\u00fcr gute Laune sorgt. Um 09.49 Uhr beginnt der gemeinsame Umzug zur Stiege des Roten Hauses, auf der B\u00fcrgermeister Markus F\u00e4\u00dfler den Martinimarkt um 10 Uhr offiziell er\u00f6ffnet.<\/p>\n<p><strong>Ein Fest der N\u00e4chstenliebe<\/strong><br \/>\nDer Martinimarkt erinnert an den Heiligen Martin, der seinen Mantel mit einem frierenden Bettler teilte \u2013 Sinnbild f\u00fcr Mitgef\u00fchl und Solidarit\u00e4t. Aus diesem Gedanken heraus entstand vor vielen Jahren der Dornbirner Martinimarkt. Auch heuer engagieren sich wieder zahlreiche Vereine und Schulen, die ihre handgefertigten Produkte f\u00fcr wohlt\u00e4tige Zwecke anbieten und damit den Geist der N\u00e4chstenliebe lebendig halten.<\/p>\n<div id=\"attachment_27192\" style=\"width: 610px\" class=\"wp-caption alignleft\"><img aria-describedby=\"caption-attachment-27192\" loading=\"lazy\" src=\"http:\/\/see-infos.de\/wp-content\/uploads\/2025\/10\/Martinimarkt_24_BY_EVA_SUTTER_177.jpg\" alt=\"\" width=\"600\" height=\"400\" class=\"size-full wp-image-27192\" srcset=\"http:\/\/see-infos.de\/wp-content\/uploads\/2025\/10\/Martinimarkt_24_BY_EVA_SUTTER_177.jpg 600w, http:\/\/see-infos.de\/wp-content\/uploads\/2025\/10\/Martinimarkt_24_BY_EVA_SUTTER_177-300x200.jpg 300w\" sizes=\"(max-width: 600px) 100vw, 600px\" \/><p id=\"caption-attachment-27192\" class=\"wp-caption-text\">Martinimarkt Dornbirn. Foto &copy; Eva Sutter<\/p><\/div>\n<p><strong>Kulinarische Highlights und Vielfalt an Ausstellernnen<\/strong><br \/>\nDie Besucher:innen d\u00fcrfen sich auf regionale Schmankerl und herbstliche Spezialit\u00e4ten freuen: Von Riebel, Schupfnudeln, Krautsp\u00e4tzle und Bratw\u00fcrsten bis hin zu Gl\u00fchmost, alkoholfreiem Punsch, gebrannten Mandeln und Maroni. Zudem pr\u00e4sentieren sich heuer so viele Aussteller:innen wie schon lange nicht mehr. Zahlreiche Betriebe, Kunsthandwerker:innen, Schulen, Vereine und regionale Anbieter:innen sorgen f\u00fcr ein besonders abwechslungsreiches Angebot \u2013 von traditionellen Handwerksprodukten bis zu kulinarischen Besonderheiten aus der Region.<\/p>\n<p><strong>Musik, Brauchtum und Unterhaltung<\/strong><br \/>\nAuf der Nostalgieb\u00fchne vor der Kirche sorgen das S\u00fcasslar Trio, die Bauernkapelle und Bebe Jukes bis 20 Uhr f\u00fcr beste Stimmung.<br \/>\nUm 13.30 Uhr pr\u00e4sentiert der Vorarlberger Trachtenverband seine sch\u00f6nsten Trachten bei einer Schau auf der B\u00fchne und auch f\u00fcr Kinder wird viel geboten: Der beliebte Ganslexpress und das nostalgische Karussell in der Europapassage sorgen f\u00fcr leuchtende Augen.<\/p>\n<p><strong>Erinnerungen festhalten<\/strong><br \/>\nBei der Fotobox im Stadtmuseumspark k\u00f6nnen Besucher:innen bis 16 Uhr kostenlose Erinnerungsfotos machen und den Tag festhalten.<\/p>\n<p>Der Eintritt zum Martinimarkt ist frei.<\/p>\n<p>Quelle \/ Alle Informationen unter <a href=\"http:\/\/dornbirn.info\" rel=\"noopener noreferrer\" target=\"_blank\">dornbirn.info<\/a>.<\/p>\n<div class=\"twoclick_social_bookmarks_post_27191 social_share_privacy clearfix 1.6.4 locale-de_DE sprite-de_DE\"><\/div><div class=\"twoclick-js\"><script type=\"text\/javascript\">\/* <![CDATA[ *\/\njQuery(document).ready(function($){if($('.twoclick_social_bookmarks_post_27191')){$('.twoclick_social_bookmarks_post_27191').socialSharePrivacy({\"services\":{\"twitter\":{\"reply_to\":\"\",\"tweet_text\":\"48.%20Dornbirner%20Martinimarkt%20%C2%BB%20See-Infos.de%20%23Fest%20%23Vorarlberg\",\"status\":\"on\",\"txt_info\":\"2 Klicks f\\u00fcr mehr Datenschutz: Erst wenn Sie hier klicken, wird der Button aktiv und Sie k\\u00f6nnen Ihre Empfehlung an Twitter senden. Schon beim Aktivieren werden Daten an Dritte \\u00fcbertragen - siehe <em>i<\\\/em>.\",\"perma_option\":\"off\",\"language\":\"de\",\"referrer_track\":\"\"},\"gplus\":{\"status\":\"on\",\"txt_info\":\"2 Klicks f\\u00fcr mehr Datenschutz: Erst wenn Sie hier klicken, wird der Button aktiv und Sie k\\u00f6nnen Ihre Empfehlung an Google+ senden. Schon beim Aktivieren werden Daten an Dritte \\u00fcbertragen - siehe <em>i<\\\/em>.\",\"perma_option\":\"off\",\"referrer_track\":\"\"},\"xing\":{\"status\":\"on\",\"txt_info\":\"2 Klicks f\\u00fcr mehr Datenschutz: Erst wenn Sie hier klicken, wird der Button aktiv und Sie k\\u00f6nnen Ihre Empfehlung an Xing senden. Schon beim Aktivieren werden Daten an Dritte \\u00fcbertragen - siehe <em>i<\\\/em>.\",\"perma_option\":\"off\",\"language\":\"de\",\"referrer_track\":\"\"},\"pinterest\":{\"status\":\"on\",\"the_excerpt\":\"48. Dornbirner Martinimarkt\",\"txt_info\":\"2 Klicks f\\u00fcr mehr Datenschutz: Erst wenn Sie hier klicken, wird der Button aktiv und Sie k\\u00f6nnen Ihre Empfehlung an Pinterest senden. Schon beim Aktivieren werden Daten an Dritte \\u00fcbertragen - siehe <em>i<\\\/em>.\",\"perma_option\":\"off\",\"media\":\"http:\\\/\\\/see-infos.de\\\/wp-content\\\/uploads\\\/2025\\\/10\\\/Martinimarkt_24_BY_EVA_SUTTER_177.jpg\"},\"linkedin\":{\"status\":\"on\",\"txt_info\":\"2 Klicks f\\u00fcr mehr Datenschutz: Erst wenn Sie hier klicken, wird der Button aktiv und Sie k\\u00f6nnen Ihre Empfehlung an LinkedIn senden. Schon beim Aktivieren werden Daten an Dritte \\u00fcbertragen - siehe <em>i<\\\/em>.\",\"perma_option\":\"off\"}},\"txt_help\":\"Wenn Sie diese Felder durch einen Klick aktivieren, werden Informationen an Facebook, Twitter, Flattr, Xing, t3n, LinkedIn, Pinterest oder Google eventuell ins Ausland \\u00fcbertragen und unter Umst\\u00e4nden auch dort gespeichert. N\\u00e4heres erfahren Sie durch einen Klick auf das <em>i<\\\/em>.\",\"settings_perma\":\"Dauerhaft aktivieren und Daten\\u00fcber-tragung zustimmen:\",\"info_link\":\"http:\\\/\\\/www.heise.de\\\/ct\\\/artikel\\\/2-Klicks-fuer-mehr-Datenschutz-1333879.html\",\"uri\":\"http:\\\/\\\/see-infos.de\\\/?p=27191\",\"post_id\":27191,\"post_title_referrer_track\":\"48.+Dornbirner+Martinimarkt\",\"display_infobox\":\"on\"});}});\n\/* ]]> *\/<\/script><\/div>","protected":false},"excerpt":{"rendered":"<p>#dornbirn #Martinimarkt Am Freitag, den 7. November 2025, verwandelt sich die Dornbirner Innenstadt bereits zum 48. Mal in einen stimmungsvollen Treffpunkt voller Nostalgie, gelebter Tradition und kulinarischer Gen\u00fcsse. Der Martinimarkt startet um 08.48 Uhr mit dem traditionellen Treffpunkt f\u00fcr alle \u201eL\u00fct im alto H\u00e4\u00df\u201c im Stadtmuseumspark. Bei kostenlosem Riebel, Kaffee und einem Glas Sekt k\u00f6nnen [&hellip;]<\/p>\n","protected":false},"author":1,"featured_media":27192,"comment_status":"closed","ping_status":"closed","sticky":false,"template":"","format":"standard","meta":[],"categories":[1,7],"tags":[9,43],"_links":{"self":[{"href":"http:\/\/see-infos.de\/index.php?rest_route=\/wp\/v2\/posts\/27191"}],"collection":[{"href":"http:\/\/see-infos.de\/index.php?rest_route=\/wp\/v2\/posts"}],"about":[{"href":"http:\/\/see-infos.de\/index.php?rest_route=\/wp\/v2\/types\/post"}],"author":[{"embeddable":true,"href":"http:\/\/see-infos.de\/index.php?rest_route=\/wp\/v2\/users\/1"}],"replies":[{"embeddable":true,"href":"http:\/\/see-infos.de\/index.php?rest_route=%2Fwp%2Fv2%2Fcomments&post=27191"}],"version-history":[{"count":0,"href":"http:\/\/see-infos.de\/index.php?rest_route=\/wp\/v2\/posts\/27191\/revisions"}],"wp:featuredmedia":[{"embeddable":true,"href":"http:\/\/see-infos.de\/index.php?rest_route=\/wp\/v2\/media\/27192"}],"wp:attachment":[{"href":"http:\/\/see-infos.de\/index.php?rest_route=%2Fwp%2Fv2%2Fmedia&parent=27191"}],"wp:term":[{"taxonomy":"category","embeddable":true,"href":"http:\/\/see-infos.de\/index.php?rest_route=%2Fwp%2Fv2%2Fcategories&post=27191"},{"taxonomy":"post_tag","embeddable":true,"href":"http:\/\/see-infos.de\/index.php?rest_route=%2Fwp%2Fv2%2Ftags&post=27191"}],"curies":[{"name":"wp","href":"https:\/\/api.w.org\/{rel}","templated":true}]}}