{"id":27164,"date":"2025-10-21T07:28:13","date_gmt":"2025-10-21T05:28:13","guid":{"rendered":"http:\/\/see-infos.de\/?p=27164"},"modified":"2025-10-13T11:33:21","modified_gmt":"2025-10-13T09:33:21","slug":"bregenzer-festspiele-kostuemverkauf-am-25-10-und-das-schicksal-der-freischuetz-buehnenteile","status":"publish","type":"post","link":"http:\/\/see-infos.de\/?p=27164","title":{"rendered":"Bregenzer Festspiele: Kost\u00fcmverkauf am 25.10. und das Schicksal der &#8222;Freisch\u00fctz&#8220;-B\u00fchnenteile"},"content":{"rendered":"<p>#bregenzerfestspiele #freischuetz<\/p>\n<p><strong>Aufwendige Wollkleider, Hochzeitskleider, sieben Meter lange Fl\u00fcgel und vieles mehr warten auf neue Besitzer:innen. Um f\u00fcr La traviata Platz im Fundus zu schaffen, laden die Bregenzer Festspiele am 25. Oktober 2025 zum traditionellen Kost\u00fcm- und Requisitenverkauf ins Festspielhaus Bregenz.<\/strong><\/p>\n<p><strong>Jagdgesellschaft und wallende Wollkleider<\/strong><br \/>\nWer sich ein St\u00fcck von Der Freisch\u00fctz nach Hause holen m\u00f6chte, kann von 10 bis 17 Uhr aus dem Vollen sch\u00f6pfen: Auf die Besucher:innen warten mehrere Brautjungfernkost\u00fcme mit plissierten, mehrlagigen R\u00f6cken, zerschlissene, schimmelige Wasserleichenkost\u00fcme (keine Sorge, der Schimmel wurde von einer Kost\u00fcmmalerin sorgf\u00e4ltig modelliert), Stretch-Bodys mit tausenden aufgeklebten Glitzersteinchen sowie Requisiten wie etwa tote Fasane.<\/p>\n<div id=\"attachment_26263\" style=\"width: 610px\" class=\"wp-caption alignleft\"><img aria-describedby=\"caption-attachment-26263\" loading=\"lazy\" src=\"http:\/\/see-infos.de\/wp-content\/uploads\/2024\/08\/Freischuetz1_600.jpg\" alt=\"\" width=\"600\" height=\"400\" class=\"size-full wp-image-26263\" srcset=\"http:\/\/see-infos.de\/wp-content\/uploads\/2024\/08\/Freischuetz1_600.jpg 600w, http:\/\/see-infos.de\/wp-content\/uploads\/2024\/08\/Freischuetz1_600-300x200.jpg 300w\" sizes=\"(max-width: 600px) 100vw, 600px\" \/><p id=\"caption-attachment-26263\" class=\"wp-caption-text\">Der Freisch\u00fctz &#8211; Bregenzer Festspiele 2024<\/p><\/div>\n<p><strong>XXL-Fl\u00fcgel<\/strong><br \/>\n&#8222;Das spektakul\u00e4rste Kost\u00fcm, das wir im Verkauf haben, sind die Fl\u00fcgel der Sphinx aus der Oper im Festspielhaus \u0152dipe&#8220;, schw\u00e4rmt Lenka Radecky, Leiterin der Kost\u00fcmabteilung. \u201eDie Fl\u00fcgel sind sieben Meter lang, bestehen aus Schaumstoff und Kunststoff und sind ein echtes Kunstwerk.\u201d<\/p>\n<p>Wer die Fl\u00fcgel haben m\u00f6chte, braucht noch etwas Geduld: Aktuell sind sie in einer Galerie in St. P\u00f6lten ausgestellt. \u0152dipe-Liebhaber:innen werden dennoch auf ihre Kosten kommen \u2013 immerhin wurden f\u00fcr die Choroper mehr als 380 Kost\u00fcme gefertigt. \u201eEin Tipp f\u00fcr alle, die nach Kleidung f\u00fcr einen Gruppenauftritt suchen: Durch die vielen Choristen gibt es viele Kost\u00fcme in den gleichen Farbt\u00f6nen.\u201d<\/p>\n<p><strong>Hier kommt die Braut<\/strong><br \/>\nUnter den Kost\u00fcmen werden auch mehrere Brautkleider sein, denn in den Produktionen der letzten Jahre gab es zahlreiche heiratswillige Figuren: In Der Freisch\u00fctz wollte Agathe ihren Max heiraten, die Schwestern Tisbe und Clorinda k\u00e4mpften in La Cenerentola um die Liebe des F\u00fcrsten und Der Ehevertrag spielte gar \u00fcberhaupt  in einem Brautladen. \u201eWer im Stil der 70er Jahre heiraten m\u00f6chte, k\u00f6nnte bei uns f\u00fcndig werden\u201d, schmunzelt Radecky. Auch Fans \u00e4lterer Opernproduktionen k\u00f6nnen sich freuen: Es werden unter anderem auch Kost\u00fcme von Tancredi, Ernani, Nero und Gianni Schicchi verkauft.<\/p>\n<p><strong>F\u00fcr Opernfans und Faschingsnarren<\/strong><br \/>\nAm Samstag ab 10 Uhr k\u00f6nnen Laienschauspieler:innen, Opernfans und Faschingsnarren nach Herzenslust st\u00f6bern und oftmals zum Schn\u00e4ppchenpreis Bekleidung, Per\u00fccken, Schuhe, H\u00fcte, Stoffreste und eine Vielzahl an technischem Equipment (Ton und Beleuchtung) vergangener Opernauff\u00fchrungen erwerben. Das Angebot gilt, solange der Vorrat reicht. Es ist ausschlie\u00dflich Barzahlung m\u00f6glich. Hunde sind nicht erlaubt. Es gelten die Allgemeinen Gesch\u00e4ftsbedingungen der Bregenzer Festspiele GmbH.<\/p>\n<p><strong>Vorverkauf f\u00fcr La traviata<\/strong><br \/>\nDie Bregenzer Festspiele 2026 finden vom 22. Juli bis 23. August statt. Der Vorverkauf hat bereits gestartet. Weitere Informationen finden Sie unter <a href=\"http:\/\/www.bregenzerfestspiele.com\" rel=\"noopener noreferrer\" target=\"_blank\">www.bregenzerfestspiele.com<\/a>.<\/p>\n<div class=\"twoclick_social_bookmarks_post_27164 social_share_privacy clearfix 1.6.4 locale-de_DE sprite-de_DE\"><\/div><div class=\"twoclick-js\"><script type=\"text\/javascript\">\/* <![CDATA[ *\/\njQuery(document).ready(function($){if($('.twoclick_social_bookmarks_post_27164')){$('.twoclick_social_bookmarks_post_27164').socialSharePrivacy({\"services\":{\"twitter\":{\"reply_to\":\"\",\"tweet_text\":\"%20Bregenzer%20Festspiele%3A%20Kost%C3%BCmverkauf%20am%2025.10.%20und%20das%20Schicksal%20der%20...\",\"status\":\"on\",\"txt_info\":\"2 Klicks f\\u00fcr mehr Datenschutz: Erst wenn Sie hier klicken, wird der Button aktiv und Sie k\\u00f6nnen Ihre Empfehlung an Twitter senden. Schon beim Aktivieren werden Daten an Dritte \\u00fcbertragen - siehe <em>i<\\\/em>.\",\"perma_option\":\"off\",\"language\":\"de\",\"referrer_track\":\"\"},\"gplus\":{\"status\":\"on\",\"txt_info\":\"2 Klicks f\\u00fcr mehr Datenschutz: Erst wenn Sie hier klicken, wird der Button aktiv und Sie k\\u00f6nnen Ihre Empfehlung an Google+ senden. Schon beim Aktivieren werden Daten an Dritte \\u00fcbertragen - siehe <em>i<\\\/em>.\",\"perma_option\":\"off\",\"referrer_track\":\"\"},\"xing\":{\"status\":\"on\",\"txt_info\":\"2 Klicks f\\u00fcr mehr Datenschutz: Erst wenn Sie hier klicken, wird der Button aktiv und Sie k\\u00f6nnen Ihre Empfehlung an Xing senden. Schon beim Aktivieren werden Daten an Dritte \\u00fcbertragen - siehe <em>i<\\\/em>.\",\"perma_option\":\"off\",\"language\":\"de\",\"referrer_track\":\"\"},\"pinterest\":{\"status\":\"on\",\"the_excerpt\":\"Bregenzer Festspiele: Kost\\u00fcmverkauf am 25.10. und das Schicksal der &#8222;Freisch\\u00fctz&#8220;-B\\u00fchnenteile\",\"txt_info\":\"2 Klicks f\\u00fcr mehr Datenschutz: Erst wenn Sie hier klicken, wird der Button aktiv und Sie k\\u00f6nnen Ihre Empfehlung an Pinterest senden. Schon beim Aktivieren werden Daten an Dritte \\u00fcbertragen - siehe <em>i<\\\/em>.\",\"perma_option\":\"off\",\"media\":\"http:\\\/\\\/see-infos.de\\\/wp-content\\\/uploads\\\/2024\\\/08\\\/Freischuetz1_600.jpg\"},\"linkedin\":{\"status\":\"on\",\"txt_info\":\"2 Klicks f\\u00fcr mehr Datenschutz: Erst wenn Sie hier klicken, wird der Button aktiv und Sie k\\u00f6nnen Ihre Empfehlung an LinkedIn senden. Schon beim Aktivieren werden Daten an Dritte \\u00fcbertragen - siehe <em>i<\\\/em>.\",\"perma_option\":\"off\"}},\"txt_help\":\"Wenn Sie diese Felder durch einen Klick aktivieren, werden Informationen an Facebook, Twitter, Flattr, Xing, t3n, LinkedIn, Pinterest oder Google eventuell ins Ausland \\u00fcbertragen und unter Umst\\u00e4nden auch dort gespeichert. N\\u00e4heres erfahren Sie durch einen Klick auf das <em>i<\\\/em>.\",\"settings_perma\":\"Dauerhaft aktivieren und Daten\\u00fcber-tragung zustimmen:\",\"info_link\":\"http:\\\/\\\/www.heise.de\\\/ct\\\/artikel\\\/2-Klicks-fuer-mehr-Datenschutz-1333879.html\",\"uri\":\"http:\\\/\\\/see-infos.de\\\/?p=27164\",\"post_id\":27164,\"post_title_referrer_track\":\"Bregenzer+Festspiele%3A+Kost%C3%BCmverkauf+am+25.10.+und+das+Schicksal+der+%26%238222%3BFreisch%C3%BCtz%26%238220%3B-B%C3%BChnenteile\",\"display_infobox\":\"on\"});}});\n\/* ]]> *\/<\/script><\/div>","protected":false},"excerpt":{"rendered":"<p>#bregenzerfestspiele #freischuetz Aufwendige Wollkleider, Hochzeitskleider, sieben Meter lange Fl\u00fcgel und vieles mehr warten auf neue Besitzer:innen. Um f\u00fcr La traviata Platz im Fundus zu schaffen, laden die Bregenzer Festspiele am 25. Oktober 2025 zum traditionellen Kost\u00fcm- und Requisitenverkauf ins Festspielhaus Bregenz. Jagdgesellschaft und wallende Wollkleider Wer sich ein St\u00fcck von Der Freisch\u00fctz nach Hause holen [&hellip;]<\/p>\n","protected":false},"author":1,"featured_media":26263,"comment_status":"closed","ping_status":"closed","sticky":false,"template":"","format":"standard","meta":[],"categories":[1,7],"tags":[43],"_links":{"self":[{"href":"http:\/\/see-infos.de\/index.php?rest_route=\/wp\/v2\/posts\/27164"}],"collection":[{"href":"http:\/\/see-infos.de\/index.php?rest_route=\/wp\/v2\/posts"}],"about":[{"href":"http:\/\/see-infos.de\/index.php?rest_route=\/wp\/v2\/types\/post"}],"author":[{"embeddable":true,"href":"http:\/\/see-infos.de\/index.php?rest_route=\/wp\/v2\/users\/1"}],"replies":[{"embeddable":true,"href":"http:\/\/see-infos.de\/index.php?rest_route=%2Fwp%2Fv2%2Fcomments&post=27164"}],"version-history":[{"count":0,"href":"http:\/\/see-infos.de\/index.php?rest_route=\/wp\/v2\/posts\/27164\/revisions"}],"wp:featuredmedia":[{"embeddable":true,"href":"http:\/\/see-infos.de\/index.php?rest_route=\/wp\/v2\/media\/26263"}],"wp:attachment":[{"href":"http:\/\/see-infos.de\/index.php?rest_route=%2Fwp%2Fv2%2Fmedia&parent=27164"}],"wp:term":[{"taxonomy":"category","embeddable":true,"href":"http:\/\/see-infos.de\/index.php?rest_route=%2Fwp%2Fv2%2Fcategories&post=27164"},{"taxonomy":"post_tag","embeddable":true,"href":"http:\/\/see-infos.de\/index.php?rest_route=%2Fwp%2Fv2%2Ftags&post=27164"}],"curies":[{"name":"wp","href":"https:\/\/api.w.org\/{rel}","templated":true}]}}