{"id":27109,"date":"2025-09-27T08:22:56","date_gmt":"2025-09-27T06:22:56","guid":{"rendered":"http:\/\/see-infos.de\/?p=27109"},"modified":"2025-09-23T20:27:51","modified_gmt":"2025-09-23T18:27:51","slug":"radgenuss-im-goldenen-herbst","status":"publish","type":"post","link":"http:\/\/see-infos.de\/?p=27109","title":{"rendered":"Radgenuss im goldenen Herbst"},"content":{"rendered":"<p>#Radtour<\/p>\n<p><strong>Der Herbst ist wie gemacht f\u00fcrs Radeln in Oberschwaben-Allg\u00e4u: sanfte H\u00fcgel, die geheimnisvoll aus dem Morgennebel ragen, Streuobstwiesen voller reifer Fr\u00fcchte und eine herrliche Naturlandschaft, die in goldenem Licht leuchtet \u2013 dazu eine Vielzahl ausgezeichneter Wege. Allen voran der Oberschwaben-Allg\u00e4u-Radweg, der vom ADFC erneut mit vier Sternen pr\u00e4miert wurde. Wer von Ulm bis zum Bodensee rollen will, w\u00e4hlt den ebenfalls wieder ausgezeichneten Donau-Bodensee-Radweg. Und wer lieber Tagestouren macht, entdeckt auf 13 Rundtouren in der RadReiseRegion Naturschatzkammern stille Moore, Alpenblicke und farbenfrohe Lieblingspl\u00e4tze.<\/strong><\/p>\n<p>Wenn sanfter Morgennebel die H\u00fcgel seidig umh\u00fcllt, Kastanien und Bucheckern unter den Reifen knacken und milde Sonnenstrahlen die Baumkronen in ein flammendes Farbenmeer tauchen, beginnt in Oberschwaben-Allg\u00e4u eine herrliche Zeit f\u00fcr Radfahrer. Der Herbst verwandelt die Region in ein leuchtendes Wunderland. Erstklassige Radwege f\u00fchren zu atemberaubenden Ausblicken \u2013 und zu Momenten, die das Herz ber\u00fchren: Der erste Schluck frisch gepressten Apfelsafts in einem urigen Hofladen, die kraftspendende Atmosph\u00e4re der vielen Naturschutzgebiete der Region, das Bestaunen eines Barockjuwels am Wegesrand und das Gl\u00fccksgef\u00fchl, wenn hinter der n\u00e4chsten Kurve ein pl\u00e4tschernder See im Herbstlicht funkelt \u2013 hier wird jeder Tritt in die Pedale zu einem Fest f\u00fcr die Sinne.<\/p>\n<p><strong>Auf acht Etappen durch den goldenen Herbst<\/strong><br \/>\nDurch diese beschauliche Landschaft f\u00fchrt der Oberschwaben-Allg\u00e4u-Radweg. Er wurde gerade erneut vom ADFC mit vier Sternen ausgezeichnet. Auf 365 Kilometern verl\u00e4uft er als Rundkurs in acht Etappen durch Oberschwaben und das W\u00fcrttembergische Allg\u00e4u. Von Ulm f\u00fchrt die erste Etappe ins malerische Ochsenhausen mit seiner barocken Klosteranlage. Hier lohnt es sich, das Rad stehen zu lassen und den Tag bei einem Herbstspaziergang entlang des Krummbachs ausklingen zu lassen \u2013 ein stiller, kraftspendender Ort.<\/p>\n<p>Auf der weiteren Strecke entf\u00fchrt das Wurzacher Ried in eine ganz eigene Welt: Wenn sich das Jahr mit einem Farbenrausch dem Ende zuneigt, wirkt die gesch\u00fctzte Moorlandschaft wie verzaubert. Im dortigen Naturschutzzentrum wird die verwunschene Welt der Moore in der Ausstellung \u201eMOOR EXTREM\u201c eindrucksvoll lebendig. Weiter s\u00fcdlich lockt Wangen im Allg\u00e4u mit dem sch\u00f6nsten Wochenmarkt der Region. Passend zur Saison leuchten dort K\u00fcrbisse um die Wette, es duftet nach S\u00fc\u00dfmost und knuspriger Dinnete. In Markdorf wartet die charmante Altstadt mit ihren vielen historischen Sch\u00e4tzen auf Entdecker. Vom Hausberg Markdorfs, dem Gehrenberg, begeistert au\u00dferdem ein traumhafter Panoramablick \u00fcber den Bodensee bis zu den Schweizer Alpen.<\/p>\n<p>Wer unterwegs im barocken Kloster Schussenried Station macht, sollte sich die am\u00fcsante Kost\u00fcmf\u00fchrung mit dem \u201efliegenden Pater Mohr\u201c nicht entgehen lassen. Und wenn am Ende der sechsten Etappe Bad Buchau erreicht ist, wartet die herrliche Adelindis-Therme mit wohltuend warmer Entspannung auf m\u00fcde Radler. So wird der Oberschwaben-Allg\u00e4u-Radweg im goldenen Herbst zu einer Reise voller Farben, D\u00fcfte und Geschichten, die lange nachklingen.<\/p>\n<div id=\"attachment_27110\" style=\"width: 610px\" class=\"wp-caption alignleft\"><img aria-describedby=\"caption-attachment-27110\" loading=\"lazy\" src=\"http:\/\/see-infos.de\/wp-content\/uploads\/2025\/09\/OTG_2025-08_Schloss_Zeil_bei_Leutkirch_Frank_Mueller.jpg\" alt=\"\" width=\"600\" height=\"400\" class=\"size-full wp-image-27110\" srcset=\"http:\/\/see-infos.de\/wp-content\/uploads\/2025\/09\/OTG_2025-08_Schloss_Zeil_bei_Leutkirch_Frank_Mueller.jpg 600w, http:\/\/see-infos.de\/wp-content\/uploads\/2025\/09\/OTG_2025-08_Schloss_Zeil_bei_Leutkirch_Frank_Mueller-300x200.jpg 300w\" sizes=\"(max-width: 600px) 100vw, 600px\" \/><p id=\"caption-attachment-27110\" class=\"wp-caption-text\">Highlights entlang des Oberschwaben-Allg\u00e4u-Radwegs. Entlang der herbstlichen Radwege laden beeindruckende Sehensw\u00fcrdigkeiten zum Entdecken ein \u2013 wie etwa das malerische Schloss Zeil auf dem Oberschwaben-Allg\u00e4u-Radweg. Bildnachweis: Oberschwaben Tourismus GmbH, Frank M\u00fcller<\/p><\/div>\n<p><strong>Farbenrausch von Ulm bis zum Bodensee<\/strong><br \/>\nAuch der Donau-Bodensee-Radweg zeigt im Herbst seine besonders sch\u00f6ne Seite. Er wurde ebenfalls j\u00fcngst vom ADFC erneut f\u00fcr seine hohe Qualit\u00e4t ausgezeichnet. Von Ulm mit seinem himmelst\u00fcrmenden M\u00fcnster f\u00fchrt die Strecke durch bunt betupfte T\u00e4ler und \u00fcber sanfte H\u00f6henz\u00fcge. Vorbei geht es an wogenden Maisfeldern und Streuobstwiesen, wo sich die \u00c4ste tief unter der F\u00fclle reifer \u00c4pfel und Birnen verneigen. In Biberach l\u00e4dt der historische Marktplatz zu einer Pause ein. Mit einer w\u00e4rmenden K\u00fcrbissuppe oder einem dampfenden Kaffee in der Hand l\u00e4sst sich das bunte Treiben in den Gassen genussvoll beobachten.<\/p>\n<p>Als eines der vier Etappenziele auf der insgesamt 156 Kilometer langen Streckenradtour verspricht Bad Waldsee Erholung pur in seiner Therme. Wie lie\u00dfe sich ein goldener Herbsttag sch\u00f6ner beschlie\u00dfen? Auf dem Weg gen S\u00fcden warten weitere Entdeckungen: Das Bauernhaus-Museum Allg\u00e4u-Oberschwaben in Wolfegg und das barocke Neue Schloss in Ki\u00dflegg geh\u00f6ren dazu, bevor Kressbronn erreicht wird. Dort, wo die Reben gerade gelesen werden, klingt die Tour bei einem Glas jungen Weins genussvoll aus \u2013 mit Blick auf den glitzernden Bodensee.<\/p>\n<p><strong>Herbstgenuss in der RadReiseRegion Naturschatzkammern<\/strong><br \/>\nWer die herbstliche Landschaft lieber in kleinen Happen genie\u00dft, findet in der RadReiseRegion Naturschatzkammern 13 liebevoll ausgeschilderte Rundtouren. Im sonnenreichen Voralpenland im Allg\u00e4uer S\u00fcden f\u00fchren sie zu versteckten Mooren, zu Traumblicken auf die kantigen Alpenriesen und entlang bunter W\u00e4lder, in denen sich das Licht des Herbstes in jedem Blatt f\u00e4ngt.<\/p>\n<p>Ein besonderer Tipp ist jetzt die Landschmecker-Tour: In den Hofl\u00e4den und St\u00e4nden am Wegesrand stehen K\u00f6rbe mit \u00c4pfeln, Zwetschgen, N\u00fcsse sowie hausgemachten Marmeladen bereit. Jede Pause wird hier zu einem kleinen Erntedankfest. Die Strecke verl\u00e4uft meist auf sanften H\u00f6henz\u00fcgen mit weiten Blicken. Als stiller Begleiter thront die Waldburg stets sichtbar \u00fcber dem farbenfrohen H\u00fcgelmeer.<\/p>\n<p>Mit atemberaubender Fernsicht besticht die Alpenvorfreude-Tour. Dort zeichnen sich hinter goldenen Feldern und W\u00e4ldern die Silhouetten der nahen Berge ab. Ein idealer Platz zum Verweilen ist die Siggener H\u00f6he bei Argenb\u00fchl. Dort gibt eine Panoramatafel jedem Gipfel einen Namen. Auf der liebevoll gestalteten Gartenfreunde-Tour leuchten in Bauerng\u00e4rten entlang des Weges Dahlien in sattem Purpur und \u00fcberall flammen Zinnien und Ringelblumen in Orange und Gold auf \u2013 ein Farbenrausch, der den Herbst in seiner sch\u00f6nsten Form zelebriert.<\/p>\n<p>Weitere Informationen: <a href=\"http:\/\/www.radfahren-oberschwaben.de\" rel=\"noopener noreferrer\" target=\"_blank\">www.radfahren-oberschwaben.de<\/a><\/p>\n<div class=\"twoclick_social_bookmarks_post_27109 social_share_privacy clearfix 1.6.4 locale-de_DE sprite-de_DE\"><\/div><div class=\"twoclick-js\"><script type=\"text\/javascript\">\/* <![CDATA[ *\/\njQuery(document).ready(function($){if($('.twoclick_social_bookmarks_post_27109')){$('.twoclick_social_bookmarks_post_27109').socialSharePrivacy({\"services\":{\"twitter\":{\"reply_to\":\"\",\"tweet_text\":\"Radgenuss%20im%20goldenen%20Herbst%20%C2%BB%20See-Infos.de%20%23Oberschwaben%20%23Radtouren\",\"status\":\"on\",\"txt_info\":\"2 Klicks f\\u00fcr mehr Datenschutz: Erst wenn Sie hier klicken, wird der Button aktiv und Sie k\\u00f6nnen Ihre Empfehlung an Twitter senden. Schon beim Aktivieren werden Daten an Dritte \\u00fcbertragen - siehe <em>i<\\\/em>.\",\"perma_option\":\"off\",\"language\":\"de\",\"referrer_track\":\"\"},\"gplus\":{\"status\":\"on\",\"txt_info\":\"2 Klicks f\\u00fcr mehr Datenschutz: Erst wenn Sie hier klicken, wird der Button aktiv und Sie k\\u00f6nnen Ihre Empfehlung an Google+ senden. Schon beim Aktivieren werden Daten an Dritte \\u00fcbertragen - siehe <em>i<\\\/em>.\",\"perma_option\":\"off\",\"referrer_track\":\"\"},\"xing\":{\"status\":\"on\",\"txt_info\":\"2 Klicks f\\u00fcr mehr Datenschutz: Erst wenn Sie hier klicken, wird der Button aktiv und Sie k\\u00f6nnen Ihre Empfehlung an Xing senden. Schon beim Aktivieren werden Daten an Dritte \\u00fcbertragen - siehe <em>i<\\\/em>.\",\"perma_option\":\"off\",\"language\":\"de\",\"referrer_track\":\"\"},\"pinterest\":{\"status\":\"on\",\"the_excerpt\":\"Radgenuss im goldenen Herbst\",\"txt_info\":\"2 Klicks f\\u00fcr mehr Datenschutz: Erst wenn Sie hier klicken, wird der Button aktiv und Sie k\\u00f6nnen Ihre Empfehlung an Pinterest senden. Schon beim Aktivieren werden Daten an Dritte \\u00fcbertragen - siehe <em>i<\\\/em>.\",\"perma_option\":\"off\",\"media\":\"http:\\\/\\\/see-infos.de\\\/wp-content\\\/uploads\\\/2025\\\/09\\\/OTG_2025-08_Schloss_Zeil_bei_Leutkirch_Frank_Mueller.jpg\"},\"linkedin\":{\"status\":\"on\",\"txt_info\":\"2 Klicks f\\u00fcr mehr Datenschutz: Erst wenn Sie hier klicken, wird der Button aktiv und Sie k\\u00f6nnen Ihre Empfehlung an LinkedIn senden. Schon beim Aktivieren werden Daten an Dritte \\u00fcbertragen - siehe <em>i<\\\/em>.\",\"perma_option\":\"off\"}},\"txt_help\":\"Wenn Sie diese Felder durch einen Klick aktivieren, werden Informationen an Facebook, Twitter, Flattr, Xing, t3n, LinkedIn, Pinterest oder Google eventuell ins Ausland \\u00fcbertragen und unter Umst\\u00e4nden auch dort gespeichert. N\\u00e4heres erfahren Sie durch einen Klick auf das <em>i<\\\/em>.\",\"settings_perma\":\"Dauerhaft aktivieren und Daten\\u00fcber-tragung zustimmen:\",\"info_link\":\"http:\\\/\\\/www.heise.de\\\/ct\\\/artikel\\\/2-Klicks-fuer-mehr-Datenschutz-1333879.html\",\"uri\":\"http:\\\/\\\/see-infos.de\\\/?p=27109\",\"post_id\":27109,\"post_title_referrer_track\":\"Radgenuss+im+goldenen+Herbst\",\"display_infobox\":\"on\"});}});\n\/* ]]> *\/<\/script><\/div>","protected":false},"excerpt":{"rendered":"<p>#Radtour Der Herbst ist wie gemacht f\u00fcrs Radeln in Oberschwaben-Allg\u00e4u: sanfte H\u00fcgel, die geheimnisvoll aus dem Morgennebel ragen, Streuobstwiesen voller reifer Fr\u00fcchte und eine herrliche Naturlandschaft, die in goldenem Licht leuchtet \u2013 dazu eine Vielzahl ausgezeichneter Wege. Allen voran der Oberschwaben-Allg\u00e4u-Radweg, der vom ADFC erneut mit vier Sternen pr\u00e4miert wurde. Wer von Ulm bis zum [&hellip;]<\/p>\n","protected":false},"author":1,"featured_media":27110,"comment_status":"closed","ping_status":"closed","sticky":false,"template":"","format":"standard","meta":[],"categories":[1,7],"tags":[80,86],"_links":{"self":[{"href":"http:\/\/see-infos.de\/index.php?rest_route=\/wp\/v2\/posts\/27109"}],"collection":[{"href":"http:\/\/see-infos.de\/index.php?rest_route=\/wp\/v2\/posts"}],"about":[{"href":"http:\/\/see-infos.de\/index.php?rest_route=\/wp\/v2\/types\/post"}],"author":[{"embeddable":true,"href":"http:\/\/see-infos.de\/index.php?rest_route=\/wp\/v2\/users\/1"}],"replies":[{"embeddable":true,"href":"http:\/\/see-infos.de\/index.php?rest_route=%2Fwp%2Fv2%2Fcomments&post=27109"}],"version-history":[{"count":0,"href":"http:\/\/see-infos.de\/index.php?rest_route=\/wp\/v2\/posts\/27109\/revisions"}],"wp:featuredmedia":[{"embeddable":true,"href":"http:\/\/see-infos.de\/index.php?rest_route=\/wp\/v2\/media\/27110"}],"wp:attachment":[{"href":"http:\/\/see-infos.de\/index.php?rest_route=%2Fwp%2Fv2%2Fmedia&parent=27109"}],"wp:term":[{"taxonomy":"category","embeddable":true,"href":"http:\/\/see-infos.de\/index.php?rest_route=%2Fwp%2Fv2%2Fcategories&post=27109"},{"taxonomy":"post_tag","embeddable":true,"href":"http:\/\/see-infos.de\/index.php?rest_route=%2Fwp%2Fv2%2Ftags&post=27109"}],"curies":[{"name":"wp","href":"https:\/\/api.w.org\/{rel}","templated":true}]}}