{"id":27061,"date":"2025-09-11T08:07:18","date_gmt":"2025-09-11T06:07:18","guid":{"rendered":"http:\/\/see-infos.de\/?p=27061"},"modified":"2025-08-21T09:12:00","modified_gmt":"2025-08-21T07:12:00","slug":"bodensee-wildfang-auf-den-tellern-der-region","status":"publish","type":"post","link":"http:\/\/see-infos.de\/?p=27061","title":{"rendered":"Bodensee-Wildfang auf den Tellern der Region"},"content":{"rendered":"<p>#bodenseefischwochen<\/p>\n<p>15.9.\u201312.10.2025: Frische GenussMomente bei den BodenseefischWochen<\/p>\n<p><strong>Wenn sich der Bodensee in den fr\u00fchen Morgenstunden noch in zarte Nebelschleier h\u00fcllt, durch die sanft die Morgensonne blinzelt, ziehen die Fischerinnen und Fischer ihre Netze ein. Darin gl\u00e4nzen kulinarische Sch\u00e4tze, die Feinschmecker begeistern. Als genussvolle Hommage an diesen frischen Wildfang laden die BodenseefischWochen vom 15. September bis 12. Oktober 2025 dazu ein, den Geschmack des Sees in seiner ganzen Vielfalt kennenzulernen. In 18 teilnehmenden Restaurants wird bei den Genusswochen gekocht, was der See hergibt \u2013 mal traditionell, mal neu interpretiert, stets frisch und regional. Bei einem begleitenden Kochkurs d\u00fcrfen Hobbyk\u00f6che sogar selbst die Pfanne schwenken.<\/strong><\/p>\n<p>Konfiertes Saiblingsfilet mit Kr\u00e4uter-Risotto, gebratenes Bodenseefischfilet an Rieslingsauce oder Hechtsteak mit Vichykartoffeln \u2013 so vielf\u00e4ltig wie der See ist auch das kulinarische Angebot der BodenseefischWochen. In den Restaurants wird nach Fang des Tages gekocht \u2013 und genau diese Flexibilit\u00e4t geh\u00f6rt zum Konzept der Genusswochen. Sie ist Ausdruck einer K\u00fcche, die ehrlich, nachhaltig und vom Moment inspiriert ist.<\/p>\n<div id=\"attachment_27062\" style=\"width: 610px\" class=\"wp-caption alignleft\"><img aria-describedby=\"caption-attachment-27062\" loading=\"lazy\" src=\"http:\/\/see-infos.de\/wp-content\/uploads\/2025\/08\/Untersee-Fischer_holen_Netze_ein_REGIO_e.V..jpg\" alt=\"\" width=\"600\" height=\"450\" class=\"size-full wp-image-27062\" srcset=\"http:\/\/see-infos.de\/wp-content\/uploads\/2025\/08\/Untersee-Fischer_holen_Netze_ein_REGIO_e.V..jpg 600w, http:\/\/see-infos.de\/wp-content\/uploads\/2025\/08\/Untersee-Fischer_holen_Netze_ein_REGIO_e.V.-300x225.jpg 300w\" sizes=\"(max-width: 600px) 100vw, 600px\" \/><p id=\"caption-attachment-27062\" class=\"wp-caption-text\">Engagement f\u00fcr nachhaltigen Bodenseefisch. Der Bodenseefisch e.V. setzt sich f\u00fcr traditionelle Fangmethoden, den Schutz der nat\u00fcrlichen Ressourcen und die Wertsch\u00e4tzung des Bodenseefischs aus Wildfang ein. Die Mitglieder des starken Netzwerks aus Fischern, Gastronomen und Verarbeitern sind im diesj\u00e4hrigen Genussflyer der BodenseefischWochen erstmals eigens gekennzeichnet. Bildnachweis: REGIO e.V.<\/p><\/div>\n<p>Der Bodenseefisch ist ein kulinarischer Klassiker und zugleich ein kostbares Naturprodukt, mit dem achtsam umgegangen wird. Denn wer vom See lebt, wei\u00df: Nur ein verantwortungsvoller Umgang mit den Fischbest\u00e4nden sichert ihre Vielfalt \u2013 und die Zukunft des Fischerhandwerks. Dazu geh\u00f6rt auch, die oft untersch\u00e4tzte Bandbreite der heimischen Fischarten zu zeigen und G\u00e4sten die Gelegenheit zu neuen Geschmacksimpulsen zu geben.<\/p>\n<p>Ein Verein, der sich f\u00fcr den Erhalt traditioneller Fangmethoden und den Schutz der nat\u00fcrlichen Ressourcen einsetzt, ist Bodenseefisch e.V. Die Mitglieder sind im diesj\u00e4hrigen Genussflyer erstmals eigens gekennzeichnet.<\/p>\n<p>Wer tiefer ins Thema eintauchen m\u00f6chte, erlebt bei einem begleitenden Kochkurs Genuss mit allen Sinnen: Nach dem Motto \u201eSo schmeckt die Region \u2013 F(r)isch vom See\u201c am 26. September 2025 in Allensbach d\u00fcrfen Hobbyk\u00f6che selbst die Pfanne schwenken und unter der Anleitung von Heike Barz feine Fischgerichte aus regionalen Zutaten zaubern.<\/p>\n<p>Weitere Informationen: <a href=\"http:\/\/www.bodenseewest.eu\/bodenseefischwochen\" rel=\"noopener noreferrer\" target=\"_blank\">www.bodenseewest.eu\/bodenseefischwochen<\/a><\/p>\n<div class=\"twoclick_social_bookmarks_post_27061 social_share_privacy clearfix 1.6.4 locale-de_DE sprite-de_DE\"><\/div><div class=\"twoclick-js\"><script type=\"text\/javascript\">\/* <![CDATA[ *\/\njQuery(document).ready(function($){if($('.twoclick_social_bookmarks_post_27061')){$('.twoclick_social_bookmarks_post_27061').socialSharePrivacy({\"services\":{\"twitter\":{\"reply_to\":\"\",\"tweet_text\":\"Bodensee-Wildfang%20auf%20den%20Tellern%20der%20Region%20%C2%BB%20See-Infos.de%20%23BodenseeWest%20%23Geniessen\",\"status\":\"on\",\"txt_info\":\"2 Klicks f\\u00fcr mehr Datenschutz: Erst wenn Sie hier klicken, wird der Button aktiv und Sie k\\u00f6nnen Ihre Empfehlung an Twitter senden. Schon beim Aktivieren werden Daten an Dritte \\u00fcbertragen - siehe <em>i<\\\/em>.\",\"perma_option\":\"off\",\"language\":\"de\",\"referrer_track\":\"\"},\"gplus\":{\"status\":\"on\",\"txt_info\":\"2 Klicks f\\u00fcr mehr Datenschutz: Erst wenn Sie hier klicken, wird der Button aktiv und Sie k\\u00f6nnen Ihre Empfehlung an Google+ senden. Schon beim Aktivieren werden Daten an Dritte \\u00fcbertragen - siehe <em>i<\\\/em>.\",\"perma_option\":\"off\",\"referrer_track\":\"\"},\"xing\":{\"status\":\"on\",\"txt_info\":\"2 Klicks f\\u00fcr mehr Datenschutz: Erst wenn Sie hier klicken, wird der Button aktiv und Sie k\\u00f6nnen Ihre Empfehlung an Xing senden. Schon beim Aktivieren werden Daten an Dritte \\u00fcbertragen - siehe <em>i<\\\/em>.\",\"perma_option\":\"off\",\"language\":\"de\",\"referrer_track\":\"\"},\"pinterest\":{\"status\":\"on\",\"the_excerpt\":\"Bodensee-Wildfang auf den Tellern der Region\",\"txt_info\":\"2 Klicks f\\u00fcr mehr Datenschutz: Erst wenn Sie hier klicken, wird der Button aktiv und Sie k\\u00f6nnen Ihre Empfehlung an Pinterest senden. Schon beim Aktivieren werden Daten an Dritte \\u00fcbertragen - siehe <em>i<\\\/em>.\",\"perma_option\":\"off\",\"media\":\"http:\\\/\\\/see-infos.de\\\/wp-content\\\/uploads\\\/2025\\\/08\\\/Untersee-Fischer_holen_Netze_ein_REGIO_e.V..jpg\"},\"linkedin\":{\"status\":\"on\",\"txt_info\":\"2 Klicks f\\u00fcr mehr Datenschutz: Erst wenn Sie hier klicken, wird der Button aktiv und Sie k\\u00f6nnen Ihre Empfehlung an LinkedIn senden. Schon beim Aktivieren werden Daten an Dritte \\u00fcbertragen - siehe <em>i<\\\/em>.\",\"perma_option\":\"off\"}},\"txt_help\":\"Wenn Sie diese Felder durch einen Klick aktivieren, werden Informationen an Facebook, Twitter, Flattr, Xing, t3n, LinkedIn, Pinterest oder Google eventuell ins Ausland \\u00fcbertragen und unter Umst\\u00e4nden auch dort gespeichert. N\\u00e4heres erfahren Sie durch einen Klick auf das <em>i<\\\/em>.\",\"settings_perma\":\"Dauerhaft aktivieren und Daten\\u00fcber-tragung zustimmen:\",\"info_link\":\"http:\\\/\\\/www.heise.de\\\/ct\\\/artikel\\\/2-Klicks-fuer-mehr-Datenschutz-1333879.html\",\"uri\":\"http:\\\/\\\/see-infos.de\\\/?p=27061\",\"post_id\":27061,\"post_title_referrer_track\":\"Bodensee-Wildfang+auf+den+Tellern+der+Region\",\"display_infobox\":\"on\"});}});\n\/* ]]> *\/<\/script><\/div>","protected":false},"excerpt":{"rendered":"<p>#bodenseefischwochen 15.9.\u201312.10.2025: Frische GenussMomente bei den BodenseefischWochen Wenn sich der Bodensee in den fr\u00fchen Morgenstunden noch in zarte Nebelschleier h\u00fcllt, durch die sanft die Morgensonne blinzelt, ziehen die Fischerinnen und Fischer ihre Netze ein. Darin gl\u00e4nzen kulinarische Sch\u00e4tze, die Feinschmecker begeistern. Als genussvolle Hommage an diesen frischen Wildfang laden die BodenseefischWochen vom 15. September bis [&hellip;]<\/p>\n","protected":false},"author":1,"featured_media":27062,"comment_status":"closed","ping_status":"closed","sticky":false,"template":"","format":"standard","meta":[],"categories":[1,7],"tags":[148,73],"_links":{"self":[{"href":"http:\/\/see-infos.de\/index.php?rest_route=\/wp\/v2\/posts\/27061"}],"collection":[{"href":"http:\/\/see-infos.de\/index.php?rest_route=\/wp\/v2\/posts"}],"about":[{"href":"http:\/\/see-infos.de\/index.php?rest_route=\/wp\/v2\/types\/post"}],"author":[{"embeddable":true,"href":"http:\/\/see-infos.de\/index.php?rest_route=\/wp\/v2\/users\/1"}],"replies":[{"embeddable":true,"href":"http:\/\/see-infos.de\/index.php?rest_route=%2Fwp%2Fv2%2Fcomments&post=27061"}],"version-history":[{"count":0,"href":"http:\/\/see-infos.de\/index.php?rest_route=\/wp\/v2\/posts\/27061\/revisions"}],"wp:featuredmedia":[{"embeddable":true,"href":"http:\/\/see-infos.de\/index.php?rest_route=\/wp\/v2\/media\/27062"}],"wp:attachment":[{"href":"http:\/\/see-infos.de\/index.php?rest_route=%2Fwp%2Fv2%2Fmedia&parent=27061"}],"wp:term":[{"taxonomy":"category","embeddable":true,"href":"http:\/\/see-infos.de\/index.php?rest_route=%2Fwp%2Fv2%2Fcategories&post=27061"},{"taxonomy":"post_tag","embeddable":true,"href":"http:\/\/see-infos.de\/index.php?rest_route=%2Fwp%2Fv2%2Ftags&post=27061"}],"curies":[{"name":"wp","href":"https:\/\/api.w.org\/{rel}","templated":true}]}}