{"id":27052,"date":"2025-09-03T08:47:41","date_gmt":"2025-09-03T06:47:41","guid":{"rendered":"http:\/\/see-infos.de\/?p=27052"},"modified":"2025-08-21T08:54:53","modified_gmt":"2025-08-21T06:54:53","slug":"riegel-bioweine-gewinnt-den-lea-mittelstandspreis-2025","status":"publish","type":"post","link":"http:\/\/see-infos.de\/?p=27052","title":{"rendered":"Riegel Bioweine gewinnt den Lea-Mittelstandspreis 2025"},"content":{"rendered":"<p>#riegelbioweine #leamittelstandspreis<\/p>\n<p><strong>Gro\u00dfe Ehre f\u00fcr den Bioweinspezialisten Riegel: Das Familienunternehmen aus Orsingen hat am 22. Juli im Neuen Schloss in Stuttgart den renommierten Lea-Mittelstandspreis 2025 erhalten. Der Preis w\u00fcrdigt das herausragende soziale Engagement kleiner und mittlerer Unternehmen in Baden-W\u00fcrttemberg.<\/strong><\/p>\n<p>Riegel Bioweine, das in diesem Jahr sein 40-j\u00e4hriges Bestehen feiert, wurde in der Kategorie \u201ebis 150 Mitarbeitende\u201c ausgezeichnet. Die Jury lobte insbesondere das langj\u00e4hrige Engagement f\u00fcr benachteiligte Menschen im Globalen S\u00fcden. Gr\u00fcnder Peter Riegel, zugleich Initiator des gemeinn\u00fctzigen F\u00f6rdervereins Good Grapes for a Better Life e.V., nahm die Auszeichnung pers\u00f6nlich entgegen.<\/p>\n<p>\u201eDer Lea-Mittelstandspreis ist f\u00fcr uns eine gro\u00dfe Ehre und Best\u00e4tigung. Pers\u00f6nlich erf\u00fcllt er uns mit Stolz und Dankbarkeit f\u00fcr unser engagiertes Team, das tagt\u00e4glich Verantwortung \u00fcbernimmt. Er ist Ansporn, unser unternehmerisches Handeln auch k\u00fcnftig mit sozialem Engagement und nachhaltiger Wirkung zu verbinden\u201c, sagte Riegel bei der Preisverleihung.<\/p>\n<p>Seit 2011 setzt er sich mit unerm\u00fcdlichem Einsatz, Begeisterung und finanzieller Unterst\u00fctzung daf\u00fcr ein, Menschen \u2013 besonders in S\u00fcdafrika \u2013 bessere Chancen auf eine selbstbestimmte Zukunft zu erm\u00f6glichen. Dieses Engagement sei, so die Jury, Motor und Inspiration f\u00fcr Mitarbeitende, Gesch\u00e4ftspartner und Kunden gleicherma\u00dfen.<\/p>\n<div id=\"attachment_27053\" style=\"width: 610px\" class=\"wp-caption alignleft\"><img aria-describedby=\"caption-attachment-27053\" loading=\"lazy\" src=\"http:\/\/see-infos.de\/wp-content\/uploads\/2025\/08\/Gisela-Peter-und-Felix-Riegel-.jpg\" alt=\"\" width=\"600\" height=\"401\" class=\"size-full wp-image-27053\" srcset=\"http:\/\/see-infos.de\/wp-content\/uploads\/2025\/08\/Gisela-Peter-und-Felix-Riegel-.jpg 600w, http:\/\/see-infos.de\/wp-content\/uploads\/2025\/08\/Gisela-Peter-und-Felix-Riegel--300x201.jpg 300w\" sizes=\"(max-width: 600px) 100vw, 600px\" \/><p id=\"caption-attachment-27053\" class=\"wp-caption-text\">Gisela, Peter und Felix Riegel. Foto: eter Riegel Weinimport GmbH<\/p><\/div>\n<p>Der Lea-Mittelstandspreis wird bereits zum 19. Mal vergeben. Unter der Schirmherrschaft des Ministeriums f\u00fcr Wirtschaft, Arbeit und Tourismus Baden-W\u00fcrttemberg werden Unternehmen geehrt, die \u00fcber ihr Tagesgesch\u00e4ft hinaus Verantwortung \u00fcbernehmen und so den gesellschaftlichen Zusammenhalt st\u00e4rken.<\/p>\n<p>Weitere Informationen:<br \/>\n<a href=\"http:\/\/www.riegel.de\" rel=\"noopener noreferrer\" target=\"_blank\">www.riegel.de<\/a> | <a href=\"http:\/\/www.good-grapes.org\" rel=\"noopener noreferrer\" target=\"_blank\">www.good-grapes.org<\/a> | <a href=\"http:\/\/www.lea-mittelstandspreis.de\" rel=\"noopener noreferrer\" target=\"_blank\">www.lea-mittelstandspreis.de<\/a><\/p>\n<div class=\"twoclick_social_bookmarks_post_27052 social_share_privacy clearfix 1.6.4 locale-de_DE sprite-de_DE\"><\/div><div class=\"twoclick-js\"><script type=\"text\/javascript\">\/* <![CDATA[ *\/\njQuery(document).ready(function($){if($('.twoclick_social_bookmarks_post_27052')){$('.twoclick_social_bookmarks_post_27052').socialSharePrivacy({\"services\":{\"twitter\":{\"reply_to\":\"\",\"tweet_text\":\"%20Riegel%20Bioweine%20gewinnt%20den%20Lea-Mittelstandspreis%202025%20%C2%BB%20See-Infos.de%20%23Essen%20und%20...\",\"status\":\"on\",\"txt_info\":\"2 Klicks f\\u00fcr mehr Datenschutz: Erst wenn Sie hier klicken, wird der Button aktiv und Sie k\\u00f6nnen Ihre Empfehlung an Twitter senden. Schon beim Aktivieren werden Daten an Dritte \\u00fcbertragen - siehe <em>i<\\\/em>.\",\"perma_option\":\"off\",\"language\":\"de\",\"referrer_track\":\"\"},\"gplus\":{\"status\":\"on\",\"txt_info\":\"2 Klicks f\\u00fcr mehr Datenschutz: Erst wenn Sie hier klicken, wird der Button aktiv und Sie k\\u00f6nnen Ihre Empfehlung an Google+ senden. Schon beim Aktivieren werden Daten an Dritte \\u00fcbertragen - siehe <em>i<\\\/em>.\",\"perma_option\":\"off\",\"referrer_track\":\"\"},\"xing\":{\"status\":\"on\",\"txt_info\":\"2 Klicks f\\u00fcr mehr Datenschutz: Erst wenn Sie hier klicken, wird der Button aktiv und Sie k\\u00f6nnen Ihre Empfehlung an Xing senden. Schon beim Aktivieren werden Daten an Dritte \\u00fcbertragen - siehe <em>i<\\\/em>.\",\"perma_option\":\"off\",\"language\":\"de\",\"referrer_track\":\"\"},\"pinterest\":{\"status\":\"on\",\"the_excerpt\":\"Riegel Bioweine gewinnt den Lea-Mittelstandspreis 2025\",\"txt_info\":\"2 Klicks f\\u00fcr mehr Datenschutz: Erst wenn Sie hier klicken, wird der Button aktiv und Sie k\\u00f6nnen Ihre Empfehlung an Pinterest senden. Schon beim Aktivieren werden Daten an Dritte \\u00fcbertragen - siehe <em>i<\\\/em>.\",\"perma_option\":\"off\",\"media\":\"http:\\\/\\\/see-infos.de\\\/wp-content\\\/uploads\\\/2025\\\/08\\\/Gisela-Peter-und-Felix-Riegel-.jpg\"},\"linkedin\":{\"status\":\"on\",\"txt_info\":\"2 Klicks f\\u00fcr mehr Datenschutz: Erst wenn Sie hier klicken, wird der Button aktiv und Sie k\\u00f6nnen Ihre Empfehlung an LinkedIn senden. Schon beim Aktivieren werden Daten an Dritte \\u00fcbertragen - siehe <em>i<\\\/em>.\",\"perma_option\":\"off\"}},\"txt_help\":\"Wenn Sie diese Felder durch einen Klick aktivieren, werden Informationen an Facebook, Twitter, Flattr, Xing, t3n, LinkedIn, Pinterest oder Google eventuell ins Ausland \\u00fcbertragen und unter Umst\\u00e4nden auch dort gespeichert. N\\u00e4heres erfahren Sie durch einen Klick auf das <em>i<\\\/em>.\",\"settings_perma\":\"Dauerhaft aktivieren und Daten\\u00fcber-tragung zustimmen:\",\"info_link\":\"http:\\\/\\\/www.heise.de\\\/ct\\\/artikel\\\/2-Klicks-fuer-mehr-Datenschutz-1333879.html\",\"uri\":\"http:\\\/\\\/see-infos.de\\\/?p=27052\",\"post_id\":27052,\"post_title_referrer_track\":\"Riegel+Bioweine+gewinnt+den+Lea-Mittelstandspreis+2025\",\"display_infobox\":\"on\"});}});\n\/* ]]> *\/<\/script><\/div>","protected":false},"excerpt":{"rendered":"<p>#riegelbioweine #leamittelstandspreis Gro\u00dfe Ehre f\u00fcr den Bioweinspezialisten Riegel: Das Familienunternehmen aus Orsingen hat am 22. Juli im Neuen Schloss in Stuttgart den renommierten Lea-Mittelstandspreis 2025 erhalten. Der Preis w\u00fcrdigt das herausragende soziale Engagement kleiner und mittlerer Unternehmen in Baden-W\u00fcrttemberg. Riegel Bioweine, das in diesem Jahr sein 40-j\u00e4hriges Bestehen feiert, wurde in der Kategorie \u201ebis 150 [&hellip;]<\/p>\n","protected":false},"author":1,"featured_media":27053,"comment_status":"closed","ping_status":"closed","sticky":false,"template":"","format":"standard","meta":[],"categories":[1],"tags":[41],"_links":{"self":[{"href":"http:\/\/see-infos.de\/index.php?rest_route=\/wp\/v2\/posts\/27052"}],"collection":[{"href":"http:\/\/see-infos.de\/index.php?rest_route=\/wp\/v2\/posts"}],"about":[{"href":"http:\/\/see-infos.de\/index.php?rest_route=\/wp\/v2\/types\/post"}],"author":[{"embeddable":true,"href":"http:\/\/see-infos.de\/index.php?rest_route=\/wp\/v2\/users\/1"}],"replies":[{"embeddable":true,"href":"http:\/\/see-infos.de\/index.php?rest_route=%2Fwp%2Fv2%2Fcomments&post=27052"}],"version-history":[{"count":0,"href":"http:\/\/see-infos.de\/index.php?rest_route=\/wp\/v2\/posts\/27052\/revisions"}],"wp:featuredmedia":[{"embeddable":true,"href":"http:\/\/see-infos.de\/index.php?rest_route=\/wp\/v2\/media\/27053"}],"wp:attachment":[{"href":"http:\/\/see-infos.de\/index.php?rest_route=%2Fwp%2Fv2%2Fmedia&parent=27052"}],"wp:term":[{"taxonomy":"category","embeddable":true,"href":"http:\/\/see-infos.de\/index.php?rest_route=%2Fwp%2Fv2%2Fcategories&post=27052"},{"taxonomy":"post_tag","embeddable":true,"href":"http:\/\/see-infos.de\/index.php?rest_route=%2Fwp%2Fv2%2Ftags&post=27052"}],"curies":[{"name":"wp","href":"https:\/\/api.w.org\/{rel}","templated":true}]}}