{"id":26973,"date":"2025-08-05T07:26:49","date_gmt":"2025-08-05T05:26:49","guid":{"rendered":"http:\/\/see-infos.de\/?p=26973"},"modified":"2025-07-30T19:38:07","modified_gmt":"2025-07-30T17:38:07","slug":"seenachtfest-und-stadtgartenfest","status":"publish","type":"post","link":"http:\/\/see-infos.de\/?p=26973","title":{"rendered":"Seenachtfest und Stadtgartenfest"},"content":{"rendered":"<p>#seenachtsfest #kreuzlingen #konstanz<\/p>\n<p><strong>Am 9. August ab 15 Uhr verwandelt sich das Konstanzer Seeufer in eine rund vier Kilometer lange Festmeile. Der funkelnde H\u00f6hepunkt ist das grenz\u00fcberschreitende Musikfeuerwerk mit der Schwesterstadt Kreuzlingen. Es ist eines der gr\u00f6\u00dften H\u00f6henfeuerwerke Europas, zu dem hunderte Schiffe aus dem DACH-Raum kommen. Auf dem Wasser gibt es viel zu erleben \u2013 mit Wasserskishows des DSMC, Modellboot-Ausstellung und romantischer Hafenstimmung inklusive wei\u00dfer Flotte. Der beliebte Seenachtfest-Markt am See sowie liebevoll gestaltete Dekorationen, Lichtinstallationen und ein farbenfroher Lichterhimmel tauchen die gesamte Kulisse in ein sommerlich-magisches Flair.<\/strong><\/p>\n<p><strong>Kulinarische Vielfalt auf h\u00f6chstem Niveau<\/strong><br \/>\nOb Pasta aus dem Parmesanlaib, K\u00e4ssp\u00e4tzle-Bowl, Austern &#038; Champagner, vegetarische Bowls oder Flammkuchen und Zimtschnecken \u2013 das Gastroangebot 2025 ist vielf\u00e4ltiger denn je. Foodtrucks, Aperol-Truck, Longdrink-Bars und regionale Anbieter versprechen einen genussvollen Abend f\u00fcr alle Geschmacksvorlieben \u2013 von deftig bis s\u00fc\u00df.<\/p>\n<div id=\"attachment_26974\" style=\"width: 610px\" class=\"wp-caption alignleft\"><img aria-describedby=\"caption-attachment-26974\" loading=\"lazy\" src=\"http:\/\/see-infos.de\/wp-content\/uploads\/2025\/07\/Konstanzer-Seenachtfest_Feuerwerk_Copyright-AchimMende.jpg\" alt=\"\" width=\"600\" height=\"400\" class=\"size-full wp-image-26974\" srcset=\"http:\/\/see-infos.de\/wp-content\/uploads\/2025\/07\/Konstanzer-Seenachtfest_Feuerwerk_Copyright-AchimMende.jpg 600w, http:\/\/see-infos.de\/wp-content\/uploads\/2025\/07\/Konstanzer-Seenachtfest_Feuerwerk_Copyright-AchimMende-300x200.jpg 300w\" sizes=\"(max-width: 600px) 100vw, 600px\" \/><p id=\"caption-attachment-26974\" class=\"wp-caption-text\">Konstanzer Seenachtfest &#8211; Feuerwerk. Foto &copy; Achim Mende<\/p><\/div>\n<p><strong>Stimmungsvolle Sommertage<\/strong><br \/>\nAuf mehreren B\u00fchnen spielen Livebands wie Liberry Space, LAY DOWN LAYLA, die Tom Alex Band, DJs von Villa Abendrot oder Radio7, sowie regionale Acts von der Konzertmuschel bis zur LAGO-Br\u00fccke. Walkacts, Puppentheater, kreative Spielangebote, Tanzworkshops und faszinierende Seifenblasenshows sorgen f\u00fcr Spa\u00df bei Gro\u00df und Klein.<br \/>\nAuch nach dem gro\u00dfen Feuerwerk geht das Programm weiter: Mit Musik bis tief in die Nacht, Cocktailst\u00e4nden und ausgelassener Sommerstimmung.<\/p>\n<p><strong>Stadtgartenfest \u2013 drei Tage Sommergef\u00fchl pur<\/strong><br \/>\nVom 7. bis 9. August l\u00e4dt das Stadtgartenfest zum entspannten Einstimmen ein: Bei Livemusik von u.\u202fa. Feierware Jazz Band und Elfachtelton, mit Kinderspielwiese, regionaler Gastronomie und stimmungsvoller Beleuchtung ist f\u00fcr jeden etwas dabei. Einfach vorbeikommen, schlemmen, genie\u00dfen und Sommerabende direkt am See feiern.<\/p>\n<p><strong>Tickets &#038; Anreise<\/strong><br \/>\nTickets f\u00fcr das Seenachtfest sind ab jetzt an der Tourist-Information am Bahnhof, im Online-Vorverkauf unter <a href=\"http:\/\/www.seenachtfest.de\" rel=\"noopener noreferrer\" target=\"_blank\">www.seenachtfest.de<\/a> und am Veranstaltungstag auch vor Ort erh\u00e4ltlich. Das Ticket gilt am 9. August als Fahrschein im VHB-Gebiet (inkl. Stadtbus Konstanz, SBB und Regionalbusse). Wer nachhaltig anreisen m\u00f6chte, nutzt Bus, Bahn, Fahrrad, den Katamaran oder die BSB-Schiffe.<\/p>\n<div class=\"twoclick_social_bookmarks_post_26973 social_share_privacy clearfix 1.6.4 locale-de_DE sprite-de_DE\"><\/div><div class=\"twoclick-js\"><script type=\"text\/javascript\">\/* <![CDATA[ *\/\njQuery(document).ready(function($){if($('.twoclick_social_bookmarks_post_26973')){$('.twoclick_social_bookmarks_post_26973').socialSharePrivacy({\"services\":{\"twitter\":{\"reply_to\":\"\",\"tweet_text\":\"%20Seenachtfest%20und%20Stadtgartenfest%20%C2%BB%20See-Infos.de%20%23Fest%20%23Konstanz%20%23Kreuzlingen%20...\",\"status\":\"on\",\"txt_info\":\"2 Klicks f\\u00fcr mehr Datenschutz: Erst wenn Sie hier klicken, wird der Button aktiv und Sie k\\u00f6nnen Ihre Empfehlung an Twitter senden. Schon beim Aktivieren werden Daten an Dritte \\u00fcbertragen - siehe <em>i<\\\/em>.\",\"perma_option\":\"off\",\"language\":\"de\",\"referrer_track\":\"\"},\"gplus\":{\"status\":\"on\",\"txt_info\":\"2 Klicks f\\u00fcr mehr Datenschutz: Erst wenn Sie hier klicken, wird der Button aktiv und Sie k\\u00f6nnen Ihre Empfehlung an Google+ senden. Schon beim Aktivieren werden Daten an Dritte \\u00fcbertragen - siehe <em>i<\\\/em>.\",\"perma_option\":\"off\",\"referrer_track\":\"\"},\"xing\":{\"status\":\"on\",\"txt_info\":\"2 Klicks f\\u00fcr mehr Datenschutz: Erst wenn Sie hier klicken, wird der Button aktiv und Sie k\\u00f6nnen Ihre Empfehlung an Xing senden. Schon beim Aktivieren werden Daten an Dritte \\u00fcbertragen - siehe <em>i<\\\/em>.\",\"perma_option\":\"off\",\"language\":\"de\",\"referrer_track\":\"\"},\"pinterest\":{\"status\":\"on\",\"the_excerpt\":\"Seenachtfest und Stadtgartenfest\",\"txt_info\":\"2 Klicks f\\u00fcr mehr Datenschutz: Erst wenn Sie hier klicken, wird der Button aktiv und Sie k\\u00f6nnen Ihre Empfehlung an Pinterest senden. Schon beim Aktivieren werden Daten an Dritte \\u00fcbertragen - siehe <em>i<\\\/em>.\",\"perma_option\":\"off\",\"media\":\"http:\\\/\\\/see-infos.de\\\/wp-content\\\/uploads\\\/2025\\\/07\\\/Konstanzer-Seenachtfest_Feuerwerk_Copyright-AchimMende.jpg\"},\"linkedin\":{\"status\":\"on\",\"txt_info\":\"2 Klicks f\\u00fcr mehr Datenschutz: Erst wenn Sie hier klicken, wird der Button aktiv und Sie k\\u00f6nnen Ihre Empfehlung an LinkedIn senden. Schon beim Aktivieren werden Daten an Dritte \\u00fcbertragen - siehe <em>i<\\\/em>.\",\"perma_option\":\"off\"}},\"txt_help\":\"Wenn Sie diese Felder durch einen Klick aktivieren, werden Informationen an Facebook, Twitter, Flattr, Xing, t3n, LinkedIn, Pinterest oder Google eventuell ins Ausland \\u00fcbertragen und unter Umst\\u00e4nden auch dort gespeichert. N\\u00e4heres erfahren Sie durch einen Klick auf das <em>i<\\\/em>.\",\"settings_perma\":\"Dauerhaft aktivieren und Daten\\u00fcber-tragung zustimmen:\",\"info_link\":\"http:\\\/\\\/www.heise.de\\\/ct\\\/artikel\\\/2-Klicks-fuer-mehr-Datenschutz-1333879.html\",\"uri\":\"http:\\\/\\\/see-infos.de\\\/?p=26973\",\"post_id\":26973,\"post_title_referrer_track\":\"Seenachtfest+und+Stadtgartenfest\",\"display_infobox\":\"on\"});}});\n\/* ]]> *\/<\/script><\/div>","protected":false},"excerpt":{"rendered":"<p>#seenachtsfest #kreuzlingen #konstanz Am 9. August ab 15 Uhr verwandelt sich das Konstanzer Seeufer in eine rund vier Kilometer lange Festmeile. Der funkelnde H\u00f6hepunkt ist das grenz\u00fcberschreitende Musikfeuerwerk mit der Schwesterstadt Kreuzlingen. Es ist eines der gr\u00f6\u00dften H\u00f6henfeuerwerke Europas, zu dem hunderte Schiffe aus dem DACH-Raum kommen. Auf dem Wasser gibt es viel zu erleben [&hellip;]<\/p>\n","protected":false},"author":1,"featured_media":26974,"comment_status":"closed","ping_status":"closed","sticky":false,"template":"","format":"standard","meta":[],"categories":[1,7],"tags":[9,31,106,30],"_links":{"self":[{"href":"http:\/\/see-infos.de\/index.php?rest_route=\/wp\/v2\/posts\/26973"}],"collection":[{"href":"http:\/\/see-infos.de\/index.php?rest_route=\/wp\/v2\/posts"}],"about":[{"href":"http:\/\/see-infos.de\/index.php?rest_route=\/wp\/v2\/types\/post"}],"author":[{"embeddable":true,"href":"http:\/\/see-infos.de\/index.php?rest_route=\/wp\/v2\/users\/1"}],"replies":[{"embeddable":true,"href":"http:\/\/see-infos.de\/index.php?rest_route=%2Fwp%2Fv2%2Fcomments&post=26973"}],"version-history":[{"count":0,"href":"http:\/\/see-infos.de\/index.php?rest_route=\/wp\/v2\/posts\/26973\/revisions"}],"wp:featuredmedia":[{"embeddable":true,"href":"http:\/\/see-infos.de\/index.php?rest_route=\/wp\/v2\/media\/26974"}],"wp:attachment":[{"href":"http:\/\/see-infos.de\/index.php?rest_route=%2Fwp%2Fv2%2Fmedia&parent=26973"}],"wp:term":[{"taxonomy":"category","embeddable":true,"href":"http:\/\/see-infos.de\/index.php?rest_route=%2Fwp%2Fv2%2Fcategories&post=26973"},{"taxonomy":"post_tag","embeddable":true,"href":"http:\/\/see-infos.de\/index.php?rest_route=%2Fwp%2Fv2%2Ftags&post=26973"}],"curies":[{"name":"wp","href":"https:\/\/api.w.org\/{rel}","templated":true}]}}