{"id":26970,"date":"2025-08-09T07:18:57","date_gmt":"2025-08-09T05:18:57","guid":{"rendered":"http:\/\/see-infos.de\/?p=26970"},"modified":"2025-07-30T19:26:44","modified_gmt":"2025-07-30T17:26:44","slug":"zwischen-see-und-vulkanenwo-regionalitaet-wurzeln-schlaegt","status":"publish","type":"post","link":"http:\/\/see-infos.de\/?p=26970","title":{"rendered":"Zwischen See und Vulkanen:Wo Regionalit\u00e4t Wurzeln schl\u00e4gt"},"content":{"rendered":"<p>#Konstanz #Nachhaltigkeit<\/p>\n<p><strong>Am westlichen Bodensee ist Regionalit\u00e4t gelebte Kultur, aromatische Vielfalt und zukunftsf\u00e4higer Genuss. Im Rahmen der Initiative \u201eNachhaltig Westlicher Bodensee\u201c setzen immer mehr Betriebe, Kommunen, Erzeuger und Initiativen auf kurze Wege, echte Qualit\u00e4t und herzliche Begegnungen. Bereits \u00fcber 50 Betriebe engagieren sich in der Nachhaltigkeitsinitiative und zeigen, wie ganzheitliche Nachhaltigkeit zukunftsf\u00e4hig gelingt: \u00f6kologisch, sozial und wirtschaftlich.<\/strong><\/p>\n<p><strong>Genuss mit Herkunft \u2013 Direktvermarkter am westlichen Bodensee<\/strong><br \/>\nIm Hegau, auf der Insel Reichenau und der Halbinsel H\u00f6ri schenkt die Erde \u00fcppigen Ertrag. Direkt vom Acker und den hier so typischen Streuobstwiesen werden die erntefrischen Produkte von vielen Erzeugern in Hofl\u00e4den, auf den Wochenm\u00e4rkten und an Stra\u00dfenst\u00e4nden feilgeboten. Aus den Netzen der Fischerinnen und Fischer kann zudem frischer Bodensee-Wildfang bezogen werden. Viele von ihnen setzen sich bei Bodenseefisch e.V daf\u00fcr ein, die Tradition des Fischfangs zu erhalten und die nat\u00fcrlichen Ressourcen des Bodensees zu sch\u00fctzen. Denn Regionalit\u00e4t bedeutet hier Vertrauen in Mensch, Produkt und Herkunft.<\/p>\n<p><strong>Neu: Auf zwei R\u00e4dern zu biologischem Genuss<\/strong><br \/>\nAufs Fahrrad schwingt sich am besten, wer nachhaltige Landwirtschaft schmecken und unmittelbar erleben m\u00f6chte: F\u00fcnf neue Biohof-Genussradtouren erm\u00f6glichen besondere Einblicke \u2013 drei davon im westlichen Bodenseeraum. Zwischen Apfelhainen, Kornfeldern, Bauerng\u00e4rten und Viehweiden mit Mutterkuhhaltung lernt man auf der \u201eHegauKorn\u201c-Tour, der \u201eM\u00fchlinger\u201c-Route und der \u201eWahlwieser\u201c-Route \u00f6kologische Landwirtschaft kennen, plaudert mit Erzeugern und f\u00fcllt den Fahrradkorb mit gesunden Leckereien. Nachhaltig wirtschaftende Gastronomiebetriebe stehen im Zentrum einer weiteren Radtour mit Fokus auf Genuss. Die Tour \u201eRettich, B\u00fclle und Salat\u201c f\u00fchrt von Gang zu Gang entlang von Wiesen und Feldern \u00fcber die Halbinsel H\u00f6ri.<\/p>\n<div id=\"attachment_26971\" style=\"width: 610px\" class=\"wp-caption alignleft\"><img aria-describedby=\"caption-attachment-26971\" loading=\"lazy\" src=\"http:\/\/see-infos.de\/wp-content\/uploads\/2025\/07\/Gemuese_Verkaufsstand_Nachweis_REGIO_eV.jpg\" alt=\"\" width=\"600\" height=\"429\" class=\"size-full wp-image-26971\" srcset=\"http:\/\/see-infos.de\/wp-content\/uploads\/2025\/07\/Gemuese_Verkaufsstand_Nachweis_REGIO_eV.jpg 600w, http:\/\/see-infos.de\/wp-content\/uploads\/2025\/07\/Gemuese_Verkaufsstand_Nachweis_REGIO_eV-300x215.jpg 300w\" sizes=\"(max-width: 600px) 100vw, 600px\" \/><p id=\"caption-attachment-26971\" class=\"wp-caption-text\">Aus der Region frisch auf den Teller. Heimische Qualit\u00e4t von ihrer k\u00f6stlichsten Seite \u2013 das servieren viele Gastronomen der Region, etwa Hubert Neidhart vom Restaurant Gr\u00fcner Baum in Moos. Bildnachweis: REGIO e.V.<\/p><\/div>\n<p><strong>Aus der Region frisch auf den Teller<\/strong><br \/>\nHeimische Qualit\u00e4t von ihrer k\u00f6stlichsten Seite \u2013 daf\u00fcr stehen auch viele Restaurants der Region. Sie schenken feinen Bodenseewein aus, servieren Fleisch von hiesigen Weiderindern oder die aromatische H\u00f6ri-B\u00fclle aus der Nachbarschaft. Auf der Insel Reichenau beeindruckt etwa das Restaurant \u201eZum alten Mesmer\u201c damit, dass \u00fcber 90 Prozent der Zutaten aus der Umgebung kommen. Und auch das Inklusionshotel Seeh\u00f6rnle in Gaienhofen-Horn sowie das \u201eGreen Sign\u201c-zertifizierte HARBR. hotel Konstanz leben Nachhaltigkeit als umfassendes Prinzip. Wie sich Regionalit\u00e4t veredeln l\u00e4sst zeigt die Manufaktur \u201eDelikat essen \u2013 Feines aus dem Hegau\u201c. Als Mitglied im Verein \u201eGutes vom See\u201c steht sie stellvertretend f\u00fcr viele Unternehmen, die regionale Produkte als kulinarisches Versprechen verstehen.<\/p>\n<p><strong>Auf ein gutes Blatt setzen: Die Nachhaltigkeitsinitiative am westlichen Bodensee<\/strong><br \/>\nDie nachhaltige Entwicklung am westlichen Bodensee ist einem engagierten Netzwerk zu verdanken: \u00dcber 50 Partnerbetriebe aus Tourismus, Gastronomie, Direktvermarktung, Hotellerie und Freizeit ziehen im Rahmen der Nachhaltigkeitsinitiative an einem Strang. Voraussetzung ist ein anerkannter Nachhaltigkeitsnachweis \u2013 je nach Einstufung etwa \u201eGreen Sign\u201c, \u201eBioland\u201c, \u201eGutes vom See\u201c und einige mehr. Die Idee dahinter: Nachhaltigkeit ganzheitlich denken \u2013 \u00f6kologisch, sozial und wirtschaftlich. F\u00fcr die G\u00e4ste und Bewohner der Region werden Partner sowie bereits bestehende Angebote und Initiativen transparent \u00fcber ein Piktogramm kommuniziert: ein gr\u00fcnes Blatt.<\/p>\n<p>In diesem Jahr startet die Destinationszertifizierung durch \u201eGreen Destinations\u201c. Die international anerkannte Zertifizierungsorganisation f\u00fcr nachhaltigen Tourismus begleitet die Region am westlichen Bodensee auf ihrem Weg zu umfangreicher Umwelt- und Sozialverantwortung. Ziel ist es, die Zertifizierung im Jahr 2026 erfolgreich abzuschlie\u00dfen.<\/p>\n<p>Weitere Informationen: <a href=\"http:\/\/www.bodenseewest.eu\/nachhaltigkeit\" rel=\"noopener noreferrer\" target=\"_blank\">www.bodenseewest.eu\/nachhaltigkeit<\/a><\/p>\n<div class=\"twoclick_social_bookmarks_post_26970 social_share_privacy clearfix 1.6.4 locale-de_DE sprite-de_DE\"><\/div><div class=\"twoclick-js\"><script type=\"text\/javascript\">\/* <![CDATA[ *\/\njQuery(document).ready(function($){if($('.twoclick_social_bookmarks_post_26970')){$('.twoclick_social_bookmarks_post_26970').socialSharePrivacy({\"services\":{\"twitter\":{\"reply_to\":\"\",\"tweet_text\":\"%20Zwischen%20See%20und%20Vulkanen%3AWo%20Regionalit%C3%A4t%20Wurzeln%20schl%C3%A4gt%20%C2%BB%20See-Infos.de%20...\",\"status\":\"on\",\"txt_info\":\"2 Klicks f\\u00fcr mehr Datenschutz: Erst wenn Sie hier klicken, wird der Button aktiv und Sie k\\u00f6nnen Ihre Empfehlung an Twitter senden. Schon beim Aktivieren werden Daten an Dritte \\u00fcbertragen - siehe <em>i<\\\/em>.\",\"perma_option\":\"off\",\"language\":\"de\",\"referrer_track\":\"\"},\"gplus\":{\"status\":\"on\",\"txt_info\":\"2 Klicks f\\u00fcr mehr Datenschutz: Erst wenn Sie hier klicken, wird der Button aktiv und Sie k\\u00f6nnen Ihre Empfehlung an Google+ senden. Schon beim Aktivieren werden Daten an Dritte \\u00fcbertragen - siehe <em>i<\\\/em>.\",\"perma_option\":\"off\",\"referrer_track\":\"\"},\"xing\":{\"status\":\"on\",\"txt_info\":\"2 Klicks f\\u00fcr mehr Datenschutz: Erst wenn Sie hier klicken, wird der Button aktiv und Sie k\\u00f6nnen Ihre Empfehlung an Xing senden. Schon beim Aktivieren werden Daten an Dritte \\u00fcbertragen - siehe <em>i<\\\/em>.\",\"perma_option\":\"off\",\"language\":\"de\",\"referrer_track\":\"\"},\"pinterest\":{\"status\":\"on\",\"the_excerpt\":\"Zwischen See und Vulkanen:Wo Regionalit\\u00e4t Wurzeln schl\\u00e4gt\",\"txt_info\":\"2 Klicks f\\u00fcr mehr Datenschutz: Erst wenn Sie hier klicken, wird der Button aktiv und Sie k\\u00f6nnen Ihre Empfehlung an Pinterest senden. Schon beim Aktivieren werden Daten an Dritte \\u00fcbertragen - siehe <em>i<\\\/em>.\",\"perma_option\":\"off\",\"media\":\"http:\\\/\\\/see-infos.de\\\/wp-content\\\/uploads\\\/2025\\\/07\\\/Gemuese_Verkaufsstand_Nachweis_REGIO_eV.jpg\"},\"linkedin\":{\"status\":\"on\",\"txt_info\":\"2 Klicks f\\u00fcr mehr Datenschutz: Erst wenn Sie hier klicken, wird der Button aktiv und Sie k\\u00f6nnen Ihre Empfehlung an LinkedIn senden. Schon beim Aktivieren werden Daten an Dritte \\u00fcbertragen - siehe <em>i<\\\/em>.\",\"perma_option\":\"off\"}},\"txt_help\":\"Wenn Sie diese Felder durch einen Klick aktivieren, werden Informationen an Facebook, Twitter, Flattr, Xing, t3n, LinkedIn, Pinterest oder Google eventuell ins Ausland \\u00fcbertragen und unter Umst\\u00e4nden auch dort gespeichert. N\\u00e4heres erfahren Sie durch einen Klick auf das <em>i<\\\/em>.\",\"settings_perma\":\"Dauerhaft aktivieren und Daten\\u00fcber-tragung zustimmen:\",\"info_link\":\"http:\\\/\\\/www.heise.de\\\/ct\\\/artikel\\\/2-Klicks-fuer-mehr-Datenschutz-1333879.html\",\"uri\":\"http:\\\/\\\/see-infos.de\\\/?p=26970\",\"post_id\":26970,\"post_title_referrer_track\":\"Zwischen+See+und+Vulkanen%3AWo+Regionalit%C3%A4t+Wurzeln+schl%C3%A4gt\",\"display_infobox\":\"on\"});}});\n\/* ]]> *\/<\/script><\/div>","protected":false},"excerpt":{"rendered":"<p>#Konstanz #Nachhaltigkeit Am westlichen Bodensee ist Regionalit\u00e4t gelebte Kultur, aromatische Vielfalt und zukunftsf\u00e4higer Genuss. Im Rahmen der Initiative \u201eNachhaltig Westlicher Bodensee\u201c setzen immer mehr Betriebe, Kommunen, Erzeuger und Initiativen auf kurze Wege, echte Qualit\u00e4t und herzliche Begegnungen. Bereits \u00fcber 50 Betriebe engagieren sich in der Nachhaltigkeitsinitiative und zeigen, wie ganzheitliche Nachhaltigkeit zukunftsf\u00e4hig gelingt: \u00f6kologisch, sozial [&hellip;]<\/p>\n","protected":false},"author":1,"featured_media":26971,"comment_status":"closed","ping_status":"closed","sticky":false,"template":"","format":"standard","meta":[],"categories":[1,7],"tags":[73,34,12,144],"_links":{"self":[{"href":"http:\/\/see-infos.de\/index.php?rest_route=\/wp\/v2\/posts\/26970"}],"collection":[{"href":"http:\/\/see-infos.de\/index.php?rest_route=\/wp\/v2\/posts"}],"about":[{"href":"http:\/\/see-infos.de\/index.php?rest_route=\/wp\/v2\/types\/post"}],"author":[{"embeddable":true,"href":"http:\/\/see-infos.de\/index.php?rest_route=\/wp\/v2\/users\/1"}],"replies":[{"embeddable":true,"href":"http:\/\/see-infos.de\/index.php?rest_route=%2Fwp%2Fv2%2Fcomments&post=26970"}],"version-history":[{"count":0,"href":"http:\/\/see-infos.de\/index.php?rest_route=\/wp\/v2\/posts\/26970\/revisions"}],"wp:featuredmedia":[{"embeddable":true,"href":"http:\/\/see-infos.de\/index.php?rest_route=\/wp\/v2\/media\/26971"}],"wp:attachment":[{"href":"http:\/\/see-infos.de\/index.php?rest_route=%2Fwp%2Fv2%2Fmedia&parent=26970"}],"wp:term":[{"taxonomy":"category","embeddable":true,"href":"http:\/\/see-infos.de\/index.php?rest_route=%2Fwp%2Fv2%2Fcategories&post=26970"},{"taxonomy":"post_tag","embeddable":true,"href":"http:\/\/see-infos.de\/index.php?rest_route=%2Fwp%2Fv2%2Ftags&post=26970"}],"curies":[{"name":"wp","href":"https:\/\/api.w.org\/{rel}","templated":true}]}}