{"id":26963,"date":"2025-08-07T07:02:50","date_gmt":"2025-08-07T05:02:50","guid":{"rendered":"http:\/\/see-infos.de\/?p=26963"},"modified":"2025-07-30T19:11:41","modified_gmt":"2025-07-30T17:11:41","slug":"barocke-schatzkiste-oeffnet-sich","status":"publish","type":"post","link":"http:\/\/see-infos.de\/?p=26963","title":{"rendered":"Barocke Schatzkiste \u00f6ffnet sich"},"content":{"rendered":"<p>#barockwoche #oberschwaben<\/p>\n<p><strong>BAROCKwoche 9. bis 17.08.2025 an der Oberschw\u00e4bischen Barockstra\u00dfe<\/strong><br \/>\nOberschwaben-Allg\u00e4u ist eine wahre Schatzkiste des Barock. W\u00e4hrend der BAROCKwoche 2025 lebt die glanzvolle Epoche entlang der Oberschw\u00e4bischen Barockstra\u00dfe auf und l\u00e4dt vom 9. bis 17. August 2025 dazu ein, sie mit allen Sinnen zu genie\u00dfen: Historische Pers\u00f6nlichkeiten geben spannende Einblicke in ihr Leben, Konzerte lassen die ferne Zeit erklingen und F\u00fchrungen in Kirchen und Schl\u00f6ssern machen deutlich, wie sehr sakrale Kunst und h\u00f6fisches Leben im Dienst opulenter Inszenierungen standen. Das ganze Programm gibt es unter <a href=\"http:\/\/www.himmelreich-des-barock.de\" rel=\"noopener noreferrer\" target=\"_blank\">www.himmelreich-des-barock.de<\/a>.<\/p>\n<p><strong>Geschichte unterhaltsam verpackt<\/strong><br \/>\nDer Schussenrieder Pater Caspar Mohr hatte sich bereits vor 400 Jahren in den Kopf gesetzt, mit selbst gebautem Flugger\u00e4t die L\u00fcfte zu erobern. Ob er ein Genie oder doch eher ein Hans-Guck-in-die-Luft war, dar\u00fcber k\u00f6nnen sich Besucher beim am\u00fcsanten Rundgang mit Pater Mohr durch das ehemalige Kloster Schussenried selbst ein Urteil bilden. In Ravensburg ist es die wunderfitzige T\u00fcrmerin Regina Nabholz, die beim StadtSchauSpiel zur Korrespondentin des 18. Jahrhunderts wird. Sie berichtet \u201elive\u201c aus der ereignisreichen Stadtgeschichte und plaudert dabei auch aus ihrem pers\u00f6nlichen N\u00e4hk\u00e4stchen. In Tettnang schl\u00fcpft Hans Sailer in die Rolle des Grafen von Tettnang-Argen und gibt Auskunft \u00fcber seine Rolle als Adeliger im Barock. Im Neuen Schloss Ki\u00dflegg versetzt \u201eCousine Eugenie\u201c die Besucher in die Barockzeit zur\u00fcck.<\/p>\n<p><strong>Kulinarische und musikalische Entdeckungen<\/strong><br \/>\nAn eine reich eingedeckte barocke Tafel l\u00e4dt die F\u00fchrung \u201eTisch &#038; Tafel bei Hofe\u201c im Neuen Schloss Tettnang. Beim musikalischen Schlossspaziergang auf Schloss Achberg wird die Kombination aus Musik und Architektur zum Erlebnis. Der monumentale und zugleich verspielte Prospekt der ber\u00fchmten Riepp-Orgel aus der Zeit des Barock hat sich im Salemer M\u00fcnster erhalten. Die internationalen Salemer Orgelwochen in Kloster und Schloss Salem huldigen der Orgel mit zwei Konzerten w\u00e4hrend der BAROCKwoche.<\/p>\n<div id=\"attachment_26965\" style=\"width: 610px\" class=\"wp-caption alignleft\"><img aria-describedby=\"caption-attachment-26965\" loading=\"lazy\" src=\"http:\/\/see-infos.de\/wp-content\/uploads\/2025\/07\/Oberschwaben_Tourismus_GmbH_Florian_Trykowski_Radiant.jpg\" alt=\"\" width=\"600\" height=\"400\" class=\"size-full wp-image-26965\" srcset=\"http:\/\/see-infos.de\/wp-content\/uploads\/2025\/07\/Oberschwaben_Tourismus_GmbH_Florian_Trykowski_Radiant.jpg 600w, http:\/\/see-infos.de\/wp-content\/uploads\/2025\/07\/Oberschwaben_Tourismus_GmbH_Florian_Trykowski_Radiant-300x200.jpg 300w\" sizes=\"(max-width: 600px) 100vw, 600px\" \/><p id=\"caption-attachment-26965\" class=\"wp-caption-text\">Der Bibliothekssaal des Klosters Schussenried. Mit dem festlichen Bibliothekssaal des Klosters Schussenried schufen der Maler Franz Georg Hermann und der Bildhauer Fidelis Sporer ein Juwel des Rokoko. Bildnachweis: Oberschwaben Tourismus GmbH, Florian Trykowski<\/p><\/div>\n<p><strong>F\u00fchrungen in Barockkirchen und durch h\u00fcbsche St\u00e4dtchen<\/strong><br \/>\nDie BAROCKwoche ist immer eine Zeit, in der besonders viele F\u00fchrungen durch barocke Kirchen, Schl\u00f6sser und historische Altst\u00e4dte angeboten werden. Au\u00dferdem gibt es Altstadtrundg\u00e4nge mit barockem Schwerpunkt in Bad Schussenried, Ochsenhausen, Kempten, Leutkirch, Pfullendorf und sogar St.Gallen in der Schweiz. Ein H\u00f6hepunkt sind au\u00dferdem die F\u00fchrungen in der Abraham a Sancta Clara Gedenkst\u00e4tte in Kreenheinstetten, die dem wortgewaltigen oberschw\u00e4bischen Prediger und \u201eBestsellerautor\u201c des 17. Jahrhunderts gewidmet ist.<\/p>\n<p><strong>Barock, auch f\u00fcr Kinder!<\/strong><br \/>\nIn der \u201eStuckwerkstatt f\u00fcr Familien\u201c auf Schloss Achberg k\u00f6nnen kleine und gro\u00dfe Besucher sich in der Kunst des Stuckgie\u00dfens probieren und d\u00fcrfen ihr selbst gefertigtes Ornament dann auch mit nach Hause nehmen. Im Neuen Schloss Tettnang geht eine F\u00fchrung durch die barocken S\u00e4le lustigen und nachdenklich stimmenden Fabeln, M\u00e4rchen und Sagen auf den Grund.<\/p>\n<p>Mehr Informationen zu allen Programmpunkten unter <a href=\"http:\/\/www.himmelreich-des-barock.de\" rel=\"noopener noreferrer\" target=\"_blank\">www.himmelreich-des-barock.de<\/a><\/p>\n<div class=\"twoclick_social_bookmarks_post_26963 social_share_privacy clearfix 1.6.4 locale-de_DE sprite-de_DE\"><\/div><div class=\"twoclick-js\"><script type=\"text\/javascript\">\/* <![CDATA[ *\/\njQuery(document).ready(function($){if($('.twoclick_social_bookmarks_post_26963')){$('.twoclick_social_bookmarks_post_26963').socialSharePrivacy({\"services\":{\"twitter\":{\"reply_to\":\"\",\"tweet_text\":\"Barocke%20Schatzkiste%20%C3%B6ffnet%20sich%20%C2%BB%20See-Infos.de%20%23Allg%C3%A4u%20%23Oberschwaben\",\"status\":\"on\",\"txt_info\":\"2 Klicks f\\u00fcr mehr Datenschutz: Erst wenn Sie hier klicken, wird der Button aktiv und Sie k\\u00f6nnen Ihre Empfehlung an Twitter senden. Schon beim Aktivieren werden Daten an Dritte \\u00fcbertragen - siehe <em>i<\\\/em>.\",\"perma_option\":\"off\",\"language\":\"de\",\"referrer_track\":\"\"},\"gplus\":{\"status\":\"on\",\"txt_info\":\"2 Klicks f\\u00fcr mehr Datenschutz: Erst wenn Sie hier klicken, wird der Button aktiv und Sie k\\u00f6nnen Ihre Empfehlung an Google+ senden. Schon beim Aktivieren werden Daten an Dritte \\u00fcbertragen - siehe <em>i<\\\/em>.\",\"perma_option\":\"off\",\"referrer_track\":\"\"},\"xing\":{\"status\":\"on\",\"txt_info\":\"2 Klicks f\\u00fcr mehr Datenschutz: Erst wenn Sie hier klicken, wird der Button aktiv und Sie k\\u00f6nnen Ihre Empfehlung an Xing senden. Schon beim Aktivieren werden Daten an Dritte \\u00fcbertragen - siehe <em>i<\\\/em>.\",\"perma_option\":\"off\",\"language\":\"de\",\"referrer_track\":\"\"},\"pinterest\":{\"status\":\"on\",\"the_excerpt\":\"Barocke Schatzkiste \\u00f6ffnet sich\",\"txt_info\":\"2 Klicks f\\u00fcr mehr Datenschutz: Erst wenn Sie hier klicken, wird der Button aktiv und Sie k\\u00f6nnen Ihre Empfehlung an Pinterest senden. Schon beim Aktivieren werden Daten an Dritte \\u00fcbertragen - siehe <em>i<\\\/em>.\",\"perma_option\":\"off\",\"media\":\"http:\\\/\\\/see-infos.de\\\/wp-content\\\/uploads\\\/2025\\\/07\\\/Oberschwaben_Tourismus_GmbH_Florian_Trykowski_Radiant.jpg\"},\"linkedin\":{\"status\":\"on\",\"txt_info\":\"2 Klicks f\\u00fcr mehr Datenschutz: Erst wenn Sie hier klicken, wird der Button aktiv und Sie k\\u00f6nnen Ihre Empfehlung an LinkedIn senden. Schon beim Aktivieren werden Daten an Dritte \\u00fcbertragen - siehe <em>i<\\\/em>.\",\"perma_option\":\"off\"}},\"txt_help\":\"Wenn Sie diese Felder durch einen Klick aktivieren, werden Informationen an Facebook, Twitter, Flattr, Xing, t3n, LinkedIn, Pinterest oder Google eventuell ins Ausland \\u00fcbertragen und unter Umst\\u00e4nden auch dort gespeichert. N\\u00e4heres erfahren Sie durch einen Klick auf das <em>i<\\\/em>.\",\"settings_perma\":\"Dauerhaft aktivieren und Daten\\u00fcber-tragung zustimmen:\",\"info_link\":\"http:\\\/\\\/www.heise.de\\\/ct\\\/artikel\\\/2-Klicks-fuer-mehr-Datenschutz-1333879.html\",\"uri\":\"http:\\\/\\\/see-infos.de\\\/?p=26963\",\"post_id\":26963,\"post_title_referrer_track\":\"Barocke+Schatzkiste+%C3%B6ffnet+sich\",\"display_infobox\":\"on\"});}});\n\/* ]]> *\/<\/script><\/div>","protected":false},"excerpt":{"rendered":"<p>#barockwoche #oberschwaben BAROCKwoche 9. bis 17.08.2025 an der Oberschw\u00e4bischen Barockstra\u00dfe Oberschwaben-Allg\u00e4u ist eine wahre Schatzkiste des Barock. W\u00e4hrend der BAROCKwoche 2025 lebt die glanzvolle Epoche entlang der Oberschw\u00e4bischen Barockstra\u00dfe auf und l\u00e4dt vom 9. bis 17. August 2025 dazu ein, sie mit allen Sinnen zu genie\u00dfen: Historische Pers\u00f6nlichkeiten geben spannende Einblicke in ihr Leben, Konzerte [&hellip;]<\/p>\n","protected":false},"author":1,"featured_media":26965,"comment_status":"closed","ping_status":"closed","sticky":false,"template":"","format":"standard","meta":[],"categories":[1,7],"tags":[120,80],"_links":{"self":[{"href":"http:\/\/see-infos.de\/index.php?rest_route=\/wp\/v2\/posts\/26963"}],"collection":[{"href":"http:\/\/see-infos.de\/index.php?rest_route=\/wp\/v2\/posts"}],"about":[{"href":"http:\/\/see-infos.de\/index.php?rest_route=\/wp\/v2\/types\/post"}],"author":[{"embeddable":true,"href":"http:\/\/see-infos.de\/index.php?rest_route=\/wp\/v2\/users\/1"}],"replies":[{"embeddable":true,"href":"http:\/\/see-infos.de\/index.php?rest_route=%2Fwp%2Fv2%2Fcomments&post=26963"}],"version-history":[{"count":0,"href":"http:\/\/see-infos.de\/index.php?rest_route=\/wp\/v2\/posts\/26963\/revisions"}],"wp:featuredmedia":[{"embeddable":true,"href":"http:\/\/see-infos.de\/index.php?rest_route=\/wp\/v2\/media\/26965"}],"wp:attachment":[{"href":"http:\/\/see-infos.de\/index.php?rest_route=%2Fwp%2Fv2%2Fmedia&parent=26963"}],"wp:term":[{"taxonomy":"category","embeddable":true,"href":"http:\/\/see-infos.de\/index.php?rest_route=%2Fwp%2Fv2%2Fcategories&post=26963"},{"taxonomy":"post_tag","embeddable":true,"href":"http:\/\/see-infos.de\/index.php?rest_route=%2Fwp%2Fv2%2Ftags&post=26963"}],"curies":[{"name":"wp","href":"https:\/\/api.w.org\/{rel}","templated":true}]}}