{"id":26953,"date":"2025-07-29T08:51:28","date_gmt":"2025-07-29T06:51:28","guid":{"rendered":"http:\/\/see-infos.de\/?p=26953"},"modified":"2025-07-23T19:02:22","modified_gmt":"2025-07-23T17:02:22","slug":"der-fliegende-hollaender-kehrt-auf-den-bodensee-zurueck-bregenzer-festspiele-2028-29-mit-wagner-auf-der-seebuehne","status":"publish","type":"post","link":"http:\/\/see-infos.de\/?p=26953","title":{"rendered":"Der fliegende Holl\u00e4nder kehrt auf den Bodensee zur\u00fcck \u2013 Bregenzer Festspiele 2028\/29 mit Wagner auf der Seeb\u00fchne"},"content":{"rendered":"<p>#Bregenzer Festspiele  #Seeb\u00fchne<\/p>\n<p><strong>Die Bregenzer Festspiele bringen in den Sommern 2028 und 2029 Richard Wagners Oper Der fliegende Holl\u00e4nder zur\u00fcck auf die Seeb\u00fchne \u2013 zum dritten Mal in der Geschichte des Festivals. Premiere ist am 19. Juli 2028. Regie f\u00fchrt erstmals in Bregenz die US-amerikanische Opernregisseurin Lydia Steier, das B\u00fchnenbild gestaltet die britische K\u00fcnstlerin Es Devlin. Damit steht zum ersten Mal ein Frauenteam an der kreativen Spitze einer Seeb\u00fchnenproduktion.<\/strong><\/p>\n<p>Wagners d\u00fcster-romantisches Musikdrama erz\u00e4hlt von einem Seemann, der zur ewigen Fahrt auf den Weltmeeren verdammt ist. Nur alle sieben Jahre darf er an Land \u2013 in der Hoffnung auf Erl\u00f6sung durch die wahre Liebe. Die Oper, 1843 in Dresden uraufgef\u00fchrt, geh\u00f6rt zu den Schl\u00fcsselwerken des romantischen Musiktheaters. Sie ist durchzogen von Motiven wie Sehnsucht, Verdammnis, Erl\u00f6sung und der alles \u00fcberdauernden Kraft der Liebe.<\/p>\n<p><strong>Wiedersehen mit einem Klassiker<\/strong><br \/>\nNach den Auff\u00fchrungen 1973 sowie 1989\/90 kehrt Der fliegende Holl\u00e4nder nun erneut als Spiel auf dem See zur\u00fcck. 1989 inszenierte David Pountney das Werk inmitten eines spektakul\u00e4ren B\u00fchnenbilds von Stefanos Lazaridis \u2013 eine Produktion, die bis heute nachwirkt. Jetzt setzt das Festival mit einem neuen Kreativteam frische Akzente.<\/p>\n<div id=\"attachment_22719\" style=\"width: 610px\" class=\"wp-caption alignleft\"><img aria-describedby=\"caption-attachment-22719\" loading=\"lazy\" src=\"http:\/\/see-infos.de\/wp-content\/uploads\/2021\/12\/festspiele_weihnachtsbaum_seebuehne_05.jpg\" alt=\"\" width=\"600\" height=\"401\" class=\"size-full wp-image-22719\" srcset=\"http:\/\/see-infos.de\/wp-content\/uploads\/2021\/12\/festspiele_weihnachtsbaum_seebuehne_05.jpg 600w, http:\/\/see-infos.de\/wp-content\/uploads\/2021\/12\/festspiele_weihnachtsbaum_seebuehne_05-300x201.jpg 300w\" sizes=\"(max-width: 600px) 100vw, 600px\" \/><p id=\"caption-attachment-22719\" class=\"wp-caption-text\">Aufbau Seeb\u00fchne. Foto \u00a9 Bregenzer Festspiele \/ Lisa Mathis<\/p><\/div>\n<p><strong>Starke Frauen auf gro\u00dfer B\u00fchne<\/strong><br \/>\nMit Lydia Steier und Es Devlin pr\u00e4gt erstmals ein reines Frauenteam das zentrale Projekt der Seeb\u00fchne. Steier ist f\u00fcr ihre bildstarken, detailreichen Inszenierungen bekannt. Es Devlin, die bereits f\u00fcr die Carmen-Produktion 2017\/18 in Bregenz verantwortlich zeichnete, ist eine international gefragte B\u00fchnenbildnerin \u2013 ber\u00fchmt f\u00fcr ihre theatralen Raumkonzepte, die oft zwischen Skulptur und Architektur oszillieren.<\/p>\n<p><strong>Der See als B\u00fchne f\u00fcr Wagners Welt<\/strong><br \/>\nDie Kombination aus packendem Musikdrama, \u00fcberlebensgro\u00dfem B\u00fchnenbild und der beeindruckenden Naturkulisse des Bodensees verspricht ein Opernerlebnis von besonderer Intensit\u00e4t. Wagners Musik trifft auf Wind, Wasser und Himmel \u2013 und macht Der fliegende Holl\u00e4nder 2028 und 2029 zu einem der kulturellen H\u00f6hepunkte des Sommers.<\/p>\n<p>Info:<br \/>\nDie Bregenzer Festspiele 2025 finden noch bis 17. August statt.<br \/>\nTickets und weitere Informationen: <a href=\"http:\/\/www.bregenzerfestspiele.com\" rel=\"noopener noreferrer\" target=\"_blank\">www.bregenzerfestspiele.com<\/a> oder telefonisch unter +43 5574 4076.<\/p>\n<div class=\"twoclick_social_bookmarks_post_26953 social_share_privacy clearfix 1.6.4 locale-de_DE sprite-de_DE\"><\/div><div class=\"twoclick-js\"><script type=\"text\/javascript\">\/* <![CDATA[ *\/\njQuery(document).ready(function($){if($('.twoclick_social_bookmarks_post_26953')){$('.twoclick_social_bookmarks_post_26953').socialSharePrivacy({\"services\":{\"twitter\":{\"reply_to\":\"\",\"tweet_text\":\"%20Der%20fliegende%20Holl%C3%A4nder%20kehrt%20auf%20den%20Bodensee%20zur%C3%BCck%20%E2%80%93%20Bregenzer%20...\",\"status\":\"on\",\"txt_info\":\"2 Klicks f\\u00fcr mehr Datenschutz: Erst wenn Sie hier klicken, wird der Button aktiv und Sie k\\u00f6nnen Ihre Empfehlung an Twitter senden. Schon beim Aktivieren werden Daten an Dritte \\u00fcbertragen - siehe <em>i<\\\/em>.\",\"perma_option\":\"off\",\"language\":\"de\",\"referrer_track\":\"\"},\"gplus\":{\"status\":\"on\",\"txt_info\":\"2 Klicks f\\u00fcr mehr Datenschutz: Erst wenn Sie hier klicken, wird der Button aktiv und Sie k\\u00f6nnen Ihre Empfehlung an Google+ senden. Schon beim Aktivieren werden Daten an Dritte \\u00fcbertragen - siehe <em>i<\\\/em>.\",\"perma_option\":\"off\",\"referrer_track\":\"\"},\"xing\":{\"status\":\"on\",\"txt_info\":\"2 Klicks f\\u00fcr mehr Datenschutz: Erst wenn Sie hier klicken, wird der Button aktiv und Sie k\\u00f6nnen Ihre Empfehlung an Xing senden. Schon beim Aktivieren werden Daten an Dritte \\u00fcbertragen - siehe <em>i<\\\/em>.\",\"perma_option\":\"off\",\"language\":\"de\",\"referrer_track\":\"\"},\"pinterest\":{\"status\":\"on\",\"the_excerpt\":\"Der fliegende Holl\\u00e4nder kehrt auf den Bodensee zur\\u00fcck \\u2013 Bregenzer Festspiele 2028\\\/29 mit Wagner auf der Seeb\\u00fchne\",\"txt_info\":\"2 Klicks f\\u00fcr mehr Datenschutz: Erst wenn Sie hier klicken, wird der Button aktiv und Sie k\\u00f6nnen Ihre Empfehlung an Pinterest senden. Schon beim Aktivieren werden Daten an Dritte \\u00fcbertragen - siehe <em>i<\\\/em>.\",\"perma_option\":\"off\",\"media\":\"http:\\\/\\\/see-infos.de\\\/wp-content\\\/uploads\\\/2021\\\/12\\\/festspiele_weihnachtsbaum_seebuehne_05.jpg\"},\"linkedin\":{\"status\":\"on\",\"txt_info\":\"2 Klicks f\\u00fcr mehr Datenschutz: Erst wenn Sie hier klicken, wird der Button aktiv und Sie k\\u00f6nnen Ihre Empfehlung an LinkedIn senden. Schon beim Aktivieren werden Daten an Dritte \\u00fcbertragen - siehe <em>i<\\\/em>.\",\"perma_option\":\"off\"}},\"txt_help\":\"Wenn Sie diese Felder durch einen Klick aktivieren, werden Informationen an Facebook, Twitter, Flattr, Xing, t3n, LinkedIn, Pinterest oder Google eventuell ins Ausland \\u00fcbertragen und unter Umst\\u00e4nden auch dort gespeichert. N\\u00e4heres erfahren Sie durch einen Klick auf das <em>i<\\\/em>.\",\"settings_perma\":\"Dauerhaft aktivieren und Daten\\u00fcber-tragung zustimmen:\",\"info_link\":\"http:\\\/\\\/www.heise.de\\\/ct\\\/artikel\\\/2-Klicks-fuer-mehr-Datenschutz-1333879.html\",\"uri\":\"http:\\\/\\\/see-infos.de\\\/?p=26953\",\"post_id\":26953,\"post_title_referrer_track\":\"Der+fliegende+Holl%C3%A4nder+kehrt+auf+den+Bodensee+zur%C3%BCck+%E2%80%93+Bregenzer+Festspiele+2028%2F29+mit+Wagner+auf+der+Seeb%C3%BChne\",\"display_infobox\":\"on\"});}});\n\/* ]]> *\/<\/script><\/div>","protected":false},"excerpt":{"rendered":"<p>#Bregenzer Festspiele #Seeb\u00fchne Die Bregenzer Festspiele bringen in den Sommern 2028 und 2029 Richard Wagners Oper Der fliegende Holl\u00e4nder zur\u00fcck auf die Seeb\u00fchne \u2013 zum dritten Mal in der Geschichte des Festivals. Premiere ist am 19. Juli 2028. Regie f\u00fchrt erstmals in Bregenz die US-amerikanische Opernregisseurin Lydia Steier, das B\u00fchnenbild gestaltet die britische K\u00fcnstlerin Es [&hellip;]<\/p>\n","protected":false},"author":1,"featured_media":22719,"comment_status":"closed","ping_status":"closed","sticky":false,"template":"","format":"standard","meta":[],"categories":[1,7],"tags":[60,74,43],"_links":{"self":[{"href":"http:\/\/see-infos.de\/index.php?rest_route=\/wp\/v2\/posts\/26953"}],"collection":[{"href":"http:\/\/see-infos.de\/index.php?rest_route=\/wp\/v2\/posts"}],"about":[{"href":"http:\/\/see-infos.de\/index.php?rest_route=\/wp\/v2\/types\/post"}],"author":[{"embeddable":true,"href":"http:\/\/see-infos.de\/index.php?rest_route=\/wp\/v2\/users\/1"}],"replies":[{"embeddable":true,"href":"http:\/\/see-infos.de\/index.php?rest_route=%2Fwp%2Fv2%2Fcomments&post=26953"}],"version-history":[{"count":0,"href":"http:\/\/see-infos.de\/index.php?rest_route=\/wp\/v2\/posts\/26953\/revisions"}],"wp:featuredmedia":[{"embeddable":true,"href":"http:\/\/see-infos.de\/index.php?rest_route=\/wp\/v2\/media\/22719"}],"wp:attachment":[{"href":"http:\/\/see-infos.de\/index.php?rest_route=%2Fwp%2Fv2%2Fmedia&parent=26953"}],"wp:term":[{"taxonomy":"category","embeddable":true,"href":"http:\/\/see-infos.de\/index.php?rest_route=%2Fwp%2Fv2%2Fcategories&post=26953"},{"taxonomy":"post_tag","embeddable":true,"href":"http:\/\/see-infos.de\/index.php?rest_route=%2Fwp%2Fv2%2Ftags&post=26953"}],"curies":[{"name":"wp","href":"https:\/\/api.w.org\/{rel}","templated":true}]}}