{"id":26919,"date":"2025-07-15T07:03:16","date_gmt":"2025-07-15T05:03:16","guid":{"rendered":"http:\/\/see-infos.de\/?p=26919"},"modified":"2025-07-04T13:07:43","modified_gmt":"2025-07-04T11:07:43","slug":"melissa-naschenweng-kommt-zum-honberg-sommer-alpen-rock-trifft-festivalflair-in-tuttlingen","status":"publish","type":"post","link":"http:\/\/see-infos.de\/?p=26919","title":{"rendered":"Melissa Naschenweng kommt zum Honberg-Sommer \u2013 Alpen-Rock trifft Festivalflair in Tuttlingen"},"content":{"rendered":"<p>#MelissaNaschenweng #HonbergSommer<\/p>\n<p><strong>Sie ist laut, sie ist echt \u2013 und sie kommt nach Tuttlingen: Melissa Naschenweng steht am Donnerstag, 24. Juli 2025, beim Honberg-Sommer auf der B\u00fchne. Mit im Gep\u00e4ck: ihre gr\u00f6\u00dften Hits, neue Songs vom aktuellen Album \u201eAlpenbarbie\u201c \u2013 und jede Menge Festivalpower. Der Vorverkauf f\u00fcr das Konzert l\u00e4uft, Tickets sind noch zum Fr\u00fchbucherpreis erh\u00e4ltlich.<\/strong><\/p>\n<p>Die 33-j\u00e4hrige S\u00e4ngerin aus dem Lesachtal in K\u00e4rnten z\u00e4hlt zu den angesagtesten Stimmen der volkst\u00fcmlichen Musik mit Pop-, Rock- und Schlageranleihen. Ob \u201eI steh auf Bergbauernbuam\u201c, \u201eDifigiano\u201c oder \u201eTraktorf\u00fchrerschein\u201c \u2013 ihre Songs treffen den Nerv der Zeit und f\u00fcllen Hallen in Deutschland, \u00d6sterreich und der Schweiz. F\u00fcr den Honberg-Sommer ist der Auftritt der \u00d6sterreicherin ein Festival-Highlight mit Partygarantie \u2013 und einem Sound, der Volksmusik neu denkt.<\/p>\n<p>Melissa Naschenweng ist mehr als nur ein B\u00fchnenph\u00e4nomen. Mit \u00fcber 100 Millionen Streams, ausverkauften Tourneen und zahlreichen TV-Auftritten hat sie sich in die erste Liga gespielt. Auszeichnungen in Gold und Platin best\u00e4tigen ihren Erfolg \u2013 doch sie bleibt dabei sie selbst: direkt, nahbar, heimatverbunden.<\/p>\n<div id=\"attachment_26920\" style=\"width: 610px\" class=\"wp-caption alignleft\"><img aria-describedby=\"caption-attachment-26920\" loading=\"lazy\" src=\"http:\/\/see-infos.de\/wp-content\/uploads\/2025\/07\/20250724_MelissaNaschenweng_cAneliaJaneva.jpg\" alt=\"\" width=\"600\" height=\"399\" class=\"size-full wp-image-26920\" srcset=\"http:\/\/see-infos.de\/wp-content\/uploads\/2025\/07\/20250724_MelissaNaschenweng_cAneliaJaneva.jpg 600w, http:\/\/see-infos.de\/wp-content\/uploads\/2025\/07\/20250724_MelissaNaschenweng_cAneliaJaneva-300x200.jpg 300w\" sizes=\"(max-width: 600px) 100vw, 600px\" \/><p id=\"caption-attachment-26920\" class=\"wp-caption-text\">Melissa Naschenweng. Foto &copy; Anelia Janeva<\/p><\/div>\n<p>\u201eIch nehme mich selbst nicht zu ernst \u2013 das ist wichtig in dieser Branche\u201c, sagt die S\u00e4ngerin, die Klischees gerne aufs Korn nimmt und lieber in Lederhosen als im Abendkleid auftritt. Ihre Musik ist ehrlich, ihre Art unverstellt \u2013 genau das sch\u00e4tzen ihre Fans, die von Teenagern bis zu Schlagerfreunden reicht.<\/p>\n<p>Live bringt sie ihre pinke Harmonika, ihre starke Stimme und eine ordentliche Portion Energie auf die B\u00fchne. Zwischen Balladen, Tanzfl\u00e4chen-Hits und rockigen Sounds verspricht der Konzertabend in Tuttlingen G\u00e4nsehaut, Mitsing-Momente und Festivalfeeling pur.<\/p>\n<p>\u201eDas wird ein Abend voller Emotion, Humor und Power \u2013 Melissa ist eine echte Live-Granate\u201c, freut sich Berthold Honeker vom Veranstalter-Team Tuttlinger Hallen.<\/p>\n<p>Weitere Infos und das vollst\u00e4ndige Festivalprogramm: <a href=\"http:\/\/www.honbergsommer.de\" rel=\"noopener noreferrer\" target=\"_blank\">www.honbergsommer.de<\/a><\/p>\n<div class=\"twoclick_social_bookmarks_post_26919 social_share_privacy clearfix 1.6.4 locale-de_DE sprite-de_DE\"><\/div><div class=\"twoclick-js\"><script type=\"text\/javascript\">\/* <![CDATA[ *\/\njQuery(document).ready(function($){if($('.twoclick_social_bookmarks_post_26919')){$('.twoclick_social_bookmarks_post_26919').socialSharePrivacy({\"services\":{\"twitter\":{\"reply_to\":\"\",\"tweet_text\":\"%20Melissa%20Naschenweng%20kommt%20zum%20Honberg-Sommer%20%E2%80%93%20Alpen-Rock%20trifft%20Festivalflair%20in%20...\",\"status\":\"on\",\"txt_info\":\"2 Klicks f\\u00fcr mehr Datenschutz: Erst wenn Sie hier klicken, wird der Button aktiv und Sie k\\u00f6nnen Ihre Empfehlung an Twitter senden. Schon beim Aktivieren werden Daten an Dritte \\u00fcbertragen - siehe <em>i<\\\/em>.\",\"perma_option\":\"off\",\"language\":\"de\",\"referrer_track\":\"\"},\"gplus\":{\"status\":\"on\",\"txt_info\":\"2 Klicks f\\u00fcr mehr Datenschutz: Erst wenn Sie hier klicken, wird der Button aktiv und Sie k\\u00f6nnen Ihre Empfehlung an Google+ senden. Schon beim Aktivieren werden Daten an Dritte \\u00fcbertragen - siehe <em>i<\\\/em>.\",\"perma_option\":\"off\",\"referrer_track\":\"\"},\"xing\":{\"status\":\"on\",\"txt_info\":\"2 Klicks f\\u00fcr mehr Datenschutz: Erst wenn Sie hier klicken, wird der Button aktiv und Sie k\\u00f6nnen Ihre Empfehlung an Xing senden. Schon beim Aktivieren werden Daten an Dritte \\u00fcbertragen - siehe <em>i<\\\/em>.\",\"perma_option\":\"off\",\"language\":\"de\",\"referrer_track\":\"\"},\"pinterest\":{\"status\":\"on\",\"the_excerpt\":\"Melissa Naschenweng kommt zum Honberg-Sommer \\u2013 Alpen-Rock trifft Festivalflair in Tuttlingen\",\"txt_info\":\"2 Klicks f\\u00fcr mehr Datenschutz: Erst wenn Sie hier klicken, wird der Button aktiv und Sie k\\u00f6nnen Ihre Empfehlung an Pinterest senden. Schon beim Aktivieren werden Daten an Dritte \\u00fcbertragen - siehe <em>i<\\\/em>.\",\"perma_option\":\"off\",\"media\":\"http:\\\/\\\/see-infos.de\\\/wp-content\\\/uploads\\\/2025\\\/07\\\/20250724_MelissaNaschenweng_cAneliaJaneva.jpg\"},\"linkedin\":{\"status\":\"on\",\"txt_info\":\"2 Klicks f\\u00fcr mehr Datenschutz: Erst wenn Sie hier klicken, wird der Button aktiv und Sie k\\u00f6nnen Ihre Empfehlung an LinkedIn senden. Schon beim Aktivieren werden Daten an Dritte \\u00fcbertragen - siehe <em>i<\\\/em>.\",\"perma_option\":\"off\"}},\"txt_help\":\"Wenn Sie diese Felder durch einen Klick aktivieren, werden Informationen an Facebook, Twitter, Flattr, Xing, t3n, LinkedIn, Pinterest oder Google eventuell ins Ausland \\u00fcbertragen und unter Umst\\u00e4nden auch dort gespeichert. N\\u00e4heres erfahren Sie durch einen Klick auf das <em>i<\\\/em>.\",\"settings_perma\":\"Dauerhaft aktivieren und Daten\\u00fcber-tragung zustimmen:\",\"info_link\":\"http:\\\/\\\/www.heise.de\\\/ct\\\/artikel\\\/2-Klicks-fuer-mehr-Datenschutz-1333879.html\",\"uri\":\"http:\\\/\\\/see-infos.de\\\/?p=26919\",\"post_id\":26919,\"post_title_referrer_track\":\"Melissa+Naschenweng+kommt+zum+Honberg-Sommer+%E2%80%93+Alpen-Rock+trifft+Festivalflair+in+Tuttlingen\",\"display_infobox\":\"on\"});}});\n\/* ]]> *\/<\/script><\/div>","protected":false},"excerpt":{"rendered":"<p>#MelissaNaschenweng #HonbergSommer Sie ist laut, sie ist echt \u2013 und sie kommt nach Tuttlingen: Melissa Naschenweng steht am Donnerstag, 24. Juli 2025, beim Honberg-Sommer auf der B\u00fchne. Mit im Gep\u00e4ck: ihre gr\u00f6\u00dften Hits, neue Songs vom aktuellen Album \u201eAlpenbarbie\u201c \u2013 und jede Menge Festivalpower. Der Vorverkauf f\u00fcr das Konzert l\u00e4uft, Tickets sind noch zum Fr\u00fchbucherpreis [&hellip;]<\/p>\n","protected":false},"author":1,"featured_media":26920,"comment_status":"closed","ping_status":"closed","sticky":false,"template":"","format":"standard","meta":[],"categories":[1,7],"tags":[60,107],"_links":{"self":[{"href":"http:\/\/see-infos.de\/index.php?rest_route=\/wp\/v2\/posts\/26919"}],"collection":[{"href":"http:\/\/see-infos.de\/index.php?rest_route=\/wp\/v2\/posts"}],"about":[{"href":"http:\/\/see-infos.de\/index.php?rest_route=\/wp\/v2\/types\/post"}],"author":[{"embeddable":true,"href":"http:\/\/see-infos.de\/index.php?rest_route=\/wp\/v2\/users\/1"}],"replies":[{"embeddable":true,"href":"http:\/\/see-infos.de\/index.php?rest_route=%2Fwp%2Fv2%2Fcomments&post=26919"}],"version-history":[{"count":0,"href":"http:\/\/see-infos.de\/index.php?rest_route=\/wp\/v2\/posts\/26919\/revisions"}],"wp:featuredmedia":[{"embeddable":true,"href":"http:\/\/see-infos.de\/index.php?rest_route=\/wp\/v2\/media\/26920"}],"wp:attachment":[{"href":"http:\/\/see-infos.de\/index.php?rest_route=%2Fwp%2Fv2%2Fmedia&parent=26919"}],"wp:term":[{"taxonomy":"category","embeddable":true,"href":"http:\/\/see-infos.de\/index.php?rest_route=%2Fwp%2Fv2%2Fcategories&post=26919"},{"taxonomy":"post_tag","embeddable":true,"href":"http:\/\/see-infos.de\/index.php?rest_route=%2Fwp%2Fv2%2Ftags&post=26919"}],"curies":[{"name":"wp","href":"https:\/\/api.w.org\/{rel}","templated":true}]}}