{"id":26916,"date":"2025-07-05T07:56:12","date_gmt":"2025-07-05T05:56:12","guid":{"rendered":"http:\/\/see-infos.de\/?p=26916"},"modified":"2025-07-04T13:02:57","modified_gmt":"2025-07-04T11:02:57","slug":"hoeri-musiktage-2025-mystere-musique-franzoesische-klangwelten-und-internationales-flair-am-bodensee","status":"publish","type":"post","link":"http:\/\/see-infos.de\/?p=26916","title":{"rendered":"H\u00f6ri Musiktage 2025: MYST\u00c8RE MUSIQUE \u2013 Franz\u00f6sische Klangwelten und internationales Flair am Bodensee"},"content":{"rendered":"<p>#hoerimusiktage<\/p>\n<p><strong>Vom 7. bis 17. August 2025 verwandelt sich das historische Augustiner Chorherrenstift \u00d6hningen in einen kulturellen Hotspot: Die H\u00f6ri Musiktage Bodensee gehen in ihre neunte Ausgabe \u2013 unter dem Motto \u201eMYST\u00c8RE MUSIQUE\u201c. In 18 Konzerten feiert das Festival die Vielfalt franz\u00f6sischer Musik, l\u00e4dt internationale K\u00fcnstler:innen ein und \u00f6ffnet die Klassik mutig in alle Richtungen.<\/strong><\/p>\n<p>Auftakt mit Energie und Grenz\u00fcberschreitung<br \/>\nGleich zum Start (7.8.) bringen borsch4breakfast contemporary classical und Balkan-Jazz auf die B\u00fchne \u2013 ein wilder, emotionaler Mix, der Genregrenzen sprengt.<\/p>\n<p>Kammermusik auf h\u00f6chstem Niveau<br \/>\nDas renommierte Quatuor Voce (8.8.) pr\u00e4sentiert franz\u00f6sische Streichquartette von Ravel bis Debussy \u2013 kontrastiert mit Werken zeitgen\u00f6ssischer Komponisten.<\/p>\n<p>Musik trifft Performance: \u201eChansons de Bilitis\u201c<br \/>\nEin au\u00dfergew\u00f6hnliches Projekt rund um Debussys Vertonungen homoerotischer Poesie von Pierre Lou\u00ffs wird in drei Formaten pr\u00e4sentiert: als Performance (8.8.), Liederabend (10.8.) und durchgehend in einer interaktiven Sound-Installation (7.\u201317.8.).<\/p>\n<p>Magie, Tanz und Barock<br \/>\n\u201eLa nuit\u201c (9.8.) entf\u00fchrt mit barocker Musik, Tanz und Licht in die mystische Welt des \u201eBallet de la Nuit\u201c von 1653.<\/p>\n<p>Julius Asal \u2013 Klangpoesie am Klavier<br \/>\nDer gefeierte Pianist Julius Asal (14.8.) verbindet Rachmaninoff-Pr\u00e9ludes, Ravel und Improvisationen. Zum Abschluss (17.8.) interpretiert er Ravels Klavierkonzert in G-Dur.<\/p>\n<div id=\"attachment_26917\" style=\"width: 610px\" class=\"wp-caption alignleft\"><img aria-describedby=\"caption-attachment-26917\" loading=\"lazy\" src=\"http:\/\/see-infos.de\/wp-content\/uploads\/2025\/07\/Julius.Asal\u00a9Michael_Reinicke-.jpg\" alt=\"\" width=\"600\" height=\"428\" class=\"size-full wp-image-26917\" srcset=\"http:\/\/see-infos.de\/wp-content\/uploads\/2025\/07\/Julius.Asal\u00a9Michael_Reinicke-.jpg 600w, http:\/\/see-infos.de\/wp-content\/uploads\/2025\/07\/Julius.Asal\u00a9Michael_Reinicke--300x214.jpg 300w\" sizes=\"(max-width: 600px) 100vw, 600px\" \/><p id=\"caption-attachment-26917\" class=\"wp-caption-text\">Julius Asal. Foto \u00a9 Michael Reinicke<\/p><\/div>\n<p>Festivalorchester als Herzst\u00fcck<br \/>\nDas internationale Festivalorchester unter Leitung von Harutyun Muradyan ist R\u00fcckgrat der Musiktage: Mit einer Serenade im Klosterhof (13.8.), kammermusikalischen \u00dcberraschungen (15.8.) und dem gro\u00dfen Finale \u201eLe parfum du paradis\u201c (17.8.), das Ravel zum 150. Geburtstag w\u00fcrdigt \u2013 mit Solist:innen wie Julius Asal und Anna-Maria Torkel.<\/p>\n<p>Vielfalt feiern: Los Pipos &#038; La Tasteggiata<br \/>\nLos Pipos (16.8.) bringen lateinamerikanische Rhythmen und Jazz zum lockeren Get Together. La Tasteggiata (17.8.) nimmt das Publikum auf eine musikalisch-historische Reise zwischen S\u00fcdamerika und Europa \u2013 mit seltenen Instrumenten und faszinierenden Barockkl\u00e4ngen.<\/p>\n<p>Spirituelle Tiefe<br \/>\nDer Festgottesdienst (10.8.) mit Louis Viernes \u201eMesse Solennelle\u201c, dirigiert von Markus Andreas Schmid, betont die spirituelle Dimension des historischen Orts.<\/p>\n<p>Familien willkommen<br \/>\nMit Musiktheater, Zirkus-Akademie und dem beliebten Instrumentenkarussell (14.8.) bietet das Festival auch den J\u00fcngsten Zugang zu Musik und Begegnung.<\/p>\n<p>Die H\u00f6ri Musiktage 2025 sind ein Festival f\u00fcr Entdecker \u2013 stilistisch offen, international besetzt und fest verankert in der besonderen Atmosph\u00e4re des \u00d6hninger Klosters.<\/p>\n<p>Tickets und Infos:<br \/>\n&#x1f449; <a href=\"http:\/\/www.hoeri-musiktage.de\" rel=\"noopener noreferrer\" target=\"_blank\">www.hoeri-musiktage.de<\/a><\/p>\n<div class=\"twoclick_social_bookmarks_post_26916 social_share_privacy clearfix 1.6.4 locale-de_DE sprite-de_DE\"><\/div><div class=\"twoclick-js\"><script type=\"text\/javascript\">\/* <![CDATA[ *\/\njQuery(document).ready(function($){if($('.twoclick_social_bookmarks_post_26916')){$('.twoclick_social_bookmarks_post_26916').socialSharePrivacy({\"services\":{\"twitter\":{\"reply_to\":\"\",\"tweet_text\":\"%20H%C3%B6ri%20Musiktage%202025%3A%20MYST%C3%88RE%20MUSIQUE%20%E2%80%93%20Franz%C3%B6sische%20Klangwelten%20und%20...\",\"status\":\"on\",\"txt_info\":\"2 Klicks f\\u00fcr mehr Datenschutz: Erst wenn Sie hier klicken, wird der Button aktiv und Sie k\\u00f6nnen Ihre Empfehlung an Twitter senden. Schon beim Aktivieren werden Daten an Dritte \\u00fcbertragen - siehe <em>i<\\\/em>.\",\"perma_option\":\"off\",\"language\":\"de\",\"referrer_track\":\"\"},\"gplus\":{\"status\":\"on\",\"txt_info\":\"2 Klicks f\\u00fcr mehr Datenschutz: Erst wenn Sie hier klicken, wird der Button aktiv und Sie k\\u00f6nnen Ihre Empfehlung an Google+ senden. Schon beim Aktivieren werden Daten an Dritte \\u00fcbertragen - siehe <em>i<\\\/em>.\",\"perma_option\":\"off\",\"referrer_track\":\"\"},\"xing\":{\"status\":\"on\",\"txt_info\":\"2 Klicks f\\u00fcr mehr Datenschutz: Erst wenn Sie hier klicken, wird der Button aktiv und Sie k\\u00f6nnen Ihre Empfehlung an Xing senden. Schon beim Aktivieren werden Daten an Dritte \\u00fcbertragen - siehe <em>i<\\\/em>.\",\"perma_option\":\"off\",\"language\":\"de\",\"referrer_track\":\"\"},\"pinterest\":{\"status\":\"on\",\"the_excerpt\":\"H\\u00f6ri Musiktage 2025: MYST\\u00c8RE MUSIQUE \\u2013 Franz\\u00f6sische Klangwelten und internationales Flair am Bodensee\",\"txt_info\":\"2 Klicks f\\u00fcr mehr Datenschutz: Erst wenn Sie hier klicken, wird der Button aktiv und Sie k\\u00f6nnen Ihre Empfehlung an Pinterest senden. Schon beim Aktivieren werden Daten an Dritte \\u00fcbertragen - siehe <em>i<\\\/em>.\",\"perma_option\":\"off\",\"media\":\"http:\\\/\\\/see-infos.de\\\/wp-content\\\/uploads\\\/2025\\\/07\\\/Julius.Asal\\u00a9Michael_Reinicke-.jpg\"},\"linkedin\":{\"status\":\"on\",\"txt_info\":\"2 Klicks f\\u00fcr mehr Datenschutz: Erst wenn Sie hier klicken, wird der Button aktiv und Sie k\\u00f6nnen Ihre Empfehlung an LinkedIn senden. Schon beim Aktivieren werden Daten an Dritte \\u00fcbertragen - siehe <em>i<\\\/em>.\",\"perma_option\":\"off\"}},\"txt_help\":\"Wenn Sie diese Felder durch einen Klick aktivieren, werden Informationen an Facebook, Twitter, Flattr, Xing, t3n, LinkedIn, Pinterest oder Google eventuell ins Ausland \\u00fcbertragen und unter Umst\\u00e4nden auch dort gespeichert. N\\u00e4heres erfahren Sie durch einen Klick auf das <em>i<\\\/em>.\",\"settings_perma\":\"Dauerhaft aktivieren und Daten\\u00fcber-tragung zustimmen:\",\"info_link\":\"http:\\\/\\\/www.heise.de\\\/ct\\\/artikel\\\/2-Klicks-fuer-mehr-Datenschutz-1333879.html\",\"uri\":\"http:\\\/\\\/see-infos.de\\\/?p=26916\",\"post_id\":26916,\"post_title_referrer_track\":\"H%C3%B6ri+Musiktage+2025%3A+MYST%C3%88RE+MUSIQUE+%E2%80%93+Franz%C3%B6sische+Klangwelten+und+internationales+Flair+am+Bodensee\",\"display_infobox\":\"on\"});}});\n\/* ]]> *\/<\/script><\/div>","protected":false},"excerpt":{"rendered":"<p>#hoerimusiktage Vom 7. bis 17. August 2025 verwandelt sich das historische Augustiner Chorherrenstift \u00d6hningen in einen kulturellen Hotspot: Die H\u00f6ri Musiktage Bodensee gehen in ihre neunte Ausgabe \u2013 unter dem Motto \u201eMYST\u00c8RE MUSIQUE\u201c. In 18 Konzerten feiert das Festival die Vielfalt franz\u00f6sischer Musik, l\u00e4dt internationale K\u00fcnstler:innen ein und \u00f6ffnet die Klassik mutig in alle Richtungen. [&hellip;]<\/p>\n","protected":false},"author":1,"featured_media":26917,"comment_status":"closed","ping_status":"closed","sticky":false,"template":"","format":"standard","meta":[],"categories":[1,7],"tags":[34,56],"_links":{"self":[{"href":"http:\/\/see-infos.de\/index.php?rest_route=\/wp\/v2\/posts\/26916"}],"collection":[{"href":"http:\/\/see-infos.de\/index.php?rest_route=\/wp\/v2\/posts"}],"about":[{"href":"http:\/\/see-infos.de\/index.php?rest_route=\/wp\/v2\/types\/post"}],"author":[{"embeddable":true,"href":"http:\/\/see-infos.de\/index.php?rest_route=\/wp\/v2\/users\/1"}],"replies":[{"embeddable":true,"href":"http:\/\/see-infos.de\/index.php?rest_route=%2Fwp%2Fv2%2Fcomments&post=26916"}],"version-history":[{"count":0,"href":"http:\/\/see-infos.de\/index.php?rest_route=\/wp\/v2\/posts\/26916\/revisions"}],"wp:featuredmedia":[{"embeddable":true,"href":"http:\/\/see-infos.de\/index.php?rest_route=\/wp\/v2\/media\/26917"}],"wp:attachment":[{"href":"http:\/\/see-infos.de\/index.php?rest_route=%2Fwp%2Fv2%2Fmedia&parent=26916"}],"wp:term":[{"taxonomy":"category","embeddable":true,"href":"http:\/\/see-infos.de\/index.php?rest_route=%2Fwp%2Fv2%2Fcategories&post=26916"},{"taxonomy":"post_tag","embeddable":true,"href":"http:\/\/see-infos.de\/index.php?rest_route=%2Fwp%2Fv2%2Ftags&post=26916"}],"curies":[{"name":"wp","href":"https:\/\/api.w.org\/{rel}","templated":true}]}}