{"id":26899,"date":"2025-06-21T07:17:47","date_gmt":"2025-06-21T05:17:47","guid":{"rendered":"http:\/\/see-infos.de\/?p=26899"},"modified":"2025-06-11T19:32:03","modified_gmt":"2025-06-11T17:32:03","slug":"von-sisi-bis-zur-queen-wenn-monarchen-die-schweiz-besuchen","status":"publish","type":"post","link":"http:\/\/see-infos.de\/?p=26899","title":{"rendered":"Von Sisi bis zur Queen: Wenn Monarchen die Schweiz besuchen"},"content":{"rendered":"<p>#z\u00fcrich #Landesmuseum <\/p>\n<p>Royale Spuren in der Schweiz: Neue Ausstellung im Landesmuseum Z\u00fcrich<\/p>\n<p><strong>Ab dem 21. Juni 2025 \u00f6ffnet das Landesmuseum Z\u00fcrich seine Tore f\u00fcr eine Ausstellung, die einen ungewohnten Blick auf die Beziehung zwischen der Schweiz und dem europ\u00e4ischen Hochadel wirft. Unter dem Titel \u201eRoyals zu Besuch \u2013 von Sisi bis Queen Elizabeth\u201c zeigt das Museum, wie Monarchinnen und Monarchen die Schweiz nutzten \u2013 als R\u00fcckzugsort, als politische B\u00fchne oder auch als geheimen Verhandlungsplatz.<\/strong><\/p>\n<p>Dabei erstaunt vor allem eines: In einem Land ohne eigene Monarchie ist das royale Interesse an der Schweiz seit dem 19. Jahrhundert bemerkenswert konstant. Ob zur Erholung, aus politischen Gr\u00fcnden oder auf der Flucht \u2013 der Besuch gekr\u00f6nter H\u00e4upter hinterlie\u00df oft tiefe Spuren, sowohl in der Geschichte als auch im kollektiven Ged\u00e4chtnis der Bev\u00f6lkerung.<\/p>\n<p><strong>Sisi \u2013 Trag\u00f6die in Genf<\/strong><br \/>\nEin besonders bewegendes Kapitel widmet sich Kaiserin Elisabeth von \u00d6sterreich, besser bekannt als Sisi. Sie suchte in der Schweiz Ruhe und Anonymit\u00e4t \u2013 und fand hier schlie\u00dflich den Tod. Am 10. September 1898 wurde sie in Genf vom Anarchisten Luigi Lucheni erstochen. Die Ausstellung zeigt unter anderem die Originalfeile, mit der der Mord ver\u00fcbt wurde \u2013 ein Objekt mit d\u00fcsterer Symbolkraft, das erstmals seit 60 Jahren wieder in die Schweiz zur\u00fcckkehrt.<\/p>\n<div id=\"attachment_26900\" style=\"width: 610px\" class=\"wp-caption alignleft\"><img aria-describedby=\"caption-attachment-26900\" loading=\"lazy\" src=\"http:\/\/see-infos.de\/wp-content\/uploads\/2025\/06\/Royals-zu-Besuch_c_Landesmuseum-Zuerich.jpg\" alt=\"\" width=\"600\" height=\"337\" class=\"size-full wp-image-26900\" srcset=\"http:\/\/see-infos.de\/wp-content\/uploads\/2025\/06\/Royals-zu-Besuch_c_Landesmuseum-Zuerich.jpg 600w, http:\/\/see-infos.de\/wp-content\/uploads\/2025\/06\/Royals-zu-Besuch_c_Landesmuseum-Zuerich-300x169.jpg 300w\" sizes=\"(max-width: 600px) 100vw, 600px\" \/><p id=\"caption-attachment-26900\" class=\"wp-caption-text\">Royals zu Besuch. Grafik &copy; Landesmuseum Z\u00fcrich<\/p><\/div>\n<p><strong>K\u00f6nig Ludwig II. \u2013 Tr\u00e4umer am Vierwaldst\u00e4ttersee<\/strong><br \/>\nAuch K\u00f6nig Ludwig II. von Bayern hinterlie\u00df seine Spuren. Der \u201eM\u00e4rchenk\u00f6nig\u201c war fasziniert von der Schweiz \u2013 besonders vom R\u00fctli, dem symbolischen Ursprungsort der eidgen\u00f6ssischen Demokratie. Unter falschem Namen reiste er an den Vierwaldst\u00e4ttersee und tr\u00e4umte davon, auf der R\u00fctliwiese ein Schloss zu bauen. Es blieb bei der Idee \u2013 die Schweiz wurde zum Sehnsuchtsort, nicht zur Wirklichkeit.<\/p>\n<p><strong>Haile Selassie \u2013 Gesch\u00e4ft und Symbolpolitik<\/strong><br \/>\nWeniger romantisch, daf\u00fcr politisch brisanter war der Besuch von Haile Selassie, Kaiser von \u00c4thiopien, im Jahr 1954. \u00dcber 100&#8217;000 Menschen empfingen ihn in Bern. Selassie interessierte sich weniger f\u00fcr Alpenidylle als f\u00fcr Industrie und Waffen. Bei seinem Besuch des Z\u00fcrcher R\u00fcstungsunternehmers Emil B\u00fchrle hoffte er, trotz Exportverboten an milit\u00e4risches Ger\u00e4t zu kommen. Die Ausstellung zeigt auch hier ein kurioses Erinnerungsst\u00fcck: ein L\u00f6wenhaar vom kaiserlichen Hut \u2013 gezupft von einem Schweizer Offizier in einem unbeobachteten Moment.<\/p>\n<p>Die Ausstellung kombiniert historische Objekte, private Erinnerungsst\u00fccke und \u00fcberraschende Anekdoten. Sie fragt nicht nur, was Royals in der Schweiz suchten, sondern auch, was die Schweiz aus ihrer N\u00e4he zur Monarchie macht. Ein spannender Blick auf die Begegnung zweier sehr unterschiedlicher Systeme \u2013 mit Glanz, Tragik und politischen Zwischent\u00f6nen.<\/p>\n<p>\u201eRoyals zu Besuch \u2013 von Sisi bis Queen Elizabeth\u201c,<br \/>\n21. Juni bis 17. August 2025,<br \/>\nLandesmuseum Z\u00fcrich.<\/p>\n<p>Schweizerisches Nationalmuseum<br \/>\nLandesmuseum Z\u00fcrich<br \/>\n<a href=\"http:\/\/www.nationalmuseum.ch\" rel=\"noopener noreferrer\" target=\"_blank\">www.nationalmuseum.ch<\/a><\/p>\n<div class=\"twoclick_social_bookmarks_post_26899 social_share_privacy clearfix 1.6.4 locale-de_DE sprite-de_DE\"><\/div><div class=\"twoclick-js\"><script type=\"text\/javascript\">\/* <![CDATA[ *\/\njQuery(document).ready(function($){if($('.twoclick_social_bookmarks_post_26899')){$('.twoclick_social_bookmarks_post_26899').socialSharePrivacy({\"services\":{\"twitter\":{\"reply_to\":\"\",\"tweet_text\":\"%20Von%20Sisi%20bis%20zur%20Queen%3A%20Wenn%20Monarchen%20die%20Schweiz%20besuchen%20%C2%BB%20See-Infos.de%20...\",\"status\":\"on\",\"txt_info\":\"2 Klicks f\\u00fcr mehr Datenschutz: Erst wenn Sie hier klicken, wird der Button aktiv und Sie k\\u00f6nnen Ihre Empfehlung an Twitter senden. Schon beim Aktivieren werden Daten an Dritte \\u00fcbertragen - siehe <em>i<\\\/em>.\",\"perma_option\":\"off\",\"language\":\"de\",\"referrer_track\":\"\"},\"gplus\":{\"status\":\"on\",\"txt_info\":\"2 Klicks f\\u00fcr mehr Datenschutz: Erst wenn Sie hier klicken, wird der Button aktiv und Sie k\\u00f6nnen Ihre Empfehlung an Google+ senden. Schon beim Aktivieren werden Daten an Dritte \\u00fcbertragen - siehe <em>i<\\\/em>.\",\"perma_option\":\"off\",\"referrer_track\":\"\"},\"xing\":{\"status\":\"on\",\"txt_info\":\"2 Klicks f\\u00fcr mehr Datenschutz: Erst wenn Sie hier klicken, wird der Button aktiv und Sie k\\u00f6nnen Ihre Empfehlung an Xing senden. Schon beim Aktivieren werden Daten an Dritte \\u00fcbertragen - siehe <em>i<\\\/em>.\",\"perma_option\":\"off\",\"language\":\"de\",\"referrer_track\":\"\"},\"pinterest\":{\"status\":\"on\",\"the_excerpt\":\"Von Sisi bis zur Queen: Wenn Monarchen die Schweiz besuchen\",\"txt_info\":\"2 Klicks f\\u00fcr mehr Datenschutz: Erst wenn Sie hier klicken, wird der Button aktiv und Sie k\\u00f6nnen Ihre Empfehlung an Pinterest senden. Schon beim Aktivieren werden Daten an Dritte \\u00fcbertragen - siehe <em>i<\\\/em>.\",\"perma_option\":\"off\",\"media\":\"http:\\\/\\\/see-infos.de\\\/wp-content\\\/uploads\\\/2025\\\/06\\\/Royals-zu-Besuch_c_Landesmuseum-Zuerich.jpg\"},\"linkedin\":{\"status\":\"on\",\"txt_info\":\"2 Klicks f\\u00fcr mehr Datenschutz: Erst wenn Sie hier klicken, wird der Button aktiv und Sie k\\u00f6nnen Ihre Empfehlung an LinkedIn senden. Schon beim Aktivieren werden Daten an Dritte \\u00fcbertragen - siehe <em>i<\\\/em>.\",\"perma_option\":\"off\"}},\"txt_help\":\"Wenn Sie diese Felder durch einen Klick aktivieren, werden Informationen an Facebook, Twitter, Flattr, Xing, t3n, LinkedIn, Pinterest oder Google eventuell ins Ausland \\u00fcbertragen und unter Umst\\u00e4nden auch dort gespeichert. N\\u00e4heres erfahren Sie durch einen Klick auf das <em>i<\\\/em>.\",\"settings_perma\":\"Dauerhaft aktivieren und Daten\\u00fcber-tragung zustimmen:\",\"info_link\":\"http:\\\/\\\/www.heise.de\\\/ct\\\/artikel\\\/2-Klicks-fuer-mehr-Datenschutz-1333879.html\",\"uri\":\"http:\\\/\\\/see-infos.de\\\/?p=26899\",\"post_id\":26899,\"post_title_referrer_track\":\"Von+Sisi+bis+zur+Queen%3A+Wenn+Monarchen+die+Schweiz+besuchen\",\"display_infobox\":\"on\"});}});\n\/* ]]> *\/<\/script><\/div>","protected":false},"excerpt":{"rendered":"<p>#z\u00fcrich #Landesmuseum Royale Spuren in der Schweiz: Neue Ausstellung im Landesmuseum Z\u00fcrich Ab dem 21. Juni 2025 \u00f6ffnet das Landesmuseum Z\u00fcrich seine Tore f\u00fcr eine Ausstellung, die einen ungewohnten Blick auf die Beziehung zwischen der Schweiz und dem europ\u00e4ischen Hochadel wirft. Unter dem Titel \u201eRoyals zu Besuch \u2013 von Sisi bis Queen Elizabeth\u201c zeigt das [&hellip;]<\/p>\n","protected":false},"author":1,"featured_media":26900,"comment_status":"closed","ping_status":"closed","sticky":false,"template":"","format":"standard","meta":[],"categories":[1,7],"tags":[23,118],"_links":{"self":[{"href":"http:\/\/see-infos.de\/index.php?rest_route=\/wp\/v2\/posts\/26899"}],"collection":[{"href":"http:\/\/see-infos.de\/index.php?rest_route=\/wp\/v2\/posts"}],"about":[{"href":"http:\/\/see-infos.de\/index.php?rest_route=\/wp\/v2\/types\/post"}],"author":[{"embeddable":true,"href":"http:\/\/see-infos.de\/index.php?rest_route=\/wp\/v2\/users\/1"}],"replies":[{"embeddable":true,"href":"http:\/\/see-infos.de\/index.php?rest_route=%2Fwp%2Fv2%2Fcomments&post=26899"}],"version-history":[{"count":0,"href":"http:\/\/see-infos.de\/index.php?rest_route=\/wp\/v2\/posts\/26899\/revisions"}],"wp:featuredmedia":[{"embeddable":true,"href":"http:\/\/see-infos.de\/index.php?rest_route=\/wp\/v2\/media\/26900"}],"wp:attachment":[{"href":"http:\/\/see-infos.de\/index.php?rest_route=%2Fwp%2Fv2%2Fmedia&parent=26899"}],"wp:term":[{"taxonomy":"category","embeddable":true,"href":"http:\/\/see-infos.de\/index.php?rest_route=%2Fwp%2Fv2%2Fcategories&post=26899"},{"taxonomy":"post_tag","embeddable":true,"href":"http:\/\/see-infos.de\/index.php?rest_route=%2Fwp%2Fv2%2Ftags&post=26899"}],"curies":[{"name":"wp","href":"https:\/\/api.w.org\/{rel}","templated":true}]}}