{"id":26896,"date":"2025-06-11T07:49:28","date_gmt":"2025-06-11T05:49:28","guid":{"rendered":"http:\/\/see-infos.de\/?p=26896"},"modified":"2025-06-07T19:55:39","modified_gmt":"2025-06-07T17:55:39","slug":"start-in-die-saison-der-feste-hocks-im-hochschwarzwald-2","status":"publish","type":"post","link":"http:\/\/see-infos.de\/?p=26896","title":{"rendered":"Start in die Saison der Feste &#038; Hocks im Hochschwarzwald"},"content":{"rendered":"<p>#schwarzwald<\/p>\n<p><strong>Mit der Sommerzeit startet im Hochschwarzwald wieder die Saison der Feste und Hocks. Neben Klassikern wie dem Seenachtsfest am Titisee oder dem St\u00e4dtlifest in Todtnau stehen in diesem Jahr mehrere Ortsjubil\u00e4en an, die mit abwechslungsreichem Programm gefeiert werden. Eine \u00dcbersicht \u00fcber die gr\u00f6\u00dften und besucherst\u00e4rksten Hochschwarzw\u00e4lder Feste im Juni und Juli.<\/strong><\/p>\n<p>Die Abende werden l\u00e4nger und die Temperaturen steigen. Die Zeit der gem\u00fctlichen Feste und Hocks hat begonnen. Ob Stadtfest, Seenachtsfest, Schanzenfest: Jedes Mal wird Livemusik geboten \u2013 vom \u00f6rtlichen Musikverein bis hin zu international erfolgreichen K\u00fcnstler:innen. Zus\u00e4tzlich gibt es fast immer ein Kinderprogramm mit abwechslungsreichen Spielen und Attraktionen. Vor Ort lockt das kulinarische Angebot von Fest-Klassikern wie Steak und Pommes bis hin zu besonderen Schwarzw\u00e4lder K\u00f6stlichkeiten. Und in der Regel engagieren sich die \u00f6rtlichen Vereine mit zahlreichen ehrenamtlichen Helfer:innen, um f\u00fcr die G\u00e4ste eine besondere Festatmosph\u00e4re zu schaffen.<\/p>\n<p><strong>Mittelaltermarkt zum Jubil\u00e4um \u201e1000 Jahre Todtnau\u201c am 14. und 15. Juni<\/strong><br \/>\nZur\u00fcckversetzt in die Zeit der ersten urkundlichen Erw\u00e4hnung von Todtnau werden Besucher:innen am 14. und 15. Juni 2025 auf dem Todtnauer Marktplatz. Im Rahmen des Stadtjubil\u00e4ums \u201e1000 Jahre Todtnau\u201c wartet der Mittelaltermarkt mit Rittern, Gaukler:innen und historischem Handwerk auf sowie mit Schwertk\u00e4mpfen, mittelalterlicher Musik, T\u00e4nzen und Spielen. Auch Speisen und Getr\u00e4nke aus jener Zeit werden angeboten, zudem \u00f6ffnen die Todtnauer Gesch\u00e4fte zu einem langen Einkaufssamstag und einem verkaufsoffenen Sonntag ihre T\u00fcren. Die Marktzeiten sind am Samstag von 11 bis 23 Uhr und am Sonntag von 11 bis 18:30 Uhr. Tickets gibt es im B\u00fcrgerb\u00fcro der Stadt Todtnau und in den Tourist-Informationen der Hochschwarzwald Tourismus GmbH sowie online unter reservix.de.<\/p>\n<p><strong>Grafhuser Dorffest am 14. und 15. Juni in Grafenhausen<\/strong><br \/>\nEin Dorffest mit allem, was dazugeh\u00f6rt, bieten die \u00f6rtlichen Vereine am 14. und 15. Juni 2025 in Grafenhausen. Am Samstag ab 16 Uhr und am Sonntag von 11 bis 19 Uhr haben die St\u00e4nde und Zelte auf dem Rathausplatz f\u00fcr Besucher:innen ge\u00f6ffnet. Zu den Attraktionen z\u00e4hlen das beliebte Dorffest-B\u00e4hnli sowie die gro\u00dfe Tombola, deren Gewinner:innen am Sonntag um 17 Uhr gezogen werden. F\u00fcr die Anreise wird ein Bus-Shuttle aus verschiedenen Richtungen angeboten.<\/p>\n<div id=\"attachment_26897\" style=\"width: 610px\" class=\"wp-caption alignleft\"><img aria-describedby=\"caption-attachment-26897\" loading=\"lazy\" src=\"http:\/\/see-infos.de\/wp-content\/uploads\/2025\/06\/Festbesuch-im-Hochschwarzwald-\u00a9-Hochschwarzwald-Tourismus-GmbH.jpg\" alt=\"\" width=\"600\" height=\"400\" class=\"size-full wp-image-26897\" srcset=\"http:\/\/see-infos.de\/wp-content\/uploads\/2025\/06\/Festbesuch-im-Hochschwarzwald-\u00a9-Hochschwarzwald-Tourismus-GmbH.jpg 600w, http:\/\/see-infos.de\/wp-content\/uploads\/2025\/06\/Festbesuch-im-Hochschwarzwald-\u00a9-Hochschwarzwald-Tourismus-GmbH-300x200.jpg 300w\" sizes=\"(max-width: 600px) 100vw, 600px\" \/><p id=\"caption-attachment-26897\" class=\"wp-caption-text\">Waldfest Titisee. Festbesuch im Hochschwarzwald (\u00a9 Hochschwarzwald Tourismus GmbH<\/p><\/div>\n<p><strong>St\u00e4dtlifest zum Jubil\u00e4um \u201e1000 Jahre Todtnau\u201c vom 20. bis 22. Juni<\/strong><br \/>\nIm Rahmen der Feierlichkeiten zum Jubil\u00e4um \u201e1000 Jahre Todtnau\u201c bietet das traditionsreiche St\u00e4dtlifest von Freitag bis Sonntag, 20. bis 22. Juni 2025, ein abwechslungsreiches Programm. Los geht es auf dem Marktplatz in Todtnau am Freitag um 20:11 Uhr mit einem Partyabend unter dem Motto \u201eWild Wild West\u201c. Am Samstag startet der Festbetrieb um 14 Uhr. Nach einem Sternmarsch geben die f\u00fcnf Musikkapellen aus den Ortsteilen um 15:30 Uhr ein gemeinsames Konzert, abends spielt die Partyband Infinity. Der Festsonntag beginnt um 10 Uhr mit einem Gottesdienst und anschlie\u00dfendem Fr\u00fchschoppen. Ab 18 Uhr unterh\u00e4lt die Oktoberfest-Band M\u00fcnchner Zwietracht die Besucher:innen, ehe um 22:30 Uhr ein gro\u00dfes Feuerwerk zum Stadtjubil\u00e4um gez\u00fcndet wird. Zudem lockt am Sonntag von 11 bis 17 Uhr ein Kunsthandwerkermarkt auf dem Rathausplatz mit vielf\u00e4ltigem Angebot.<\/p>\n<p><strong>Jubil\u00e4umsfeier \u201e20 Jahre Partnerschaft mit Eguisheim\u201c am 22. Juni in Hinterzarten<\/strong><br \/>\nDie offizielle Partnerschaft zwischen den Gemeinden Hinterzarten und Eguisheim im Elsass besteht seit 20 Jahren und wird am Sonntag, 22. Juni 2025, mit einem Festtag gew\u00fcrdigt. Beginn ist 10:30 Uhr mit einem Gottesdienst, im weiteren Tagesverlauf unterhalten im Kurhaus Hinterzarten sowohl Schwarzw\u00e4lder als auch franz\u00f6sische Musikgruppen die Besucher:innen. Zudem laden die Hinterzartener Gesch\u00e4fte zu einem verkaufsoffenen Sonntag.<\/p>\n<p><strong>\u201eNeustadt hockt und rockt\u201c am 27. und 28. Juni in Titisee-Neustadt<\/strong><br \/>\n\u201eNeustadt hockt und rockt\u201c hei\u00dft es am 27. und 28. Juni 2025 in der W\u00e4lderstadt. An mehreren Standorten \u2013 den sogenannten Partyinseln \u2013 in der Neust\u00e4dter Innenstadt bieten die \u00f6rtlichen Vereine Livemusik, eine vielf\u00e4ltige Auswahl Schwarzw\u00e4lder Spezialit\u00e4ten sowie ein Kinderprogramm mit Kinderolympiade, H\u00fcpfburg und weiteren Attraktionen. Am Samstagabend um 22:30 Uhr erhellt ein Feuerwerk den Nachthimmel. Festbeginn ist am Freitag um 19 Uhr und am Samstag um 17 Uhr.<\/p>\n<p><strong>Franz\u00f6sische Nacht am 28. Juni in Sch\u00f6nwald<\/strong><br \/>\nEin H\u00f6hepunkt des Jubil\u00e4umsjahrs \u201e750 Jahre Sch\u00f6nwald\u201c steht am Samstag, 28. Juni 2025, mit der Franz\u00f6sischen Nacht an. Das Stra\u00dfenfest findet zu Ehren der Gemeindepartnerschaft mit Bourg-Achard in der Normandie alle f\u00fcnf Jahre statt. Ab 16 Uhr beginnt im Ortszentrum von Sch\u00f6nwald das Show- und Musikprogramm auf zwei B\u00fchnen, unter anderem mit den Partybands Diva und Dirndlknacker. F\u00fcr den Gaumen bieten die \u00f6rtlichen Vereine Delikatessen aus Frankreich.<\/p>\n<p><strong>Stadtfest am 28. und 29. Juni in St. Georgen<\/strong><br \/>\nBeim St. Georgener Stadtfest am 28. und 29. Juni 2025 verwandeln sich die Stra\u00dfen und Innenh\u00f6fe rund um die Stadtbibliothek und die Robert-Gerwig-Schule in eine gro\u00dfe Festmeile. Auf die Besucher:innen warten ein Showprogramm mit k\u00fcnstlerischen Einlagen, Livemusik, Tombola sowie eine Partynacht am Samstag. Bereits am Samstagnachmittag ab 13 Uhr beginnt der Stadtfestlauf, der vom Bambinilauf bis zum Halbmarathon f\u00fcr jede Altersklasse die passende Herausforderung und Strecke bietet.<\/p>\n<p><strong>Patrozinium mit Dorffest und Kunsthandwerkermarkt am 29. Juni in St. Peter<\/strong><br \/>\nTraditionell am letzten Sonntag im Juni feiert St. Peter sein Patrozinium \u201ePeter und Paul\u201c und parallel das j\u00e4hrliche Dorffest im Klosterhof. Der Festtag wird am Sonntag, 29. Juni 2025, um 9 Uhr mit dem Festgottesdienst und der anschlie\u00dfenden Prozession um das ehemalige Kloster eingel\u00e4utet. Danach beginnen gegen 11 Uhr das Dorffest und der Kunsthandwerkermarkt auf dem Bertoldsplatz, bei dem zahlreiche H\u00e4ndler:innen ihre Ware vor den Klostermauern pr\u00e4sentieren.<\/p>\n<p><strong>Nachtbummel am 4. Juli in Hinterzarten<\/strong><br \/>\nUnter dem Motto \u201eStreetlife\u201c l\u00e4dt der Handel-, Handwerk- und Gewerbeverein Hinterzarten-Breitnau zum Nachtbummel am Freitag, 4. Juli 2025. Von 18 Uhr bis Mitternacht lockt das Stra\u00dfenfest im Ortskern von Hinterzarten mit zahlreichen Bands und K\u00fcnstler:innen, einem Flohmarkt, Kinderprogramm und reichhaltigem kulinarischen Angebot. Zudem bleiben die \u00f6rtlichen Einzelhandelsgesch\u00e4fte den Abend \u00fcber ge\u00f6ffnet.<\/p>\n<p><strong>Jubil\u00e4umswochenende \u201e750 Jahre Schonach\u201c am 5. und 6. Juli<\/strong><br \/>\nDie Gemeinde Schonach feiert ihr 750-j\u00e4hriges Bestehen mit einem Jubil\u00e4umswochenende am 5. und 6. Juli 2025. Am Samstagabend werden bei der Schanzenparty an der Langenwaldschanze ab 18 Uhr zun\u00e4chst die Almrocker und anschlie\u00dfend DJ \u00d6tzi auf der B\u00fchne stehen und f\u00fcr ausgelassene Stimmung sorgen. Tickets gibt es im Vorverkauf im Schonacher Rathaus. Am Sonntag folgt ab 11:30 Uhr ein Familientag mit Kinderolympiade, bei der die j\u00fcngsten Besucher:innen sich unter anderem auf einer Mini-Skisprungschanze, mit dem Lasergewehr, beim Torwandschie\u00dfen und unter Aufsicht der Jugendfeuerwehr mit dem L\u00f6schschlauch versuchen k\u00f6nnen.<\/p>\n<p><strong>\u201ePark in Flammen\u201c am 5. Juli in \u00dchlingen-Birkendorf<\/strong><br \/>\nEin Sommerabend ganz im Zeichen des Feuers \u2013 das verspricht die dritte Ausgabe von \u201ePark in Flammen\u201c am Samstag, 5. Juli 2025, ab 18 Uhr in \u00dchlingen-Birkendorf. Der Mehrgenerationenpark im Ortsteil \u00dchlingen wird mit Einbruch der Dunkelheit vom Schein zahlreicher Fackeln und Feuerschalen erleuchtet. Zwei Jugendbands der Musikschule S\u00fcdschwarzwald gestalten den musikalischen Rahmen, w\u00e4hrend die Jugendfeuerwehr Spielstationen f\u00fcr Kinder betreut. H\u00f6hepunkt des Abends ist eine Feuershow des K\u00fcnstlers Lars Klef aus der Stuttgarter Formation Stafffire.<\/p>\n<p><strong>\u201eSt. Blasien tanzt\u201c am 5. Juli<\/strong><br \/>\nGanz im Zeichen der Musik steht die Domstadt bei \u201eSt. Blasien tanzt\u201c am Samstag, 5. Juli 2025. Ab 15 Uhr unterhalten im bunt illuminierten Kurgarten von St. Blasien verschiedene Bands und K\u00fcnstler:innen das Publikum. Gefeiert, getanzt und gesungen wird dabei zu verschiedenen Musikrichtungen wie Rock, Pop und Schlager. Zur St\u00e4rkung stehen Foodtrucks mit reichhaltigen kulinarischen Angeboten bereit.<\/p>\n<p><strong>Seenachtsfest am 12. Juli in Titisee-Neustadt<\/strong><br \/>\nSommern\u00e4chtliche Feststimmung direkt am Ufer des bekannten Schwarzwaldsees verspricht das Seenachtfest am Titisee am Samstag, 12. Juli 2025. Von 16 bis 1 Uhr nachts k\u00f6nnen Besucher:innen \u00fcber die Festmeile in der Seestra\u00dfe mit ihren zahlreichen St\u00e4nden flanieren oder den Rundumblick vom Riesenrad genie\u00dfen. Dazu gibt es Livemusik und ein abwechslungsreiches Programm f\u00fcr Kinder. Das Highlight des Abends ist das gro\u00dfe Feuerwerk \u00fcber dem See, welches den Nachthimmel zu sp\u00e4ter Stunde erleuchtet. F\u00fcr G\u00e4ste ab 16 Jahren wird ein Musik- und Kulturbeitrag von 5 Euro erhoben, f\u00fcr Inhaber:innen der W\u00e4lderCard entf\u00e4llt dieser.<\/p>\n<p><strong>Kappeler Dorffest am 19. und 20. Juli in Lenzkirch-Kappel<\/strong><br \/>\nIm Rahmen der Jubil\u00e4umsfeierlichkeiten \u201e750 Jahre Kappel\u201c laden Ortsverwaltung und Vereine zum traditionsreichen Kappeler Dorffest am 19. und 20. Juli 2025. Festbeginn in den Lauben und Zelten im Dorfkern von Kappel, inzwischen Ortsteil von Lenzkirch, ist am Samstag um 16 Uhr und am Sonntag um 11 Uhr.<\/p>\n<p>Weitere Informationen zum Zeitplan und Programm der genannten Veranstaltungen sowie zu allen weiteren Festen, Hocks und sonstigen Events im Hochschwarzwald unter: <a href=\"http:\/\/hochschwarzwald.de\/events\" rel=\"noopener noreferrer\" target=\"_blank\">hochschwarzwald.de\/events<\/a><\/p>\n<div class=\"twoclick_social_bookmarks_post_26896 social_share_privacy clearfix 1.6.4 locale-de_DE sprite-de_DE\"><\/div><div class=\"twoclick-js\"><script type=\"text\/javascript\">\/* <![CDATA[ *\/\njQuery(document).ready(function($){if($('.twoclick_social_bookmarks_post_26896')){$('.twoclick_social_bookmarks_post_26896').socialSharePrivacy({\"services\":{\"twitter\":{\"reply_to\":\"\",\"tweet_text\":\"%20Start%20in%20die%20Saison%20der%20Feste%20%26%20Hocks%20im%20Hochschwarzwald%20%C2%BB%20See-Infos.de%20...\",\"status\":\"on\",\"txt_info\":\"2 Klicks f\\u00fcr mehr Datenschutz: Erst wenn Sie hier klicken, wird der Button aktiv und Sie k\\u00f6nnen Ihre Empfehlung an Twitter senden. Schon beim Aktivieren werden Daten an Dritte \\u00fcbertragen - siehe <em>i<\\\/em>.\",\"perma_option\":\"off\",\"language\":\"de\",\"referrer_track\":\"\"},\"gplus\":{\"status\":\"on\",\"txt_info\":\"2 Klicks f\\u00fcr mehr Datenschutz: Erst wenn Sie hier klicken, wird der Button aktiv und Sie k\\u00f6nnen Ihre Empfehlung an Google+ senden. Schon beim Aktivieren werden Daten an Dritte \\u00fcbertragen - siehe <em>i<\\\/em>.\",\"perma_option\":\"off\",\"referrer_track\":\"\"},\"xing\":{\"status\":\"on\",\"txt_info\":\"2 Klicks f\\u00fcr mehr Datenschutz: Erst wenn Sie hier klicken, wird der Button aktiv und Sie k\\u00f6nnen Ihre Empfehlung an Xing senden. Schon beim Aktivieren werden Daten an Dritte \\u00fcbertragen - siehe <em>i<\\\/em>.\",\"perma_option\":\"off\",\"language\":\"de\",\"referrer_track\":\"\"},\"pinterest\":{\"status\":\"on\",\"the_excerpt\":\"Start in die Saison der Feste &#038; Hocks im Hochschwarzwald\",\"txt_info\":\"2 Klicks f\\u00fcr mehr Datenschutz: Erst wenn Sie hier klicken, wird der Button aktiv und Sie k\\u00f6nnen Ihre Empfehlung an Pinterest senden. Schon beim Aktivieren werden Daten an Dritte \\u00fcbertragen - siehe <em>i<\\\/em>.\",\"perma_option\":\"off\",\"media\":\"http:\\\/\\\/see-infos.de\\\/wp-content\\\/uploads\\\/2025\\\/06\\\/Festbesuch-im-Hochschwarzwald-\\u00a9-Hochschwarzwald-Tourismus-GmbH.jpg\"},\"linkedin\":{\"status\":\"on\",\"txt_info\":\"2 Klicks f\\u00fcr mehr Datenschutz: Erst wenn Sie hier klicken, wird der Button aktiv und Sie k\\u00f6nnen Ihre Empfehlung an LinkedIn senden. Schon beim Aktivieren werden Daten an Dritte \\u00fcbertragen - siehe <em>i<\\\/em>.\",\"perma_option\":\"off\"}},\"txt_help\":\"Wenn Sie diese Felder durch einen Klick aktivieren, werden Informationen an Facebook, Twitter, Flattr, Xing, t3n, LinkedIn, Pinterest oder Google eventuell ins Ausland \\u00fcbertragen und unter Umst\\u00e4nden auch dort gespeichert. N\\u00e4heres erfahren Sie durch einen Klick auf das <em>i<\\\/em>.\",\"settings_perma\":\"Dauerhaft aktivieren und Daten\\u00fcber-tragung zustimmen:\",\"info_link\":\"http:\\\/\\\/www.heise.de\\\/ct\\\/artikel\\\/2-Klicks-fuer-mehr-Datenschutz-1333879.html\",\"uri\":\"http:\\\/\\\/see-infos.de\\\/?p=26896\",\"post_id\":26896,\"post_title_referrer_track\":\"Start+in+die+Saison+der+Feste+%26%23038%3B+Hocks+im+Hochschwarzwald\",\"display_infobox\":\"on\"});}});\n\/* ]]> *\/<\/script><\/div>","protected":false},"excerpt":{"rendered":"<p>#schwarzwald Mit der Sommerzeit startet im Hochschwarzwald wieder die Saison der Feste und Hocks. Neben Klassikern wie dem Seenachtsfest am Titisee oder dem St\u00e4dtlifest in Todtnau stehen in diesem Jahr mehrere Ortsjubil\u00e4en an, die mit abwechslungsreichem Programm gefeiert werden. Eine \u00dcbersicht \u00fcber die gr\u00f6\u00dften und besucherst\u00e4rksten Hochschwarzw\u00e4lder Feste im Juni und Juli. Die Abende werden [&hellip;]<\/p>\n","protected":false},"author":1,"featured_media":26897,"comment_status":"closed","ping_status":"closed","sticky":false,"template":"","format":"standard","meta":[],"categories":[1,7],"tags":[9,76],"_links":{"self":[{"href":"http:\/\/see-infos.de\/index.php?rest_route=\/wp\/v2\/posts\/26896"}],"collection":[{"href":"http:\/\/see-infos.de\/index.php?rest_route=\/wp\/v2\/posts"}],"about":[{"href":"http:\/\/see-infos.de\/index.php?rest_route=\/wp\/v2\/types\/post"}],"author":[{"embeddable":true,"href":"http:\/\/see-infos.de\/index.php?rest_route=\/wp\/v2\/users\/1"}],"replies":[{"embeddable":true,"href":"http:\/\/see-infos.de\/index.php?rest_route=%2Fwp%2Fv2%2Fcomments&post=26896"}],"version-history":[{"count":0,"href":"http:\/\/see-infos.de\/index.php?rest_route=\/wp\/v2\/posts\/26896\/revisions"}],"wp:featuredmedia":[{"embeddable":true,"href":"http:\/\/see-infos.de\/index.php?rest_route=\/wp\/v2\/media\/26897"}],"wp:attachment":[{"href":"http:\/\/see-infos.de\/index.php?rest_route=%2Fwp%2Fv2%2Fmedia&parent=26896"}],"wp:term":[{"taxonomy":"category","embeddable":true,"href":"http:\/\/see-infos.de\/index.php?rest_route=%2Fwp%2Fv2%2Fcategories&post=26896"},{"taxonomy":"post_tag","embeddable":true,"href":"http:\/\/see-infos.de\/index.php?rest_route=%2Fwp%2Fv2%2Ftags&post=26896"}],"curies":[{"name":"wp","href":"https:\/\/api.w.org\/{rel}","templated":true}]}}