{"id":26892,"date":"2025-06-07T07:47:41","date_gmt":"2025-06-07T05:47:41","guid":{"rendered":"http:\/\/see-infos.de\/?p=26892"},"modified":"2025-06-02T20:52:05","modified_gmt":"2025-06-02T18:52:05","slug":"hochschwarzwaelder-veranstaltungen-im-juni-2025","status":"publish","type":"post","link":"http:\/\/see-infos.de\/?p=26892","title":{"rendered":"Hochschwarzw\u00e4lder Veranstaltungen im Juni 2025"},"content":{"rendered":"<p>#hochschwarzwald<\/p>\n<p><strong>Ein breites Spektrum vom traditionellen Eulogi-Ritt \u00fcber die Internationale Phonob\u00f6rse bis hin zum XTrail-Laufevent bieten die Hochschwarzw\u00e4lder Veranstaltungshighlights im Juni. Ein H\u00f6hepunkt ist das Konzert des Dresdner Kreuzchors in St. Blasien. <\/strong><\/p>\n<p><strong>Deutscher M\u00fchlentag am 9. Juni in Breitnau, Furtwangen, St. Georgen und St. M\u00e4rgen<\/strong><br \/>\nAnl\u00e4sslich des Deutschen M\u00fchlentags \u00f6ffnen am Pfingstmontag, 9. Juni 2025, historische M\u00fchlen an mehreren Orten im Hochschwarzwald ihre T\u00fcren f\u00fcr Besucher:innen \u2013 unter anderem in St. Georgen die Kobisenm\u00fchle, in Furtwangen die M\u00fchle des Hinterbauernhofs im Linachtal, in Breitnau die Gro\u00dfjockenm\u00fchle in der Ravennaschlucht sowie die Seilerei beim Hofgut Sternen, in St. M\u00e4rgen die Rankm\u00fchle und in Hinterzarten die Jockeleshofm\u00fchle. Bei Vorf\u00fchrungen wird die Technik der restaurierten und teilweise denkmalgesch\u00fctzten Schmuckst\u00fccke erkl\u00e4rt. Vielerorts ist f\u00fcr Bewirtung gesorgt, bei der Rankm\u00fchle gibt es zudem musikalische Unterhaltung und ein Kinderprogramm. Ge\u00f6ffnet sind die M\u00fchlen zumeist von 11 bis etwa 17 Uhr, an der Kobisenm\u00fchle ist Beginn bereits um 10 Uhr.<\/p>\n<p><strong>Kunscht uff\u00b4em Kirchplatz: \u201eLucky The Girl\u201c am 14. Juni in Lenzkirch<\/strong><br \/>\nIm Rahmen der Reihe \u201eKunscht uff&#8217;em Kirchplatz\u201c gibt die Basler Singer-\/Songwriterin Mich\u00e8le Thommen am Samstag, 14. Juni 2025, ein Konzert auf dem Kirchplatz in Lenzkirch. Unter ihrem K\u00fcnstlernamen Lucky The Girl tritt Thommen seit mehr als 15 Jahren auf und hat in dieser Zeit drei Alben ver\u00f6ffentlicht. Ihre eing\u00e4ngigen Pop- und Rocksongs begleitet sie live mit ihrer Gitarre. Eingel\u00e4utet wird der Abend bereits ab 18 Uhr von den Kirchb\u00fchlmusikanten aus Kappel. Der Eintritt ist frei, Spenden sind willkommen.<\/p>\n<p>Internationale Phonob\u00f6rse am 21. Juni in St. Georgen<br \/>\nZur Internationalen Phonob\u00f6rse hei\u00dft das Deutsche Phonomuseum am Samstag, 21. Juni 2025, von 9 bis 14 Uhr Besucher:innen in der Stadthalle in St. Georgen willkommen. Etwa 40 Aussteller:innen aus Deutschland, der Schweiz und Frankreich bieten eine breite Auswahl an, von historischen und restaurierten Phono- und Radioger\u00e4ten \u2013 darunter seltene Sammlerst\u00fccke \u2013 \u00fcber Ersatzteile und Zubeh\u00f6r bis hin zu preisreduzierten Vinyl-Schallplatten und Fachliteratur aus vergangenen Zeiten. Tickets sind an der Tageskasse erh\u00e4ltlich.<\/p>\n<p><strong>Eulogi-Ritt am 22. Juni in Lenzkirch<\/strong><br \/>\nZum traditionellen Eulogi-Ritt werden am Sonntag, 22. Juni 2025, zahlreiche Reiter:innen aus der Umgebung in Lenzkirch erwartet. Nach dem Wecken durch die Stadtmusik setzt sich um 8:30 Uhr beim Kurhaus der Reiterzug in Bewegung. Bei der St.-Eulogius-Kapelle beginnt um 9 Uhr ein Festgottesdienst. Anschlie\u00dfend folgt die gro\u00dfe Reiterprozession zu Ehren des heiligen Eulogius, des Schutzpatrons der Hufschmiede und Pferde, durch die festlich geschm\u00fcckten Stra\u00dfen von Lenzkirch. Bei der Umreitung der St.-Nikolauskirche erhalten Pferde und Reiter:innen den Segen. Ab 11 Uhr l\u00e4dt im Ortszentrum der Eulogimarkt mit einem vielf\u00e4ltigen Angebot und musikalischer Unterhaltung ein.<\/p>\n<div id=\"attachment_26893\" style=\"width: 610px\" class=\"wp-caption alignleft\"><img aria-describedby=\"caption-attachment-26893\" loading=\"lazy\" src=\"http:\/\/see-infos.de\/wp-content\/uploads\/2025\/06\/Kabarettist-Martin-Wangler-als-Fidelius-Waldvogel\u00a9-Martin-Wangler.jpg\" alt=\"\" width=\"600\" height=\"451\" class=\"size-full wp-image-26893\" srcset=\"http:\/\/see-infos.de\/wp-content\/uploads\/2025\/06\/Kabarettist-Martin-Wangler-als-Fidelius-Waldvogel\u00a9-Martin-Wangler.jpg 600w, http:\/\/see-infos.de\/wp-content\/uploads\/2025\/06\/Kabarettist-Martin-Wangler-als-Fidelius-Waldvogel\u00a9-Martin-Wangler-300x226.jpg 300w\" sizes=\"(max-width: 600px) 100vw, 600px\" \/><p id=\"caption-attachment-26893\" class=\"wp-caption-text\">Kabarettist Martin Wangler als Fidelius Waldvogel. Foto \u00a9 Martin Wangler<\/p><\/div>\n<p><strong>Musikkabarett: Fidelius Waldvogel am 27. Juni in Sch\u00f6nwald und am 28. Juni in \u00dchlingen-Birkendorf<\/strong><br \/>\nDer Breitnauer Schauspieler und Kabarettist Martin Wangler kommt am Freitag, 27. Juni 2025, in seiner Paraderolle als Ur-Schwarzw\u00e4lder Fidelius Waldvogel nach Sch\u00f6nwald. Anl\u00e4sslich des Jubil\u00e4ums \u201e750 Jahre Sch\u00f6nwald\u201c pr\u00e4sentiert er im Naturschwimmbad ab 19:30 Uhr eine Mischung aus Kabarett und Musik. Unterst\u00fctzt wird er dabei von Thomas Klauer am Bass und Chris Thoma am Schlagzeug. Als \u201eFidelius und die Waldv\u00f6gel\u201c verbindet das Trio traditionelle und moderne Kl\u00e4nge und schafft eine Fusion aus Pop, Rock, Folk und Jazz. Bei schlechter Witterung findet die Veranstaltung in der Uhrmacher-Ketterer-Halle statt. Der Abend bildet den Auftakt zur dreiw\u00f6chigen Sommertour 2025, die den K\u00fcnstler durch ganz Baden-W\u00fcrttemberg f\u00fchrt. Am Samstag, 28. Juni 2025, ist Fidelius Waldvogel zur Feier des 50-j\u00e4hrigen Bestehens der Gemeinde in \u00dchlingen-Birkendorf zu Gast. In der Dorfhalle im Ortsteil Brenden bringt er ab 19 Uhr das Publikum zum Lachen und Nachdenken. Den Abschluss der Tour bilden Auftritte am 19. Juli in der Bergwelt Todtnau beim Barfu\u00dfpfad Muggenbrunn und am 20. Juli im Birklehof in Hinterzarten. Tickets gibt es bei allen Tourist-Informationen der Hochschwarzwald Tourismus GmbH, telefonisch unter +49 (0)7652\/1206-0 sowie online unter hochschwarzwald.de.<\/p>\n<p><strong>Laufevent \u201eXTrail\u201c am 28. Juni in Breitnau<\/strong><br \/>\nDie XTrail-L\u00e4ufe rund um Breitnau bieten am Samstag, 28. Juni 2025, sportliche Herausforderungen f\u00fcr alle Altersklassen. F\u00fcr die Trail-L\u00e4ufer:innen stehen zwei Strecken \u00fcber 21 und 10 km zur Auswahl, die auf schmalen Pfaden \u00fcber Wurzeln und Felsstufen durch die Naturlandschaft des Hochschwarzwaldes f\u00fchren. Der erste Startschuss f\u00fcr diese Rennen ert\u00f6nt um 9:35 Uhr bei der Kultur- und Sporthalle. Ab 11:10 Uhr machen sich die Nordic-Walker:innen auf den Weg, ab 14 Uhr folgen das Kinderrennen und ein Hindernissprint. Weitere Informationen und Anmeldung unter: xtrail-breitnau.de<\/p>\n<p><strong>Konzert: Dresdner Kreuzchor am 28. Juni in St. Blasien<\/strong><br \/>\nMit dem Dresdner Kreuzchor gastiert am Samstag, 28. Juni 2025, einer der \u00e4ltesten und bekanntesten Knabench\u00f6re der Welt im Dom in St. Blasien. Unter der Leitung von Martin Lehmann werden die 69 jungen S\u00e4nger vier- bis achtstimmige Werke interpretieren, darunter St\u00fccke von Giovanni Gabrieli, Heinrich Sch\u00fctz, Andreas Hammerschmidt und Gregorio Allegri sowie Kompositionen der Romantik von Mendelssohn Bartholdy, Brahms, Rheinberger, Reger und Wermann. Konzertbeginn ist um 16 Uhr. Tickets gibt es bei allen Tourist-Informationen der Hochschwarzwald Tourismus GmbH, telefonisch unter +49 (0)7652\/1206-0 sowie online unter reservix.de.<\/p>\n<p>Mehr Informationen zu den Veranstaltungen im Hochschwarzwald unter: <a href=\"http:\/\/hochschwarzwald.de\/events\" rel=\"noopener noreferrer\" target=\"_blank\">hochschwarzwald.de\/events<\/a><\/p>\n<div class=\"twoclick_social_bookmarks_post_26892 social_share_privacy clearfix 1.6.4 locale-de_DE sprite-de_DE\"><\/div><div class=\"twoclick-js\"><script type=\"text\/javascript\">\/* <![CDATA[ *\/\njQuery(document).ready(function($){if($('.twoclick_social_bookmarks_post_26892')){$('.twoclick_social_bookmarks_post_26892').socialSharePrivacy({\"services\":{\"twitter\":{\"reply_to\":\"\",\"tweet_text\":\"Hochschwarzw%C3%A4lder%20Veranstaltungen%20im%20Juni%202025%20%C2%BB%20See-Infos.de%20%23Schwarzwald\",\"status\":\"on\",\"txt_info\":\"2 Klicks f\\u00fcr mehr Datenschutz: Erst wenn Sie hier klicken, wird der Button aktiv und Sie k\\u00f6nnen Ihre Empfehlung an Twitter senden. Schon beim Aktivieren werden Daten an Dritte \\u00fcbertragen - siehe <em>i<\\\/em>.\",\"perma_option\":\"off\",\"language\":\"de\",\"referrer_track\":\"\"},\"gplus\":{\"status\":\"on\",\"txt_info\":\"2 Klicks f\\u00fcr mehr Datenschutz: Erst wenn Sie hier klicken, wird der Button aktiv und Sie k\\u00f6nnen Ihre Empfehlung an Google+ senden. Schon beim Aktivieren werden Daten an Dritte \\u00fcbertragen - siehe <em>i<\\\/em>.\",\"perma_option\":\"off\",\"referrer_track\":\"\"},\"xing\":{\"status\":\"on\",\"txt_info\":\"2 Klicks f\\u00fcr mehr Datenschutz: Erst wenn Sie hier klicken, wird der Button aktiv und Sie k\\u00f6nnen Ihre Empfehlung an Xing senden. Schon beim Aktivieren werden Daten an Dritte \\u00fcbertragen - siehe <em>i<\\\/em>.\",\"perma_option\":\"off\",\"language\":\"de\",\"referrer_track\":\"\"},\"pinterest\":{\"status\":\"on\",\"the_excerpt\":\"Hochschwarzw\\u00e4lder Veranstaltungen im Juni 2025\",\"txt_info\":\"2 Klicks f\\u00fcr mehr Datenschutz: Erst wenn Sie hier klicken, wird der Button aktiv und Sie k\\u00f6nnen Ihre Empfehlung an Pinterest senden. Schon beim Aktivieren werden Daten an Dritte \\u00fcbertragen - siehe <em>i<\\\/em>.\",\"perma_option\":\"off\",\"media\":\"http:\\\/\\\/see-infos.de\\\/wp-content\\\/uploads\\\/2025\\\/06\\\/Kabarettist-Martin-Wangler-als-Fidelius-Waldvogel\\u00a9-Martin-Wangler.jpg\"},\"linkedin\":{\"status\":\"on\",\"txt_info\":\"2 Klicks f\\u00fcr mehr Datenschutz: Erst wenn Sie hier klicken, wird der Button aktiv und Sie k\\u00f6nnen Ihre Empfehlung an LinkedIn senden. Schon beim Aktivieren werden Daten an Dritte \\u00fcbertragen - siehe <em>i<\\\/em>.\",\"perma_option\":\"off\"}},\"txt_help\":\"Wenn Sie diese Felder durch einen Klick aktivieren, werden Informationen an Facebook, Twitter, Flattr, Xing, t3n, LinkedIn, Pinterest oder Google eventuell ins Ausland \\u00fcbertragen und unter Umst\\u00e4nden auch dort gespeichert. N\\u00e4heres erfahren Sie durch einen Klick auf das <em>i<\\\/em>.\",\"settings_perma\":\"Dauerhaft aktivieren und Daten\\u00fcber-tragung zustimmen:\",\"info_link\":\"http:\\\/\\\/www.heise.de\\\/ct\\\/artikel\\\/2-Klicks-fuer-mehr-Datenschutz-1333879.html\",\"uri\":\"http:\\\/\\\/see-infos.de\\\/?p=26892\",\"post_id\":26892,\"post_title_referrer_track\":\"Hochschwarzw%C3%A4lder+Veranstaltungen+im+Juni+2025\",\"display_infobox\":\"on\"});}});\n\/* ]]> *\/<\/script><\/div>","protected":false},"excerpt":{"rendered":"<p>#hochschwarzwald Ein breites Spektrum vom traditionellen Eulogi-Ritt \u00fcber die Internationale Phonob\u00f6rse bis hin zum XTrail-Laufevent bieten die Hochschwarzw\u00e4lder Veranstaltungshighlights im Juni. Ein H\u00f6hepunkt ist das Konzert des Dresdner Kreuzchors in St. Blasien. Deutscher M\u00fchlentag am 9. Juni in Breitnau, Furtwangen, St. Georgen und St. M\u00e4rgen Anl\u00e4sslich des Deutschen M\u00fchlentags \u00f6ffnen am Pfingstmontag, 9. Juni 2025, [&hellip;]<\/p>\n","protected":false},"author":1,"featured_media":26893,"comment_status":"closed","ping_status":"closed","sticky":false,"template":"","format":"standard","meta":[],"categories":[1,7],"tags":[76],"_links":{"self":[{"href":"http:\/\/see-infos.de\/index.php?rest_route=\/wp\/v2\/posts\/26892"}],"collection":[{"href":"http:\/\/see-infos.de\/index.php?rest_route=\/wp\/v2\/posts"}],"about":[{"href":"http:\/\/see-infos.de\/index.php?rest_route=\/wp\/v2\/types\/post"}],"author":[{"embeddable":true,"href":"http:\/\/see-infos.de\/index.php?rest_route=\/wp\/v2\/users\/1"}],"replies":[{"embeddable":true,"href":"http:\/\/see-infos.de\/index.php?rest_route=%2Fwp%2Fv2%2Fcomments&post=26892"}],"version-history":[{"count":0,"href":"http:\/\/see-infos.de\/index.php?rest_route=\/wp\/v2\/posts\/26892\/revisions"}],"wp:featuredmedia":[{"embeddable":true,"href":"http:\/\/see-infos.de\/index.php?rest_route=\/wp\/v2\/media\/26893"}],"wp:attachment":[{"href":"http:\/\/see-infos.de\/index.php?rest_route=%2Fwp%2Fv2%2Fmedia&parent=26892"}],"wp:term":[{"taxonomy":"category","embeddable":true,"href":"http:\/\/see-infos.de\/index.php?rest_route=%2Fwp%2Fv2%2Fcategories&post=26892"},{"taxonomy":"post_tag","embeddable":true,"href":"http:\/\/see-infos.de\/index.php?rest_route=%2Fwp%2Fv2%2Ftags&post=26892"}],"curies":[{"name":"wp","href":"https:\/\/api.w.org\/{rel}","templated":true}]}}