{"id":26887,"date":"2025-06-09T07:57:51","date_gmt":"2025-06-09T05:57:51","guid":{"rendered":"http:\/\/see-infos.de\/?p=26887"},"modified":"2025-05-28T22:00:10","modified_gmt":"2025-05-28T20:00:10","slug":"60-internationale-bodenseewoche-maritimer-markt-verkaufsoffener-sonntag-in-konstanz","status":"publish","type":"post","link":"http:\/\/see-infos.de\/?p=26887","title":{"rendered":"60. Internationale Bodenseewoche, Maritimer Markt &#038; Verkaufsoffener Sonntag in Konstanz"},"content":{"rendered":"<p>#InternationaleBodenseewoche<\/p>\n<p><strong>Segelsport und spektakul\u00e4re Wassersportrennen treffen auf Shoppinggenuss am See: Die 60. Internationale Bodenseewoche inklusive Maritimem Markt am Hafen l\u00e4dt vom 12. bis 15. Juni ein, das Konstanzer Hafenareal und die Innenstadt mit allen Sinnen zu erleben. Die Jubil\u00e4umsausgabe h\u00e4lt zahlreiche Besonderheiten bereit. Der Verkaufsoffene Sonntag am 15. Juni rundet das Wochenende mit fr\u00fchsommerlichen Einkaufsideen in der historischen Altstadt ab. Vier Tage lang wird Konstanz zur Flaniermeile von Wassersportfans und allen, die das Leben genie\u00dfen \u2013 einfach vorbeikommen und eintauchen.<\/strong><\/p>\n<p><strong>60. Internationale Bodenseewoche<\/strong><br \/>\nMaritimes Flair und sportliche Highlights: Mit spannenden Segelregatten, Ruderrennen und Wassersport f\u00fcr alle Geschm\u00e4cker bietet die Internationale Bodenseewoche spannende Wettk\u00e4mpfe auf dem Wasser. \u00dcber 160 Segelboote \u2013 von eleganten Oldtimer-Yachten bis zu modernen Rennbooten \u2013 gehen bei den Wettfahrten an den Start. Wasserski-Shows, SUP-Rennen, der Coastal-Rowing-Cup und die illuminierte Font\u00e4nenshow des Feuerl\u00f6schbootes der Feuerwehr Konstanz sorgen zus\u00e4tzlich f\u00fcr Action. Zur Bodenseewoche geh\u00f6ren auch die Rundfahrten der Wei\u00dfen Flotte (BSB), der RIVA-Club Deutschland und die historischen Schiffe \u201aDS Hohentwiel\u2018 und \u201aMS \u00d6sterreich\u2018. Abends laden Sunset Beats, DJ-Sets und Live-Musik \u2013 u.a. von JazzX, BaarRock und ElkGrove \u2013 zu stimmungsvollen Fr\u00fchsommern\u00e4chten ein. <\/p>\n<p>Tipp: Wer Lust hat, in den Segelsport hineinzuschnuppern, findet bei der DSV-Roadshow des Deutschen Seglerverbands an allen drei Tagen Mitmachaktionen zu Umweltschutz und Nachhaltigkeit sowie Segelkursen f\u00fcr Kinder \u2013 einfach im Stadtgarten direkt am Ufer vorbeischauen!<\/p>\n<div id=\"attachment_18071\" style=\"width: 610px\" class=\"wp-caption alignleft\"><img aria-describedby=\"caption-attachment-18071\" loading=\"lazy\" src=\"http:\/\/see-infos.de\/wp-content\/uploads\/2019\/05\/Internationale-Bodenseewoche_Bildnachweis_MTK-Dagmar-Schwelle.jpg\" alt=\"\" width=\"600\" height=\"400\" class=\"size-full wp-image-18071\" srcset=\"http:\/\/see-infos.de\/wp-content\/uploads\/2019\/05\/Internationale-Bodenseewoche_Bildnachweis_MTK-Dagmar-Schwelle.jpg 600w, http:\/\/see-infos.de\/wp-content\/uploads\/2019\/05\/Internationale-Bodenseewoche_Bildnachweis_MTK-Dagmar-Schwelle-300x200.jpg 300w\" sizes=\"(max-width: 600px) 100vw, 600px\" \/><p id=\"caption-attachment-18071\" class=\"wp-caption-text\">Internationale Bodenseewoche. Bildnachweis: MTK \/ Dagmar Schwelle<\/p><\/div>\n<p><strong>Flanieren, Genie\u00dfen, Erleben \u2013 direkt am Wasser<\/strong><br \/>\nZwischen Hafen, dem historischen Konzilgeb\u00e4ude und Stadtgarten entsteht eine belebte Ufermeile. Auf dem Maritimen Markt finden Besucher:innen Wassersport-Equipment wie Kajaks, SUP-Boards und Segelbedarf sowie Lifestyle-Produkte von H\u00fcten bis hin zu Sonnenbrillen. Herzhafter Backfisch, Austern und feiner Kaviar sowie K\u00f6stlichkeiten lokaler Gastronomen erg\u00e4nzen das Angebot. Einfach mit den Liebsten \u00fcber den Markt flanieren, probieren und genie\u00dfen \u2013 mit direktem Blick auf Hafen, See und Alpen.<br \/>\nWeitere Infos und alle Aussteller:innen unter www.konstanz-info.com\/ibw.<\/p>\n<p><strong>Verkaufsoffener Sonntag<\/strong><br \/>\nShoppen mit Altstadtcharme: Am 15. Juni \u00f6ffnen die Konstanzer Gesch\u00e4fte in der Innenstadt von 12 bis 17 Uhr ihre T\u00fcren. Inmitten historischer Gassen laden individuelle Boutiquen, inhabergef\u00fchrte Fachgesch\u00e4fte, das LAGO Shopping-Center und gem\u00fctliche Caf\u00e9s zum entspannten Bummeln ein \u2013 ob auf der Suche nach sommerlicher Mode, einzigartigen Accessoires, funkelnden Schmuckst\u00fccken oder kulinarischen Spezialit\u00e4ten. Von der Marktst\u00e4tte \u00fcber den Obermarkt und die Hussenstra\u00dfe bis hin zum Augustiner- und Bodanplatz warten verschiedene Highlights. Darunter sind k\u00f6stliche Cr\u00eapes, S\u00fc\u00dfwaren und Grillgerichte sowie Mitmachaktionen und Infost\u00e4nde von Gesch\u00e4ften, dem Hockey Club Konstanz, der Kreisverkehrswacht mit den Verkehrskadetten und dem Ravensburger Spieleland.<\/p>\n<p>Tipp: Die kostenlose Stadtf\u00fchrung \u201eGegenwart der Vergangenheit\u201c um 14 \/ 15 \/ 16 Uhr ab dem M\u00fcnster nehmen am Verkaufsoffenen Sonntag mit auf lebendige Zeitreisen. Geschichtsinteressierte haben zudem bei gratis F\u00fchrungen in den Stadtt\u00fcrmen die Gelegenheit, in die Vergangenheit einzutauchen: Die Narrengesellschaft Niederburg \u00f6ffnet ab 11.30 Uhr die Tore des 700 Jahre alten Pulverturms und bietet um 14.30 Uhr eine F\u00fchrung mit Historiker Daniel Gro\u00df. Im Schnetztor finden ab 13 Uhr st\u00fcndlich F\u00fchrungen statt (letzte F\u00fchrung: 16 Uhr) und der Rheintorturm inklusive Fasnachtsmuseum \u00f6ffnet von 14 bis 17 Uhr. <\/p>\n<p>Organisiert wird der Verkaufsoffene Sonntag gemeinsam vom Treffpunkt Konstanz e.V. und der Marketing und Tourismus Konstanz GmbH.<br \/>\nEine Anreise mit Bus, Bahn oder Rad wird empfohlen. Alle weiteren Infos gibt\u2019s unter: <a href=\"http:\/\/www.konstanz-info.com\/verkaufsoffener-sonntag\" rel=\"noopener noreferrer\" target=\"_blank\">www.konstanz-info.com\/verkaufsoffener-sonntag<\/a>.<\/p>\n<div class=\"twoclick_social_bookmarks_post_26887 social_share_privacy clearfix 1.6.4 locale-de_DE sprite-de_DE\"><\/div><div class=\"twoclick-js\"><script type=\"text\/javascript\">\/* <![CDATA[ *\/\njQuery(document).ready(function($){if($('.twoclick_social_bookmarks_post_26887')){$('.twoclick_social_bookmarks_post_26887').socialSharePrivacy({\"services\":{\"twitter\":{\"reply_to\":\"\",\"tweet_text\":\"%2060.%20Internationale%20Bodenseewoche%2C%20Maritimer%20Markt%20%26%20Verkaufsoffener%20Sonntag%20in%20...\",\"status\":\"on\",\"txt_info\":\"2 Klicks f\\u00fcr mehr Datenschutz: Erst wenn Sie hier klicken, wird der Button aktiv und Sie k\\u00f6nnen Ihre Empfehlung an Twitter senden. Schon beim Aktivieren werden Daten an Dritte \\u00fcbertragen - siehe <em>i<\\\/em>.\",\"perma_option\":\"off\",\"language\":\"de\",\"referrer_track\":\"\"},\"gplus\":{\"status\":\"on\",\"txt_info\":\"2 Klicks f\\u00fcr mehr Datenschutz: Erst wenn Sie hier klicken, wird der Button aktiv und Sie k\\u00f6nnen Ihre Empfehlung an Google+ senden. Schon beim Aktivieren werden Daten an Dritte \\u00fcbertragen - siehe <em>i<\\\/em>.\",\"perma_option\":\"off\",\"referrer_track\":\"\"},\"xing\":{\"status\":\"on\",\"txt_info\":\"2 Klicks f\\u00fcr mehr Datenschutz: Erst wenn Sie hier klicken, wird der Button aktiv und Sie k\\u00f6nnen Ihre Empfehlung an Xing senden. Schon beim Aktivieren werden Daten an Dritte \\u00fcbertragen - siehe <em>i<\\\/em>.\",\"perma_option\":\"off\",\"language\":\"de\",\"referrer_track\":\"\"},\"pinterest\":{\"status\":\"on\",\"the_excerpt\":\"60. Internationale Bodenseewoche, Maritimer Markt &#038; Verkaufsoffener Sonntag in Konstanz\",\"txt_info\":\"2 Klicks f\\u00fcr mehr Datenschutz: Erst wenn Sie hier klicken, wird der Button aktiv und Sie k\\u00f6nnen Ihre Empfehlung an Pinterest senden. Schon beim Aktivieren werden Daten an Dritte \\u00fcbertragen - siehe <em>i<\\\/em>.\",\"perma_option\":\"off\",\"media\":\"http:\\\/\\\/see-infos.de\\\/wp-content\\\/uploads\\\/2019\\\/05\\\/Internationale-Bodenseewoche_Bildnachweis_MTK-Dagmar-Schwelle.jpg\"},\"linkedin\":{\"status\":\"on\",\"txt_info\":\"2 Klicks f\\u00fcr mehr Datenschutz: Erst wenn Sie hier klicken, wird der Button aktiv und Sie k\\u00f6nnen Ihre Empfehlung an LinkedIn senden. Schon beim Aktivieren werden Daten an Dritte \\u00fcbertragen - siehe <em>i<\\\/em>.\",\"perma_option\":\"off\"}},\"txt_help\":\"Wenn Sie diese Felder durch einen Klick aktivieren, werden Informationen an Facebook, Twitter, Flattr, Xing, t3n, LinkedIn, Pinterest oder Google eventuell ins Ausland \\u00fcbertragen und unter Umst\\u00e4nden auch dort gespeichert. N\\u00e4heres erfahren Sie durch einen Klick auf das <em>i<\\\/em>.\",\"settings_perma\":\"Dauerhaft aktivieren und Daten\\u00fcber-tragung zustimmen:\",\"info_link\":\"http:\\\/\\\/www.heise.de\\\/ct\\\/artikel\\\/2-Klicks-fuer-mehr-Datenschutz-1333879.html\",\"uri\":\"http:\\\/\\\/see-infos.de\\\/?p=26887\",\"post_id\":26887,\"post_title_referrer_track\":\"60.+Internationale+Bodenseewoche%2C+Maritimer+Markt+%26%23038%3B+Verkaufsoffener+Sonntag+in+Konstanz\",\"display_infobox\":\"on\"});}});\n\/* ]]> *\/<\/script><\/div>","protected":false},"excerpt":{"rendered":"<p>#InternationaleBodenseewoche Segelsport und spektakul\u00e4re Wassersportrennen treffen auf Shoppinggenuss am See: Die 60. Internationale Bodenseewoche inklusive Maritimem Markt am Hafen l\u00e4dt vom 12. bis 15. Juni ein, das Konstanzer Hafenareal und die Innenstadt mit allen Sinnen zu erleben. Die Jubil\u00e4umsausgabe h\u00e4lt zahlreiche Besonderheiten bereit. Der Verkaufsoffene Sonntag am 15. Juni rundet das Wochenende mit fr\u00fchsommerlichen Einkaufsideen [&hellip;]<\/p>\n","protected":false},"author":1,"featured_media":18071,"comment_status":"closed","ping_status":"closed","sticky":false,"template":"","format":"standard","meta":[],"categories":[1,7],"tags":[31,30],"_links":{"self":[{"href":"http:\/\/see-infos.de\/index.php?rest_route=\/wp\/v2\/posts\/26887"}],"collection":[{"href":"http:\/\/see-infos.de\/index.php?rest_route=\/wp\/v2\/posts"}],"about":[{"href":"http:\/\/see-infos.de\/index.php?rest_route=\/wp\/v2\/types\/post"}],"author":[{"embeddable":true,"href":"http:\/\/see-infos.de\/index.php?rest_route=\/wp\/v2\/users\/1"}],"replies":[{"embeddable":true,"href":"http:\/\/see-infos.de\/index.php?rest_route=%2Fwp%2Fv2%2Fcomments&post=26887"}],"version-history":[{"count":0,"href":"http:\/\/see-infos.de\/index.php?rest_route=\/wp\/v2\/posts\/26887\/revisions"}],"wp:featuredmedia":[{"embeddable":true,"href":"http:\/\/see-infos.de\/index.php?rest_route=\/wp\/v2\/media\/18071"}],"wp:attachment":[{"href":"http:\/\/see-infos.de\/index.php?rest_route=%2Fwp%2Fv2%2Fmedia&parent=26887"}],"wp:term":[{"taxonomy":"category","embeddable":true,"href":"http:\/\/see-infos.de\/index.php?rest_route=%2Fwp%2Fv2%2Fcategories&post=26887"},{"taxonomy":"post_tag","embeddable":true,"href":"http:\/\/see-infos.de\/index.php?rest_route=%2Fwp%2Fv2%2Ftags&post=26887"}],"curies":[{"name":"wp","href":"https:\/\/api.w.org\/{rel}","templated":true}]}}