{"id":26875,"date":"2025-06-01T07:30:38","date_gmt":"2025-06-01T05:30:38","guid":{"rendered":"http:\/\/see-infos.de\/?p=26875"},"modified":"2025-05-28T21:40:07","modified_gmt":"2025-05-28T19:40:07","slug":"ausstellung-gib-stoff-textile-bilder-im-raum-im-gewerbemuseum-winterthur","status":"publish","type":"post","link":"http:\/\/see-infos.de\/?p=26875","title":{"rendered":"Ausstellung \u201eGib Stoff! Textile Bilder im Raum\u201c im Gewerbemuseum Winterthur"},"content":{"rendered":"<p>#Gewerbemuseum #Winterthur<\/p>\n<p>Gib Stoff!<br \/>\nTextile Bilder im Raum<br \/>\nAusstellung im Gewerbemuseum Winterthur\/Schweiz<br \/>\n6. Juni bis 2. November 2025<\/p>\n<p><strong>Mit der Ausstellung \u201eGib Stoff!\u201c widmet sich das Gewerbemuseum Winterthur dem Zusammenspiel von Textil, Kunst und Raum. Im Zentrum stehen Werke von drei bedeutenden Schweizer Textilk\u00fcnstler:innen: St\u00e9phanie Baechler, Christoph Hefti und Sonnhild Kestler. Alle drei kommen urspr\u00fcnglich aus dem Modedesign, haben sich aber in den letzten Jahren konsequent dem Raum und der k\u00fcnstlerischen Auseinandersetzung mit textilen Medien zugewandt.<\/strong><\/p>\n<p><strong>Was erwartet die Besucher:innen?<\/strong><br \/>\nGro\u00dfformatige Textilbilder, handgekn\u00fcpfte Teppiche, gestickte Bildwelten und raumgreifende Installationen. Die Werke bewegen sich zwischen traditionellem Handwerk und zeitgen\u00f6ssischer Bildsprache \u2013 mal poetisch, mal provokant. Sie erz\u00e4hlen Geschichten, stellen Szenen dar oder verwandeln textile Oberfl\u00e4chen in emotionale Landschaften.<\/p>\n<p><div id=\"attachment_26876\" style=\"width: 430px\" class=\"wp-caption alignleft\"><img aria-describedby=\"caption-attachment-26876\" loading=\"lazy\" src=\"http:\/\/see-infos.de\/wp-content\/uploads\/2025\/05\/0-gewerbemuseum-winterthur-gib-stoff-plakat-300dpi-a5-h.jpg\" alt=\"\" width=\"420\" height=\"600\" class=\"size-full wp-image-26876\" srcset=\"http:\/\/see-infos.de\/wp-content\/uploads\/2025\/05\/0-gewerbemuseum-winterthur-gib-stoff-plakat-300dpi-a5-h.jpg 420w, http:\/\/see-infos.de\/wp-content\/uploads\/2025\/05\/0-gewerbemuseum-winterthur-gib-stoff-plakat-300dpi-a5-h-210x300.jpg 210w\" sizes=\"(max-width: 420px) 100vw, 420px\" \/><p id=\"caption-attachment-26876\" class=\"wp-caption-text\">Grafikdesign: HOMI, Creative Studio, Basel<\/p><\/div><br \/>\nSt\u00e9phanie Baechler kombiniert Textil und Keramik in hybriden Skulpturen. Ihre Arbeiten thematisieren digitale Reiz\u00fcberflutung und das Bed\u00fcrfnis nach Anerkennung in sozialen Medien \u2013 stets verankert in haptischer, sinnlicher Materialit\u00e4t.<\/p>\n<p>Christoph Hefti bringt Fantasiewelten in den Raum: Fabelwesen, Masken und mystische Landschaften bev\u00f6lkern seine Teppiche, Stoffe und Patchwork-Arbeiten, inspiriert von traditionellem Handwerk aus Nepal und digitalen Drucktechniken.<\/p>\n<p>Sonnhild Kestler bringt ihr unverkennbares Siebdruck-Vokabular in neue Dimensionen. Ihre farbintensiven, erz\u00e4hlerischen Motive wandern von Foulards und Stoffen in raumgreifende Installationen \u2013 stets spielerisch, verspielt und handwerklich pr\u00e4zise.<\/p>\n<p>Neben den Kunstwerken selbst gibt die Ausstellung auch Einblick in den Schaffensprozess: mit Skizzen, Modellen, Inspirationsquellen und pers\u00f6nlichen Notizen der K\u00fcnstler:innen.<\/p>\n<p><strong>F\u00fcr wen ist die Ausstellung interessant?<\/strong><br \/>\nF\u00fcr Kunst- und Designliebhaber:innen, f\u00fcr Textilbegeisterte, f\u00fcr alle, die visuelles Erz\u00e4hlen neu entdecken wollen. Und f\u00fcr Menschen, die erleben m\u00f6chten, wie Stoff mehr sein kann als blo\u00dfes Material \u2013 n\u00e4mlich Medium, Botschaft und Kunstform zugleich.<\/p>\n<p>Weitere Informationen und Medienbilder unter: <a href=\"http:\/\/www.gewerbemuseum.ch\" rel=\"noopener noreferrer\" target=\"_blank\">www.gewerbemuseum.ch<\/a><\/p>\n<div class=\"twoclick_social_bookmarks_post_26875 social_share_privacy clearfix 1.6.4 locale-de_DE sprite-de_DE\"><\/div><div class=\"twoclick-js\"><script type=\"text\/javascript\">\/* <![CDATA[ *\/\njQuery(document).ready(function($){if($('.twoclick_social_bookmarks_post_26875')){$('.twoclick_social_bookmarks_post_26875').socialSharePrivacy({\"services\":{\"twitter\":{\"reply_to\":\"\",\"tweet_text\":\"%20Ausstellung%20%E2%80%9EGib%20Stoff%21%20Textile%20Bilder%20im%20Raum%E2%80%9C%20im%20Gewerbemuseum%20...\",\"status\":\"on\",\"txt_info\":\"2 Klicks f\\u00fcr mehr Datenschutz: Erst wenn Sie hier klicken, wird der Button aktiv und Sie k\\u00f6nnen Ihre Empfehlung an Twitter senden. Schon beim Aktivieren werden Daten an Dritte \\u00fcbertragen - siehe <em>i<\\\/em>.\",\"perma_option\":\"off\",\"language\":\"de\",\"referrer_track\":\"\"},\"gplus\":{\"status\":\"on\",\"txt_info\":\"2 Klicks f\\u00fcr mehr Datenschutz: Erst wenn Sie hier klicken, wird der Button aktiv und Sie k\\u00f6nnen Ihre Empfehlung an Google+ senden. Schon beim Aktivieren werden Daten an Dritte \\u00fcbertragen - siehe <em>i<\\\/em>.\",\"perma_option\":\"off\",\"referrer_track\":\"\"},\"xing\":{\"status\":\"on\",\"txt_info\":\"2 Klicks f\\u00fcr mehr Datenschutz: Erst wenn Sie hier klicken, wird der Button aktiv und Sie k\\u00f6nnen Ihre Empfehlung an Xing senden. Schon beim Aktivieren werden Daten an Dritte \\u00fcbertragen - siehe <em>i<\\\/em>.\",\"perma_option\":\"off\",\"language\":\"de\",\"referrer_track\":\"\"},\"pinterest\":{\"status\":\"on\",\"the_excerpt\":\"Ausstellung \\u201eGib Stoff! Textile Bilder im Raum\\u201c im Gewerbemuseum Winterthur\",\"txt_info\":\"2 Klicks f\\u00fcr mehr Datenschutz: Erst wenn Sie hier klicken, wird der Button aktiv und Sie k\\u00f6nnen Ihre Empfehlung an Pinterest senden. Schon beim Aktivieren werden Daten an Dritte \\u00fcbertragen - siehe <em>i<\\\/em>.\",\"perma_option\":\"off\",\"media\":\"http:\\\/\\\/see-infos.de\\\/wp-content\\\/uploads\\\/2025\\\/05\\\/0-gewerbemuseum-winterthur-gib-stoff-plakat-300dpi-a5-h.jpg\"},\"linkedin\":{\"status\":\"on\",\"txt_info\":\"2 Klicks f\\u00fcr mehr Datenschutz: Erst wenn Sie hier klicken, wird der Button aktiv und Sie k\\u00f6nnen Ihre Empfehlung an LinkedIn senden. Schon beim Aktivieren werden Daten an Dritte \\u00fcbertragen - siehe <em>i<\\\/em>.\",\"perma_option\":\"off\"}},\"txt_help\":\"Wenn Sie diese Felder durch einen Klick aktivieren, werden Informationen an Facebook, Twitter, Flattr, Xing, t3n, LinkedIn, Pinterest oder Google eventuell ins Ausland \\u00fcbertragen und unter Umst\\u00e4nden auch dort gespeichert. N\\u00e4heres erfahren Sie durch einen Klick auf das <em>i<\\\/em>.\",\"settings_perma\":\"Dauerhaft aktivieren und Daten\\u00fcber-tragung zustimmen:\",\"info_link\":\"http:\\\/\\\/www.heise.de\\\/ct\\\/artikel\\\/2-Klicks-fuer-mehr-Datenschutz-1333879.html\",\"uri\":\"http:\\\/\\\/see-infos.de\\\/?p=26875\",\"post_id\":26875,\"post_title_referrer_track\":\"Ausstellung+%E2%80%9EGib+Stoff%21+Textile+Bilder+im+Raum%E2%80%9C+im+Gewerbemuseum+Winterthur\",\"display_infobox\":\"on\"});}});\n\/* ]]> *\/<\/script><\/div>","protected":false},"excerpt":{"rendered":"<p>#Gewerbemuseum #Winterthur Gib Stoff! Textile Bilder im Raum Ausstellung im Gewerbemuseum Winterthur\/Schweiz 6. Juni bis 2. November 2025 Mit der Ausstellung \u201eGib Stoff!\u201c widmet sich das Gewerbemuseum Winterthur dem Zusammenspiel von Textil, Kunst und Raum. Im Zentrum stehen Werke von drei bedeutenden Schweizer Textilk\u00fcnstler:innen: St\u00e9phanie Baechler, Christoph Hefti und Sonnhild Kestler. Alle drei kommen urspr\u00fcnglich [&hellip;]<\/p>\n","protected":false},"author":1,"featured_media":26876,"comment_status":"closed","ping_status":"closed","sticky":false,"template":"","format":"standard","meta":[],"categories":[1,7],"tags":[23,101],"_links":{"self":[{"href":"http:\/\/see-infos.de\/index.php?rest_route=\/wp\/v2\/posts\/26875"}],"collection":[{"href":"http:\/\/see-infos.de\/index.php?rest_route=\/wp\/v2\/posts"}],"about":[{"href":"http:\/\/see-infos.de\/index.php?rest_route=\/wp\/v2\/types\/post"}],"author":[{"embeddable":true,"href":"http:\/\/see-infos.de\/index.php?rest_route=\/wp\/v2\/users\/1"}],"replies":[{"embeddable":true,"href":"http:\/\/see-infos.de\/index.php?rest_route=%2Fwp%2Fv2%2Fcomments&post=26875"}],"version-history":[{"count":0,"href":"http:\/\/see-infos.de\/index.php?rest_route=\/wp\/v2\/posts\/26875\/revisions"}],"wp:featuredmedia":[{"embeddable":true,"href":"http:\/\/see-infos.de\/index.php?rest_route=\/wp\/v2\/media\/26876"}],"wp:attachment":[{"href":"http:\/\/see-infos.de\/index.php?rest_route=%2Fwp%2Fv2%2Fmedia&parent=26875"}],"wp:term":[{"taxonomy":"category","embeddable":true,"href":"http:\/\/see-infos.de\/index.php?rest_route=%2Fwp%2Fv2%2Fcategories&post=26875"},{"taxonomy":"post_tag","embeddable":true,"href":"http:\/\/see-infos.de\/index.php?rest_route=%2Fwp%2Fv2%2Ftags&post=26875"}],"curies":[{"name":"wp","href":"https:\/\/api.w.org\/{rel}","templated":true}]}}