{"id":26872,"date":"2025-06-05T07:24:09","date_gmt":"2025-06-05T05:24:09","guid":{"rendered":"http:\/\/see-infos.de\/?p=26872"},"modified":"2025-05-28T21:30:31","modified_gmt":"2025-05-28T19:30:31","slug":"bild-und-macht-zeppelin-fotografie-im-fokus","status":"publish","type":"post","link":"http:\/\/see-infos.de\/?p=26872","title":{"rendered":"Bild und Macht. Zeppelin-Fotografie im Fokus"},"content":{"rendered":"<p>#zeppelinmuseum<\/p>\n<p><strong>Wie transportieren Bilder Macht? Wie tragen sie zur Konstruktion von Geschichte bei? Wie werden sie manipuliert? Wann werden sie zu Propaganda? Anl\u00e4sslich des 125. Jubil\u00e4ums des ersten Aufstiegs eines Zeppelin-Luftschiffs er\u00f6ffnet das Zeppelin Museum die Ausstellung: Bild und Macht. Zeppelin-Fotografie im Fokus. Vom 6. Juni 2025 bis zum 12. April 2026 beleuchtet sie erstmals die Bedeutung des Zeppelins als visuelles und symbolisches Motiv in der Fotografie.<\/strong><\/p>\n<p>Bild und Macht untersucht dabei, wie Bilder vom Zeppelin in verschiedenen politischen Kontexten zur nationalen Selbstrepr\u00e4sentation und Machtaus\u00fcbung eingesetzt wurden und fragt in einer Zeit, in der Bilder allgegenw\u00e4rtig sind, nach der Macht der Bilder, ihrer Manipulation und ihrem Wahrheitsgehalt. Internationale zeitgen\u00f6ssische K\u00fcnstler*innen wie Aziza Kadyri, Christelle Oyiri und dem Kollektiv Ebb.global &#038; Ne\u00efl Beloufa erweitern die Ausstellung mit neuen Werken, die speziell hierf\u00fcr entwickelt wurden und einen queer-feministischen und nicht-westlichen Blick auf das Thema werfen. Die Ausstellung wird unter anderem von der Baden-W\u00fcrttemberg Stiftung und der ZF Kunststiftung gef\u00f6rdert.<\/p>\n<p>Zwischen 1900 und 1940 wurde der Zeppelin zum Staatssymbol f\u00fcr die Eroberung des Himmels, f\u00fcr milit\u00e4rische Dominanz, technische \u00dcberlegenheit und globale Vernetzung. Selbst in unterschiedlichen Regimen wie dem Kaiserreich, der Weimarer Republik und der NS-Diktatur war das Bild des Luftschiffs ein m\u00e4chtiges Werkzeug der politischen Propaganda, das die politische Agenda der jeweiligen Regierungen unterst\u00fctzte und die Bev\u00f6lkerung von den Visionen einer aufstrebenden, machtfokussierten Nation \u00fcberzeugte.<\/p>\n<div id=\"attachment_26873\" style=\"width: 590px\" class=\"wp-caption alignleft\"><img aria-describedby=\"caption-attachment-26873\" loading=\"lazy\" src=\"http:\/\/see-infos.de\/wp-content\/uploads\/2025\/05\/2025-02-18-15.29.11.jpg\" alt=\"\" width=\"580\" height=\"326\" class=\"size-full wp-image-26873\" srcset=\"http:\/\/see-infos.de\/wp-content\/uploads\/2025\/05\/2025-02-18-15.29.11.jpg 580w, http:\/\/see-infos.de\/wp-content\/uploads\/2025\/05\/2025-02-18-15.29.11-300x169.jpg 300w\" sizes=\"(max-width: 580px) 100vw, 580px\" \/><p id=\"caption-attachment-26873\" class=\"wp-caption-text\">Grafik: Zeppelinmuseum<\/p><\/div>\n<p>Die Ausstellung stellt historische Fotografien, die \u00fcberwiegend aus dem Archiv des Zeppelin Museums stammen, in den Mittelpunkt und untersucht, wie der Zeppelin in verschiedenen Epochen des 20. Jahrhunderts als Bildmotiv eingesetzt wurde, um Ideologien zu transportieren und die \u00f6ffentliche Wahrnehmung zu steuern. So wird unter anderem besonders beleuchtet, wie der Zeppelin gleichzeitig technische \u00dcberlegenheit und die Vision einer global vernetzten Zukunft symbolisierte, die von milit\u00e4rischer Macht begleitet war.<\/p>\n<p>Erg\u00e4nzt wird die Ausstellung durch eigens konzipierte Werke der international t\u00e4tigen, zeitgen\u00f6ssischen K\u00fcnstler*innen Aziza Kadyri, Christelle Oyiri und dem Kollektiv Ebb.global &#038; Ne\u00efl Beloufa. Diese Werke entstehen im engen Dialog mit der einzigartigen Fotosammlung des Zeppelin Museums und stellen sie in neue Deutungsbez\u00fcge. Aus einer nicht-westlichen, queer-feministischen Perspektive regen die k\u00fcnstlerischen Arbeiten dazu an, die Bedeutung und Instrumentalisierung von Bildern differenziert zu hinterfragen und sowohl ein kritisches Verst\u00e4ndnis zu Bildproduktion als auch zu tradierten Bildregimen zu entwickeln. Im Dialog mit den historischen Exponaten dekonstruieren sie visuelle Herrschaftsstrategien, hinterfragen die Bedeutung nationaler Symbole und \u00f6ffnen das Bildarchiv f\u00fcr marginalisierte Stimmen.<\/p>\n<p>Quelle \/ Mehr Infos: <a href=\"https:\/\/www.zeppelin-museum.de\/ausstellungen\/bild-und-macht\" rel=\"noopener noreferrer\" target=\"_blank\">https:\/\/www.zeppelin-museum.de\/ausstellungen\/bild-und-macht<\/a><\/p>\n<div class=\"twoclick_social_bookmarks_post_26872 social_share_privacy clearfix 1.6.4 locale-de_DE sprite-de_DE\"><\/div><div class=\"twoclick-js\"><script type=\"text\/javascript\">\/* <![CDATA[ *\/\njQuery(document).ready(function($){if($('.twoclick_social_bookmarks_post_26872')){$('.twoclick_social_bookmarks_post_26872').socialSharePrivacy({\"services\":{\"twitter\":{\"reply_to\":\"\",\"tweet_text\":\"Bild%20und%20Macht.%20Zeppelin-Fotografie%20im%20Fokus%20%C2%BB%20See-Infos.de%20%23Museum%20%23Zeppelin\",\"status\":\"on\",\"txt_info\":\"2 Klicks f\\u00fcr mehr Datenschutz: Erst wenn Sie hier klicken, wird der Button aktiv und Sie k\\u00f6nnen Ihre Empfehlung an Twitter senden. Schon beim Aktivieren werden Daten an Dritte \\u00fcbertragen - siehe <em>i<\\\/em>.\",\"perma_option\":\"off\",\"language\":\"de\",\"referrer_track\":\"\"},\"gplus\":{\"status\":\"on\",\"txt_info\":\"2 Klicks f\\u00fcr mehr Datenschutz: Erst wenn Sie hier klicken, wird der Button aktiv und Sie k\\u00f6nnen Ihre Empfehlung an Google+ senden. Schon beim Aktivieren werden Daten an Dritte \\u00fcbertragen - siehe <em>i<\\\/em>.\",\"perma_option\":\"off\",\"referrer_track\":\"\"},\"xing\":{\"status\":\"on\",\"txt_info\":\"2 Klicks f\\u00fcr mehr Datenschutz: Erst wenn Sie hier klicken, wird der Button aktiv und Sie k\\u00f6nnen Ihre Empfehlung an Xing senden. Schon beim Aktivieren werden Daten an Dritte \\u00fcbertragen - siehe <em>i<\\\/em>.\",\"perma_option\":\"off\",\"language\":\"de\",\"referrer_track\":\"\"},\"pinterest\":{\"status\":\"on\",\"the_excerpt\":\"Bild und Macht. Zeppelin-Fotografie im Fokus\",\"txt_info\":\"2 Klicks f\\u00fcr mehr Datenschutz: Erst wenn Sie hier klicken, wird der Button aktiv und Sie k\\u00f6nnen Ihre Empfehlung an Pinterest senden. Schon beim Aktivieren werden Daten an Dritte \\u00fcbertragen - siehe <em>i<\\\/em>.\",\"perma_option\":\"off\",\"media\":\"http:\\\/\\\/see-infos.de\\\/wp-content\\\/uploads\\\/2025\\\/05\\\/2025-02-18-15.29.11.jpg\"},\"linkedin\":{\"status\":\"on\",\"txt_info\":\"2 Klicks f\\u00fcr mehr Datenschutz: Erst wenn Sie hier klicken, wird der Button aktiv und Sie k\\u00f6nnen Ihre Empfehlung an LinkedIn senden. Schon beim Aktivieren werden Daten an Dritte \\u00fcbertragen - siehe <em>i<\\\/em>.\",\"perma_option\":\"off\"}},\"txt_help\":\"Wenn Sie diese Felder durch einen Klick aktivieren, werden Informationen an Facebook, Twitter, Flattr, Xing, t3n, LinkedIn, Pinterest oder Google eventuell ins Ausland \\u00fcbertragen und unter Umst\\u00e4nden auch dort gespeichert. N\\u00e4heres erfahren Sie durch einen Klick auf das <em>i<\\\/em>.\",\"settings_perma\":\"Dauerhaft aktivieren und Daten\\u00fcber-tragung zustimmen:\",\"info_link\":\"http:\\\/\\\/www.heise.de\\\/ct\\\/artikel\\\/2-Klicks-fuer-mehr-Datenschutz-1333879.html\",\"uri\":\"http:\\\/\\\/see-infos.de\\\/?p=26872\",\"post_id\":26872,\"post_title_referrer_track\":\"Bild+und+Macht.+Zeppelin-Fotografie+im+Fokus\",\"display_infobox\":\"on\"});}});\n\/* ]]> *\/<\/script><\/div>","protected":false},"excerpt":{"rendered":"<p>#zeppelinmuseum Wie transportieren Bilder Macht? Wie tragen sie zur Konstruktion von Geschichte bei? Wie werden sie manipuliert? Wann werden sie zu Propaganda? Anl\u00e4sslich des 125. Jubil\u00e4ums des ersten Aufstiegs eines Zeppelin-Luftschiffs er\u00f6ffnet das Zeppelin Museum die Ausstellung: Bild und Macht. Zeppelin-Fotografie im Fokus. Vom 6. Juni 2025 bis zum 12. April 2026 beleuchtet sie erstmals [&hellip;]<\/p>\n","protected":false},"author":1,"featured_media":26873,"comment_status":"closed","ping_status":"closed","sticky":false,"template":"","format":"standard","meta":[],"categories":[1,7],"tags":[23,20],"_links":{"self":[{"href":"http:\/\/see-infos.de\/index.php?rest_route=\/wp\/v2\/posts\/26872"}],"collection":[{"href":"http:\/\/see-infos.de\/index.php?rest_route=\/wp\/v2\/posts"}],"about":[{"href":"http:\/\/see-infos.de\/index.php?rest_route=\/wp\/v2\/types\/post"}],"author":[{"embeddable":true,"href":"http:\/\/see-infos.de\/index.php?rest_route=\/wp\/v2\/users\/1"}],"replies":[{"embeddable":true,"href":"http:\/\/see-infos.de\/index.php?rest_route=%2Fwp%2Fv2%2Fcomments&post=26872"}],"version-history":[{"count":0,"href":"http:\/\/see-infos.de\/index.php?rest_route=\/wp\/v2\/posts\/26872\/revisions"}],"wp:featuredmedia":[{"embeddable":true,"href":"http:\/\/see-infos.de\/index.php?rest_route=\/wp\/v2\/media\/26873"}],"wp:attachment":[{"href":"http:\/\/see-infos.de\/index.php?rest_route=%2Fwp%2Fv2%2Fmedia&parent=26872"}],"wp:term":[{"taxonomy":"category","embeddable":true,"href":"http:\/\/see-infos.de\/index.php?rest_route=%2Fwp%2Fv2%2Fcategories&post=26872"},{"taxonomy":"post_tag","embeddable":true,"href":"http:\/\/see-infos.de\/index.php?rest_route=%2Fwp%2Fv2%2Ftags&post=26872"}],"curies":[{"name":"wp","href":"https:\/\/api.w.org\/{rel}","templated":true}]}}