{"id":26571,"date":"2024-12-29T06:45:51","date_gmt":"2024-12-29T05:45:51","guid":{"rendered":"http:\/\/see-infos.de\/?p=26571"},"modified":"2024-12-12T16:54:01","modified_gmt":"2024-12-12T15:54:01","slug":"wincent-weiss-in-salem","status":"publish","type":"post","link":"http:\/\/see-infos.de\/?p=26571","title":{"rendered":"Wincent Weiss in Salem!"},"content":{"rendered":"<p>#salem #allg\u00e4uconcerts<\/p>\n<p><strong>Wincent Weiss geht 2025 wieder auf Sommertour! Auf zahlreichen Open Airs werden der S\u00e4nger und Songwriter und seine Band mit einer energiegeladenen Show und Hits wie \u201eMusik Sein\u201c, \u201eFeuerwerk\u201c oder \u201eWer wenn nicht wir\u201c wieder f\u00fcr unvergessliche Sommerabende sorgen.<\/strong><\/p>\n<p>\u201eIrgendwo Ankommen\u201c, sein letztes Album, ist das Resultat einer langen Reise, hin zu sich selbst. Denn in den letzten acht Jahren ist Wincent durch die unterschiedlichsten Phasen gegangen \u2013 f\u00fchlbar im Kreis der Konzertbesucher:innen, z\u00e4hlbar in \u00fcber einer Million monatlicher H\u00f6rer:innen bei Spotify, 1.000.000 Follower:innen bei Instagram. In 600 Millionen Audio-Streams, \u00fcber 130 Millionen Video-Views und 340.000 Abonnent:innen des eigenen YouTube-Kanals. Top-10-Platzierungen und zigtausend Plays in den Radio-Airplay-Charts, Top-3-Platzierungen in den offiziellen Verkaufscharts. Greifbar in vielen Platin- und Gold-Auszeichnungen f\u00fcr die letzten Singles und Alben. In Form von Awards, wie dem ECHO, einem MTV Music Award, einem Radio Regenbogen Award, der \u201eGoldenen Henne\u201c, dem Audi Generation Award und der \u201eGoldenen Kamera\u201c (Best Music Act).<\/p>\n<div id=\"attachment_26572\" style=\"width: 610px\" class=\"wp-caption alignleft\"><img aria-describedby=\"caption-attachment-26572\" loading=\"lazy\" src=\"http:\/\/see-infos.de\/wp-content\/uploads\/2024\/12\/DS302096_Radiant-001.jpg\" alt=\"\" width=\"600\" height=\"401\" class=\"size-full wp-image-26572\" srcset=\"http:\/\/see-infos.de\/wp-content\/uploads\/2024\/12\/DS302096_Radiant-001.jpg 600w, http:\/\/see-infos.de\/wp-content\/uploads\/2024\/12\/DS302096_Radiant-001-300x201.jpg 300w\" sizes=\"(max-width: 600px) 100vw, 600px\" \/><p id=\"caption-attachment-26572\" class=\"wp-caption-text\">Wincent Weiss. Archiv See-Infos.de<\/p><\/div>\n<p>Auch wenn Anfang Dezember 2024 eine Re-Edition seines Weihnachtsalbums \u201eWincents Weisse Weihnachten\u201c erscheint, freut er sich doch gleichzeitig bereits auch auf den kommenden Sommer und die geplanten Open Air Shows:<\/p>\n<p>\u201eKonzerte sind f\u00fcr mich der sch\u00f6nste Ort der Welt. 2 Stunden alles vergessen und loslassen. Das kann nicht nur ich w\u00e4hrend der Konzerte, sondern das sehe ich auch in ganz vielen Gesichtern, wenn ich ins Publikum schaue. Ich liebe diese ausgelassene Stimmung auf Open Air-Konzerten. Was gibt\u2019s Sch\u00f6neres als an einem Sommerabend mit den besten Freunden oder der Familie auf einem Open Air zu den Lieblingsliedern zu tanzen und jede Zeile mitzusingen? Das ist f\u00fcr mich das Sch\u00f6nste am Sommer, egal ob vor oder auf der B\u00fchne!\u201c<\/p>\n<p>Am 27.07.2025 wird Wincent Weiss die B\u00fchne rocken, und am 08.08.2025 d\u00fcrfen wir niemand Geringeren als Rea Garvey begr\u00fc\u00dfen \u2013 mit dem gro\u00dfartigen Special Guest ClockClock!<\/p>\n<p>Quelle:<br \/>\nAllg\u00e4u Concerts GmbH<br \/>\nTicketshop: <a href=\"https:\/\/allgaeu-concerts.de\/\" rel=\"noopener noreferrer\" target=\"_blank\">https:\/\/allgaeu-concerts.de\/<\/a><\/p>\n<div class=\"twoclick_social_bookmarks_post_26571 social_share_privacy clearfix 1.6.4 locale-de_DE sprite-de_DE\"><\/div><div class=\"twoclick-js\"><script type=\"text\/javascript\">\/* <![CDATA[ *\/\njQuery(document).ready(function($){if($('.twoclick_social_bookmarks_post_26571')){$('.twoclick_social_bookmarks_post_26571').socialSharePrivacy({\"services\":{\"twitter\":{\"reply_to\":\"\",\"tweet_text\":\"Wincent%20Weiss%20in%20Salem%21%20%C2%BB%20See-Infos.de%20%23Allg%C3%A4u%20%23Salem\",\"status\":\"on\",\"txt_info\":\"2 Klicks f\\u00fcr mehr Datenschutz: Erst wenn Sie hier klicken, wird der Button aktiv und Sie k\\u00f6nnen Ihre Empfehlung an Twitter senden. Schon beim Aktivieren werden Daten an Dritte \\u00fcbertragen - siehe <em>i<\\\/em>.\",\"perma_option\":\"off\",\"language\":\"de\",\"referrer_track\":\"\"},\"gplus\":{\"status\":\"on\",\"txt_info\":\"2 Klicks f\\u00fcr mehr Datenschutz: Erst wenn Sie hier klicken, wird der Button aktiv und Sie k\\u00f6nnen Ihre Empfehlung an Google+ senden. Schon beim Aktivieren werden Daten an Dritte \\u00fcbertragen - siehe <em>i<\\\/em>.\",\"perma_option\":\"off\",\"referrer_track\":\"\"},\"xing\":{\"status\":\"on\",\"txt_info\":\"2 Klicks f\\u00fcr mehr Datenschutz: Erst wenn Sie hier klicken, wird der Button aktiv und Sie k\\u00f6nnen Ihre Empfehlung an Xing senden. Schon beim Aktivieren werden Daten an Dritte \\u00fcbertragen - siehe <em>i<\\\/em>.\",\"perma_option\":\"off\",\"language\":\"de\",\"referrer_track\":\"\"},\"pinterest\":{\"status\":\"on\",\"the_excerpt\":\"Wincent Weiss in Salem!\",\"txt_info\":\"2 Klicks f\\u00fcr mehr Datenschutz: Erst wenn Sie hier klicken, wird der Button aktiv und Sie k\\u00f6nnen Ihre Empfehlung an Pinterest senden. Schon beim Aktivieren werden Daten an Dritte \\u00fcbertragen - siehe <em>i<\\\/em>.\",\"perma_option\":\"off\",\"media\":\"http:\\\/\\\/see-infos.de\\\/wp-content\\\/uploads\\\/2024\\\/12\\\/DS302096_Radiant-001.jpg\"},\"linkedin\":{\"status\":\"on\",\"txt_info\":\"2 Klicks f\\u00fcr mehr Datenschutz: Erst wenn Sie hier klicken, wird der Button aktiv und Sie k\\u00f6nnen Ihre Empfehlung an LinkedIn senden. Schon beim Aktivieren werden Daten an Dritte \\u00fcbertragen - siehe <em>i<\\\/em>.\",\"perma_option\":\"off\"}},\"txt_help\":\"Wenn Sie diese Felder durch einen Klick aktivieren, werden Informationen an Facebook, Twitter, Flattr, Xing, t3n, LinkedIn, Pinterest oder Google eventuell ins Ausland \\u00fcbertragen und unter Umst\\u00e4nden auch dort gespeichert. N\\u00e4heres erfahren Sie durch einen Klick auf das <em>i<\\\/em>.\",\"settings_perma\":\"Dauerhaft aktivieren und Daten\\u00fcber-tragung zustimmen:\",\"info_link\":\"http:\\\/\\\/www.heise.de\\\/ct\\\/artikel\\\/2-Klicks-fuer-mehr-Datenschutz-1333879.html\",\"uri\":\"http:\\\/\\\/see-infos.de\\\/?p=26571\",\"post_id\":26571,\"post_title_referrer_track\":\"Wincent+Weiss+in+Salem%21\",\"display_infobox\":\"on\"});}});\n\/* ]]> *\/<\/script><\/div>","protected":false},"excerpt":{"rendered":"<p>#salem #allg\u00e4uconcerts Wincent Weiss geht 2025 wieder auf Sommertour! Auf zahlreichen Open Airs werden der S\u00e4nger und Songwriter und seine Band mit einer energiegeladenen Show und Hits wie \u201eMusik Sein\u201c, \u201eFeuerwerk\u201c oder \u201eWer wenn nicht wir\u201c wieder f\u00fcr unvergessliche Sommerabende sorgen. \u201eIrgendwo Ankommen\u201c, sein letztes Album, ist das Resultat einer langen Reise, hin zu sich [&hellip;]<\/p>\n","protected":false},"author":1,"featured_media":26572,"comment_status":"closed","ping_status":"closed","sticky":false,"template":"","format":"standard","meta":[],"categories":[1,7],"tags":[120,64],"_links":{"self":[{"href":"http:\/\/see-infos.de\/index.php?rest_route=\/wp\/v2\/posts\/26571"}],"collection":[{"href":"http:\/\/see-infos.de\/index.php?rest_route=\/wp\/v2\/posts"}],"about":[{"href":"http:\/\/see-infos.de\/index.php?rest_route=\/wp\/v2\/types\/post"}],"author":[{"embeddable":true,"href":"http:\/\/see-infos.de\/index.php?rest_route=\/wp\/v2\/users\/1"}],"replies":[{"embeddable":true,"href":"http:\/\/see-infos.de\/index.php?rest_route=%2Fwp%2Fv2%2Fcomments&post=26571"}],"version-history":[{"count":0,"href":"http:\/\/see-infos.de\/index.php?rest_route=\/wp\/v2\/posts\/26571\/revisions"}],"wp:featuredmedia":[{"embeddable":true,"href":"http:\/\/see-infos.de\/index.php?rest_route=\/wp\/v2\/media\/26572"}],"wp:attachment":[{"href":"http:\/\/see-infos.de\/index.php?rest_route=%2Fwp%2Fv2%2Fmedia&parent=26571"}],"wp:term":[{"taxonomy":"category","embeddable":true,"href":"http:\/\/see-infos.de\/index.php?rest_route=%2Fwp%2Fv2%2Fcategories&post=26571"},{"taxonomy":"post_tag","embeddable":true,"href":"http:\/\/see-infos.de\/index.php?rest_route=%2Fwp%2Fv2%2Ftags&post=26571"}],"curies":[{"name":"wp","href":"https:\/\/api.w.org\/{rel}","templated":true}]}}