{"id":26497,"date":"2024-12-11T07:58:51","date_gmt":"2024-12-11T06:58:51","guid":{"rendered":"http:\/\/see-infos.de\/?p=26497"},"modified":"2024-12-02T13:08:06","modified_gmt":"2024-12-02T12:08:06","slug":"imperia-statue-unter-denkmalschutz","status":"publish","type":"post","link":"http:\/\/see-infos.de\/?p=26497","title":{"rendered":"Imperia-Statue unter Denkmalschutz"},"content":{"rendered":"<p>#konstanz #imperia<\/p>\n<p>Mit dem Konstanzer Wahrzeichen steht neues junges Kulturdenkmal unter Denkmalschutz<\/p>\n<p><strong>Die Imperia-Statue im Hafen von Konstanz ist eines der meist fotografierten Motive der Bodenseeregion und international bekannt. Seit August 2024 steht sie nun offiziell als Kulturdenkmal unter Denkmalschutz. \u201eDie Imperia ist nicht nur ein Wahrzeichen unserer Stadt, sondern auch ein Symbol f\u00fcr ihre weitzur\u00fcckreichende, bewegte Geschichte. Sie erinnert uns an das Konzil von Konstanz. Sich zentral am Hafen drehend, zieht die Skulptur von Bildhauer Peter Lenk j\u00e4hrlich zahlreiche G\u00e4ste an. 2023 feierte die Imperia ihren 30. Geburtstag und 2024 gibt es mit der Ausweisung der Hafenfigur als Kulturdenkmal erneut Anlass zur Freude!\u201c, so Oberb\u00fcrgermeister Uli Burchardt. <\/strong><\/p>\n<p>Die 1993 aufgestellte Imperia wurde von Bildhauer Peter Lenk im Auftrag des Fremdenverkehrsvereins Konstanz geschaffen. Die neun Meter hohe, 18 Tonnen schwere Betongussfigur wirkt durch ihren Standort am seeseitigen Ende der Hafenmole weit in den See hinein. Sie ist erh\u00f6ht auf einem polygonalen Sockel, dem Rest eines alten Leuchtturms, aufgestellt. Auf einem Rundtisch stehend, dreht sich die Betonfigur innerhalb von vier Minuten einmal um die eigene Achse. \u201eMit der Imperia wird ein bekanntes Wahrzeichen am Bodensee nun als junges Kulturdenkmal gew\u00fcrdigt. Sie besitzt eine hohe Aussagekraft f\u00fcr das an historischen Bez\u00fcgen reiche Kunstschaffen der Postmoderne\u201c, h\u00e4lt Prof. Dr. Claus Wolf, Pr\u00e4sident des Landesamtes f\u00fcr Denkmalpflege im Regierungspr\u00e4sidium Stuttgart, fest.<\/p>\n<p><strong>Der Weg zum Kulturdenkmal<\/strong><br \/>\nWarum wurde die Imperia auf eine Denkmaleigenschaft hin gepr\u00fcft? Anlass war zum einen die Erstellung des denkmalpflegerischen Werteplans durch die Denkmalpflege der Stadt Konstanz, geleitet von Frank Mienhardt, und in Zusammenarbeit mit dem Landesamt f\u00fcr Denkmalpflege im Regierungspr\u00e4sidium Stuttgart. Der Werteplan wird aktuell f\u00fcr die Konstanzer Altstadt und f\u00fcr den als Gesamtheit bereits denkmalgesch\u00fctzten Hafen erarbeitet. In einem Ortstermin hat Mienhardt auch konkret die Pr\u00fcfung der Imperia auf den Status als Kulturdenkmal angeregt. Daraufhin hat sich Dr. Folkhard Cremer vom Landesamt f\u00fcr Denkmalpflege intensiv mit der Statue befasst. \u201eDie Konstanzer Imperia ist ein Meisterwerk postmodern-ironischer Brechungen von realer Geschichte und Geschichtsfiktion. Die Statue der Kurtisane aus einer Erz\u00e4hlung Balzacs vereinigt in sich Elemente vom Typus der minoische Schlangen- und Fruchtbarkeitsg\u00f6ttin mit erhobenen, ausgestreckten Armen und entbl\u00f6\u00dftem Oberk\u00f6rper. W\u00e4hrend die am atlantischen Weltmeer aufgestellte New Yorker Columbia die politische Freiheit der liberalen Demokratie garantiert, steht die Imperia am kleinen innereurop\u00e4ischen Binnenmeer, dem Bodensee, f\u00fcr die Freiheit nat\u00fcrlicher Liebe oder wenigstens die Sehnsucht danach\u201c, erkl\u00e4rt Dr. Folkhard Cremer vom Landesamt f\u00fcr Denkmalpflege. <\/p>\n<p>Ein weiterer Anlass zur Pr\u00fcfung der Imperia war der Tag des offenen Denkmals 2024. Er steht in diesem Jahr deutschlandweit unter dem Motto \u201eWahr-Zeichen. Zeitzeugen der Geschichte\u201c. Auch die Stadt Konstanz wird zu diesem Anlass wieder zu Veranstaltungen einladen \u2013 im Speziellen auch zur Figur der Imperia. Die Imperia entwickelte sich seit ihrer Aufstellung zu einem der st\u00e4dtischen Wahrzeichen mit hoher Identifikationswirkung f\u00fcr die Bev\u00f6lkerung und mit regionaler Bedeutung f\u00fcr den Tourismus am Bodensee. Auch dieser Aspekt begr\u00fcndet die nun festgestellte Denkmaleigenschaft. <\/p>\n<div id=\"attachment_26498\" style=\"width: 610px\" class=\"wp-caption alignleft\"><img aria-describedby=\"caption-attachment-26498\" loading=\"lazy\" src=\"http:\/\/see-infos.de\/wp-content\/uploads\/2024\/12\/2021-11-12-Imperia.jpg\" alt=\"\" width=\"600\" height=\"799\" class=\"size-full wp-image-26498\" srcset=\"http:\/\/see-infos.de\/wp-content\/uploads\/2024\/12\/2021-11-12-Imperia.jpg 600w, http:\/\/see-infos.de\/wp-content\/uploads\/2024\/12\/2021-11-12-Imperia-225x300.jpg 225w, http:\/\/see-infos.de\/wp-content\/uploads\/2024\/12\/2021-11-12-Imperia-451x600.jpg 451w\" sizes=\"(max-width: 600px) 100vw, 600px\" \/><p id=\"caption-attachment-26498\" class=\"wp-caption-text\">Imperia-Statue unter Denkmalschutz<\/p><\/div>\n<p>Die Erfassung von Kulturdenkmalen erfolgt durch das Landesamt f\u00fcr Denkmalpflege und ist ein fortlaufender Prozess. Das Landesamt f\u00fcr Denkmalpflege wendet sich derzeit vermehrt jungen Objekten der 1980er\/90er Jahre zu. \u201eWir freuen uns, dass mit der Imperia ein Baustein der Postmoderne innerhalb des bis ins Sp\u00e4tmittelalter zur\u00fcckreichenden Hafenensembles Eingang in die Denkmalliste gefunden hat, bezogen auf Konstanz als bislang j\u00fcngstes Objekt \u00fcberhaupt. Darin dr\u00fcckt sich zugleich eine Wertsch\u00e4tzung des Werks von Peter Lenk aus, der die Kulturlandschaft des Bodensees mit seiner k\u00fcnstlerisch-ironischen R\u00fcckschau auf lokalgeschichtliche Ereignisse seit vielen Jahren bereichert\u201c, so Frank Mienhardt von der st\u00e4dtischen Denkmalpflege.<\/p>\n<p><strong>Die Figur der Imperia<\/strong><br \/>\nDie Imperia ist eine aufreizend gekleidete Frauengestalt, die in ihren H\u00e4nden zwei kleine, nackte Greise tr\u00e4gt: Den Kaiser mit Krone und Reichsapfel sowie den Papst mit Tiara. Die literarische Figur der Imperia ist der Erz\u00e4hlung \u201eLa belle Imp\u00e9ria\u201c von Honor\u00e9 de Balzac entnommen. In Balzacs Erz\u00e4hlung agiert Imperia als Kurtisane w\u00e4hrend des Konstanzer Konzils, das 1414 bis 1418 stattfand. Mit ihrer Sch\u00f6nheit zog sie die weltlichen wie die geistlichen Herrscher in ihren Bann. Die Figur im Konstanzer Hafen zeigt eine eigene, von ikonographischen Darstellungen zu Balzacs Erz\u00e4hlung unabh\u00e4ngige Motivik. Aus dem Kopfschmuck der Imperia w\u00e4chst eine Art Narrenkappe mit Schellen. Imperia gibt sich damit als karnevaleske Narrenfigur zu erkennen, die der Welt den Spiegel vorh\u00e4lt. Mit ihren Setzungen zu Themen der bem\u00e4chtigten Weiblichkeit einerseits und der sowohl gegenst\u00e4ndlichen wie auch karikierenden k\u00fcnstlerischen Ausdrucksweise andererseits greift die Figur Inhalte aus verschiedenen Kunstbewegungen seit den 1960er Jahren auf. Lenks stilistische Mittel erinnern in ihrer burlesken Gestaltungsweise stark an den n\u00e4rrischen Umgang mit Politik und Geschichte bei Fasnacht- oder Karnevalsveranstaltungen. Zeittypisch sind die postmodern-ironischen Brechungen von realer Geschichte und Geschichtsfiktion \u2013 hier im Medium der darstellenden Kunst. <\/p>\n<p><strong>Zur Geschichte der Konstanzer Hafenstatue<\/strong><br \/>\nDie Platzierung auf dem sich damals im Eigentum der Bundesbahn befindlichen Pegelturm erm\u00f6glichten die Bodensee-Schiffsbetriebe. Das Projekt war vor Ort nicht unumstritten. \u00d6ffentliche Aufmerksamkeit erreichte die Imperia durch ihre inszenierte Aufstellung: in einer Nacht- und Nebel-Aktion seeseitig antransportiert, montiert und anschlie\u00dfend verh\u00fcllt, gipfelte der Einweihungsakt am 24. April 1993 in einer Enth\u00fcllung der Imperia vor den Augen mehrerer tausend Menschen.<\/p>\n<div class=\"twoclick_social_bookmarks_post_26497 social_share_privacy clearfix 1.6.4 locale-de_DE sprite-de_DE\"><\/div><div class=\"twoclick-js\"><script type=\"text\/javascript\">\/* <![CDATA[ *\/\njQuery(document).ready(function($){if($('.twoclick_social_bookmarks_post_26497')){$('.twoclick_social_bookmarks_post_26497').socialSharePrivacy({\"services\":{\"twitter\":{\"reply_to\":\"\",\"tweet_text\":\"Imperia-Statue%20unter%20Denkmalschutz%20%C2%BB%20See-Infos.de%20%23Konstanz\",\"status\":\"on\",\"txt_info\":\"2 Klicks f\\u00fcr mehr Datenschutz: Erst wenn Sie hier klicken, wird der Button aktiv und Sie k\\u00f6nnen Ihre Empfehlung an Twitter senden. Schon beim Aktivieren werden Daten an Dritte \\u00fcbertragen - siehe <em>i<\\\/em>.\",\"perma_option\":\"off\",\"language\":\"de\",\"referrer_track\":\"\"},\"gplus\":{\"status\":\"on\",\"txt_info\":\"2 Klicks f\\u00fcr mehr Datenschutz: Erst wenn Sie hier klicken, wird der Button aktiv und Sie k\\u00f6nnen Ihre Empfehlung an Google+ senden. Schon beim Aktivieren werden Daten an Dritte \\u00fcbertragen - siehe <em>i<\\\/em>.\",\"perma_option\":\"off\",\"referrer_track\":\"\"},\"xing\":{\"status\":\"on\",\"txt_info\":\"2 Klicks f\\u00fcr mehr Datenschutz: Erst wenn Sie hier klicken, wird der Button aktiv und Sie k\\u00f6nnen Ihre Empfehlung an Xing senden. Schon beim Aktivieren werden Daten an Dritte \\u00fcbertragen - siehe <em>i<\\\/em>.\",\"perma_option\":\"off\",\"language\":\"de\",\"referrer_track\":\"\"},\"pinterest\":{\"status\":\"on\",\"the_excerpt\":\"Imperia-Statue unter Denkmalschutz\",\"txt_info\":\"2 Klicks f\\u00fcr mehr Datenschutz: Erst wenn Sie hier klicken, wird der Button aktiv und Sie k\\u00f6nnen Ihre Empfehlung an Pinterest senden. Schon beim Aktivieren werden Daten an Dritte \\u00fcbertragen - siehe <em>i<\\\/em>.\",\"perma_option\":\"off\",\"media\":\"http:\\\/\\\/see-infos.de\\\/wp-content\\\/uploads\\\/2024\\\/12\\\/2021-11-12-Imperia.jpg\"},\"linkedin\":{\"status\":\"on\",\"txt_info\":\"2 Klicks f\\u00fcr mehr Datenschutz: Erst wenn Sie hier klicken, wird der Button aktiv und Sie k\\u00f6nnen Ihre Empfehlung an LinkedIn senden. Schon beim Aktivieren werden Daten an Dritte \\u00fcbertragen - siehe <em>i<\\\/em>.\",\"perma_option\":\"off\"}},\"txt_help\":\"Wenn Sie diese Felder durch einen Klick aktivieren, werden Informationen an Facebook, Twitter, Flattr, Xing, t3n, LinkedIn, Pinterest oder Google eventuell ins Ausland \\u00fcbertragen und unter Umst\\u00e4nden auch dort gespeichert. N\\u00e4heres erfahren Sie durch einen Klick auf das <em>i<\\\/em>.\",\"settings_perma\":\"Dauerhaft aktivieren und Daten\\u00fcber-tragung zustimmen:\",\"info_link\":\"http:\\\/\\\/www.heise.de\\\/ct\\\/artikel\\\/2-Klicks-fuer-mehr-Datenschutz-1333879.html\",\"uri\":\"http:\\\/\\\/see-infos.de\\\/?p=26497\",\"post_id\":26497,\"post_title_referrer_track\":\"Imperia-Statue+unter+Denkmalschutz\",\"display_infobox\":\"on\"});}});\n\/* ]]> *\/<\/script><\/div>","protected":false},"excerpt":{"rendered":"<p>#konstanz #imperia Mit dem Konstanzer Wahrzeichen steht neues junges Kulturdenkmal unter Denkmalschutz Die Imperia-Statue im Hafen von Konstanz ist eines der meist fotografierten Motive der Bodenseeregion und international bekannt. Seit August 2024 steht sie nun offiziell als Kulturdenkmal unter Denkmalschutz. \u201eDie Imperia ist nicht nur ein Wahrzeichen unserer Stadt, sondern auch ein Symbol f\u00fcr ihre [&hellip;]<\/p>\n","protected":false},"author":1,"featured_media":26498,"comment_status":"closed","ping_status":"closed","sticky":false,"template":"","format":"standard","meta":[],"categories":[1,7],"tags":[31],"_links":{"self":[{"href":"http:\/\/see-infos.de\/index.php?rest_route=\/wp\/v2\/posts\/26497"}],"collection":[{"href":"http:\/\/see-infos.de\/index.php?rest_route=\/wp\/v2\/posts"}],"about":[{"href":"http:\/\/see-infos.de\/index.php?rest_route=\/wp\/v2\/types\/post"}],"author":[{"embeddable":true,"href":"http:\/\/see-infos.de\/index.php?rest_route=\/wp\/v2\/users\/1"}],"replies":[{"embeddable":true,"href":"http:\/\/see-infos.de\/index.php?rest_route=%2Fwp%2Fv2%2Fcomments&post=26497"}],"version-history":[{"count":0,"href":"http:\/\/see-infos.de\/index.php?rest_route=\/wp\/v2\/posts\/26497\/revisions"}],"wp:featuredmedia":[{"embeddable":true,"href":"http:\/\/see-infos.de\/index.php?rest_route=\/wp\/v2\/media\/26498"}],"wp:attachment":[{"href":"http:\/\/see-infos.de\/index.php?rest_route=%2Fwp%2Fv2%2Fmedia&parent=26497"}],"wp:term":[{"taxonomy":"category","embeddable":true,"href":"http:\/\/see-infos.de\/index.php?rest_route=%2Fwp%2Fv2%2Fcategories&post=26497"},{"taxonomy":"post_tag","embeddable":true,"href":"http:\/\/see-infos.de\/index.php?rest_route=%2Fwp%2Fv2%2Ftags&post=26497"}],"curies":[{"name":"wp","href":"https:\/\/api.w.org\/{rel}","templated":true}]}}