{"id":25929,"date":"2023-12-25T07:30:10","date_gmt":"2023-12-25T06:30:10","guid":{"rendered":"http:\/\/see-infos.de\/?p=25929"},"modified":"2025-03-10T18:06:10","modified_gmt":"2025-03-10T17:06:10","slug":"heuneburg-stadt-pyrene-mit-schwung-aktionstagen-festen-und-vielem-mehr-in-die-neue-saison-2024","status":"publish","type":"post","link":"http:\/\/see-infos.de\/?p=25929","title":{"rendered":"Heuneburg \u2013 Stadt Pyrene: Mit Schwung, Aktionstagen, Festen und vielem mehr in die neue Saison 2024"},"content":{"rendered":"<p>#Heuneburg #ssg<\/p>\n<p><strong>Die Heuneburg \u2013 Stadt Pyrene startet am Karfreitag, 29. M\u00e4rz, in die neue Saison: Das Tor der keltischen H\u00f6hensiedlung steht dienstags bis sonntags sowie an Feiertagen von 10.00 bis 17.00 Uhr offen. Gleich am Er\u00f6ffnungswochenende d\u00fcrfen sich die G\u00e4ste auf ein spezielles Osterprogramm freuen. Zus\u00e4tzlich locken weitere Angebote das ganze Jahr \u00fcber auf die Heuneburg: Eine neue Ausstellung, Familientage, ein Handwerkertag, ein Feuer- und ein Keltenfest sowie eine spannende Vortragsreihe zu den Highlights des Keltenlandes werden geboten. <\/strong><\/p>\n<p><strong>BEW\u00c4HRTE PUBLIKUMSLIEBLINGE UND NEUES<\/strong><br \/>\nAls das antike Rom noch eine unbedeutende Stadt am Tiber war, hatte die Heuneburg Stadt Pyrene ihre Bl\u00fctezeit: Die keltische H\u00f6hensiedlung ist die \u00e4lteste Stadt n\u00f6rdlich der Alpen. Heute ist die einstige Handelsmetropole eine der wichtigsten Keltenfundst\u00e4tten in Europa. 2024 bieten die Staatlichen Schl\u00f6sser und G\u00e4rten Baden-W\u00fcrttemberg wieder ein buntes Programm auf dem Plateau oberhalb der Donau. Am Karfreitag, 29. M\u00e4rz, startet die neue Saison. \u201eWir wollen unterschiedliche Zielgruppen ansprechen\u201c, erkl\u00e4rt Joachim Moll, Leiter der Klosterverwaltung Wiblingen \/ Schussenried, in dessen Verantwortungsbereich auch die Heuneburg f\u00e4llt. Er erg\u00e4nzt: \u201eDabei bauen wir auf die Erfahrungen der letzten Jahre: So kehren bew\u00e4hrte Publikumslieblinge zur\u00fcck. Aber auch Neues wird ausprobiert.\u201c Mehrere Aktionstage, eine Vortragsreihe, eine neue Ausstellung und Feste versprechen spannende und erlebnisreiche Momente auf der Heuneburg \u2013 der Auftakt findet an Ostern statt.<\/p>\n<p><strong>OSTERN UND PFINGSTEN<\/strong><br \/>\nBeim \u201eOsterfest\u201c am Ostersonntag, 31. M\u00e4rz, und am Ostermontag, 1. April, warten F\u00fchrungs- und Mitmachangebote auf die Besucherinnen und Besucher. Die Zeit der Kelten auf der Heuneburg wird dabei zum Leben erweckt. F\u00fcr die j\u00fcngeren G\u00e4ste werden zudem Aktionen zum Osterei angeboten: An beiden Tagen geht es f\u00fcr Familien um 13.00 Uhr auf Entdeckungsrundgang. Auf dem Plateau k\u00f6nnen sich Kinder auf die Suche nach Ostereiern begeben. Im Bastelmobil k\u00f6nnen die kleinen G\u00e4ste ihrer Fantasie freien Lauf lassen \u2013 etwa beim Basteln bunter Osterdeko oder beim Eierf\u00e4rben mit Naturmaterialien. An den Pfingstfeiertagen, am 19. und 20. Mai, gibt es ein buntes Programm f\u00fcr Familien: Bei Sonderf\u00fchrungen lauschen sie der Keltin Ida und lernen mehr \u00fcber die ehemaligen Bewohnerinnen und Bewohner der Heuneburg \u2013 Stadt Pyrene. Mitmachangebote \u2013 wie etwa F\u00e4rben von Wolle und T\u00fcchern, Formen von Lehmfiguren, Verarbeitung von Getreide sowie Bogenschie\u00dfen \u2013 machen den Tag perfekt. Am Pfingstmontag geht es in die Seifenblasenwerkstatt, die Kinderaugen gro\u00df werden l\u00e4sst. Au\u00dferdem gibt es spezielle Angebote rund um das Thema Bienen: Die emsigen Helferinnen werden am Weltbienentag am 20. Mai gefeiert.<\/p>\n<p><strong>HANDWERKSKUNST, BRONZEGUSS UND EINE BELIEBTE MAUS<\/strong><br \/>\nAm Sonntag, 9. Juni, hallen schwere Hammerschl\u00e4ge \u00fcber das weitl\u00e4ufige Plateau oberhalb der Donau. Beim Handwerkertag zeigen Ausstellerinnen und Aussteller, wie die Kelten vor 2.500 Jahren lebten und arbeiteten. Dabei kommen die Besucherinnen und Besucher dem Handwerk ganz nah und k\u00f6nnen Schmied, Seiler, Filzer und Lehmbauer \u00fcber die Schulter schauen. Ein Bastelmobil und Mitmachangebote runden den Tag ab. Weitere H\u00f6hepunkte der Saison sind ein Bronzegusskurs am Samstag, 31. August, sowie der Aktionstag \u201eT\u00fcren auf mit der Maus\u201c am Tag der Deutschen Einheit, 3. Oktober. <\/p>\n<div id=\"attachment_25930\" style=\"width: 610px\" class=\"wp-caption alignleft\"><img aria-describedby=\"caption-attachment-25930\" loading=\"lazy\" src=\"http:\/\/see-infos.de\/wp-content\/uploads\/2024\/03\/66_herbertingen-heuneburg_feuerfest_foto-ssg-christoph-ulrich_KG1A8640_2600.jpg\" alt=\"\" width=\"600\" height=\"400\" class=\"size-full wp-image-25930\" srcset=\"http:\/\/see-infos.de\/wp-content\/uploads\/2024\/03\/66_herbertingen-heuneburg_feuerfest_foto-ssg-christoph-ulrich_KG1A8640_2600.jpg 600w, http:\/\/see-infos.de\/wp-content\/uploads\/2024\/03\/66_herbertingen-heuneburg_feuerfest_foto-ssg-christoph-ulrich_KG1A8640_2600-300x200.jpg 300w\" sizes=\"(max-width: 600px) 100vw, 600px\" \/><p id=\"caption-attachment-25930\" class=\"wp-caption-text\">Herbertingen -Heuneburg &#8211; Feuerfest. Foto SSG \/ Christoph Ulrich<\/p><\/div>\n<p><strong>FEUERFEST, KELTENFEST UND MUSIK<\/strong><br \/>\nMit dem Feuerfest am Samstag, 6. Juli, kehrt ein H\u00f6hepunkt des letzten Jahres zur\u00fcck: Tanz, Musik, Akrobatik und eine spektakul\u00e4re Feuershow garantieren einzigartige Erlebnisse f\u00fcr die Besucherinnen und Besucher. Erfrischende Drinks sorgen f\u00fcr Abk\u00fchlung, schw\u00e4bische Spezialit\u00e4ten lassen keinen Wunsch offen. Beim Keltenfest am Sonntag, 1. September, sind verschiedene Living-History-Gruppen auf der Heuneburg zu Gast: Kelten, R\u00f6mer und Gladiatoren lassen die Vergangenheit lebendig werden. F\u00fchrungen und Mitmachaktionen vervollst\u00e4ndigen das Angebot. In der neuen Saison gibt es au\u00dferdem zwei besondere Musikevents: Das Keltenquartett C\u00fal na Mara spielt am Samstag, 22. Juni, traditionelle Musik und eigene Kreationen. Brigitte Thaler und Band bringen am Sonntag, 11. August, Pop, Soul und Jazz zur H\u00f6hensiedlung. <\/p>\n<p><strong>AUSSTELLUNG UND VORTR\u00c4GE ZUR KELTENZEIT<\/strong><br \/>\nAb Sonntag, 14. April, ist bis zum Saisonende am 3. November eine neue Ausstellung zu den regul\u00e4ren \u00d6ffnungszeiten der Heuneburg im Herrenhaus zu sehen: \u201eBrandhei\u00df: Das \u2013 gef\u00e4hrliche \u2013 Spiel mit dem Feuer\u201c widmet sich dem w\u00e4rmenden Element. Die Ausstellung zeigt seine Geschichte und reicht vom ersten Lagerfeuer bis zur Nutzung im 21. Jahrhundert. Am Sonntag, 5. Mai, beginnt zudem eine Reihe mit Vortr\u00e4gen zu verschiedenen Highlights des Keltenlandes. Dabei beleuchten Fachleute wichtige Keltenst\u00e4tten in Baden-W\u00fcrttemberg und gew\u00e4hren Einblick in gegenw\u00e4rtige Projekte im Zuge der Keltenkonzeption. <\/p>\n<p>Quelle \/ Mehr Infos:<br \/>\nHeuneburg \u2013 Stadt Pyrene<br \/>\n<a href=\"http:\/\/www.heuneburg-pyrene.de\" rel=\"noopener noreferrer\" target=\"_blank\">www.heuneburg-pyrene.de<\/a><br \/>\n<a href=\"http:\/\/www.schloesser-und-gaerten.de\" rel=\"noopener noreferrer\" target=\"_blank\">www.schloesser-und-gaerten.de<\/a><\/p>\n<div class=\"twoclick_social_bookmarks_post_25929 social_share_privacy clearfix 1.6.4 locale-de_DE sprite-de_DE\"><\/div><div class=\"twoclick-js\"><script type=\"text\/javascript\">\/* <![CDATA[ *\/\njQuery(document).ready(function($){if($('.twoclick_social_bookmarks_post_25929')){$('.twoclick_social_bookmarks_post_25929').socialSharePrivacy({\"services\":{\"twitter\":{\"reply_to\":\"\",\"tweet_text\":\"%20Heuneburg%20%E2%80%93%20Stadt%20Pyrene%3A%20Mit%20Schwung%2C%20Aktionstagen%2C%20Festen%20und%20vielem%20...\",\"status\":\"on\",\"txt_info\":\"2 Klicks f\\u00fcr mehr Datenschutz: Erst wenn Sie hier klicken, wird der Button aktiv und Sie k\\u00f6nnen Ihre Empfehlung an Twitter senden. Schon beim Aktivieren werden Daten an Dritte \\u00fcbertragen - siehe <em>i<\\\/em>.\",\"perma_option\":\"off\",\"language\":\"de\",\"referrer_track\":\"\"},\"gplus\":{\"status\":\"on\",\"txt_info\":\"2 Klicks f\\u00fcr mehr Datenschutz: Erst wenn Sie hier klicken, wird der Button aktiv und Sie k\\u00f6nnen Ihre Empfehlung an Google+ senden. Schon beim Aktivieren werden Daten an Dritte \\u00fcbertragen - siehe <em>i<\\\/em>.\",\"perma_option\":\"off\",\"referrer_track\":\"\"},\"xing\":{\"status\":\"on\",\"txt_info\":\"2 Klicks f\\u00fcr mehr Datenschutz: Erst wenn Sie hier klicken, wird der Button aktiv und Sie k\\u00f6nnen Ihre Empfehlung an Xing senden. Schon beim Aktivieren werden Daten an Dritte \\u00fcbertragen - siehe <em>i<\\\/em>.\",\"perma_option\":\"off\",\"language\":\"de\",\"referrer_track\":\"\"},\"pinterest\":{\"status\":\"on\",\"the_excerpt\":\"Heuneburg \\u2013 Stadt Pyrene: Mit Schwung, Aktionstagen, Festen und vielem mehr in die neue Saison 2024\",\"txt_info\":\"2 Klicks f\\u00fcr mehr Datenschutz: Erst wenn Sie hier klicken, wird der Button aktiv und Sie k\\u00f6nnen Ihre Empfehlung an Pinterest senden. Schon beim Aktivieren werden Daten an Dritte \\u00fcbertragen - siehe <em>i<\\\/em>.\",\"perma_option\":\"off\",\"media\":\"http:\\\/\\\/see-infos.de\\\/wp-content\\\/uploads\\\/2024\\\/03\\\/66_herbertingen-heuneburg_feuerfest_foto-ssg-christoph-ulrich_KG1A8640_2600.jpg\"},\"linkedin\":{\"status\":\"on\",\"txt_info\":\"2 Klicks f\\u00fcr mehr Datenschutz: Erst wenn Sie hier klicken, wird der Button aktiv und Sie k\\u00f6nnen Ihre Empfehlung an LinkedIn senden. Schon beim Aktivieren werden Daten an Dritte \\u00fcbertragen - siehe <em>i<\\\/em>.\",\"perma_option\":\"off\"}},\"txt_help\":\"Wenn Sie diese Felder durch einen Klick aktivieren, werden Informationen an Facebook, Twitter, Flattr, Xing, t3n, LinkedIn, Pinterest oder Google eventuell ins Ausland \\u00fcbertragen und unter Umst\\u00e4nden auch dort gespeichert. N\\u00e4heres erfahren Sie durch einen Klick auf das <em>i<\\\/em>.\",\"settings_perma\":\"Dauerhaft aktivieren und Daten\\u00fcber-tragung zustimmen:\",\"info_link\":\"http:\\\/\\\/www.heise.de\\\/ct\\\/artikel\\\/2-Klicks-fuer-mehr-Datenschutz-1333879.html\",\"uri\":\"http:\\\/\\\/see-infos.de\\\/?p=25929\",\"post_id\":25929,\"post_title_referrer_track\":\"Heuneburg+%E2%80%93+Stadt+Pyrene%3A+Mit+Schwung%2C+Aktionstagen%2C+Festen+und+vielem+mehr+in+die+neue+Saison+2024\",\"display_infobox\":\"on\"});}});\n\/* ]]> *\/<\/script><\/div>","protected":false},"excerpt":{"rendered":"<p>#Heuneburg #ssg Die Heuneburg \u2013 Stadt Pyrene startet am Karfreitag, 29. M\u00e4rz, in die neue Saison: Das Tor der keltischen H\u00f6hensiedlung steht dienstags bis sonntags sowie an Feiertagen von 10.00 bis 17.00 Uhr offen. Gleich am Er\u00f6ffnungswochenende d\u00fcrfen sich die G\u00e4ste auf ein spezielles Osterprogramm freuen. Zus\u00e4tzlich locken weitere Angebote das ganze Jahr \u00fcber auf [&hellip;]<\/p>\n","protected":false},"author":1,"featured_media":25930,"comment_status":"closed","ping_status":"closed","sticky":false,"template":"","format":"standard","meta":[],"categories":[1,7],"tags":[158],"_links":{"self":[{"href":"http:\/\/see-infos.de\/index.php?rest_route=\/wp\/v2\/posts\/25929"}],"collection":[{"href":"http:\/\/see-infos.de\/index.php?rest_route=\/wp\/v2\/posts"}],"about":[{"href":"http:\/\/see-infos.de\/index.php?rest_route=\/wp\/v2\/types\/post"}],"author":[{"embeddable":true,"href":"http:\/\/see-infos.de\/index.php?rest_route=\/wp\/v2\/users\/1"}],"replies":[{"embeddable":true,"href":"http:\/\/see-infos.de\/index.php?rest_route=%2Fwp%2Fv2%2Fcomments&post=25929"}],"version-history":[{"count":0,"href":"http:\/\/see-infos.de\/index.php?rest_route=\/wp\/v2\/posts\/25929\/revisions"}],"wp:featuredmedia":[{"embeddable":true,"href":"http:\/\/see-infos.de\/index.php?rest_route=\/wp\/v2\/media\/25930"}],"wp:attachment":[{"href":"http:\/\/see-infos.de\/index.php?rest_route=%2Fwp%2Fv2%2Fmedia&parent=25929"}],"wp:term":[{"taxonomy":"category","embeddable":true,"href":"http:\/\/see-infos.de\/index.php?rest_route=%2Fwp%2Fv2%2Fcategories&post=25929"},{"taxonomy":"post_tag","embeddable":true,"href":"http:\/\/see-infos.de\/index.php?rest_route=%2Fwp%2Fv2%2Ftags&post=25929"}],"curies":[{"name":"wp","href":"https:\/\/api.w.org\/{rel}","templated":true}]}}