{"id":25854,"date":"2023-12-29T07:40:11","date_gmt":"2023-12-29T06:40:11","guid":{"rendered":"http:\/\/see-infos.de\/?p=25854"},"modified":"2025-03-10T17:57:35","modified_gmt":"2025-03-10T16:57:35","slug":"2024-ein-jahr-voller-entdeckungen-in-oberschwaben-allgaeu","status":"publish","type":"post","link":"http:\/\/see-infos.de\/?p=25854","title":{"rendered":"2024: Ein Jahr voller Entdeckungen in Oberschwaben-Allg\u00e4u"},"content":{"rendered":"<p>#oberschwaben<\/p>\n<p><strong>Gr\u00fcne H\u00fcgel und blaue Seen, lebendige St\u00e4dtchen und herzliche Menschen, Genussmomente in Gasth\u00e4usern und Hofl\u00e4den, artenreiche Natur und prachtvolle Barockkunst. Die Region Oberschwaben-Allg\u00e4u macht es einem wirklich leicht, sich in sie zu verlieben. Schon wer im neuen, reich bebilderten Magazin \u201eWeitblicke\u201c bl\u00e4ttert, kann sich ihrem Zauber kaum entziehen. Und mancher Anlass lockt 2024 zus\u00e4tzlich in die Region \u2013 von der Landesgartenschau in Wangen im Allg\u00e4u \u00fcber das Jubil\u00e4um \u201e300 Jahre Basilika Weingarten\u201c bis zu einer neuen Dauerausstellung zu j\u00fcdischem Leben in Laupheim, gestaltet vom Stuttgarter \u201eHaus der Geschichte\u201c. Aber lesen Sie selbst\u2026<\/strong><\/p>\n<p><strong>Neues Reisemagazin f\u00fcr Oberschwaben-Allg\u00e4u<\/strong><br \/>\nEin wahrer Augenschmaus ist das neue Reisemagazin \u201eWeitblicke\u201c f\u00fcr Oberschwaben-Allg\u00e4u: Es macht Lust, Land und Leute dieser wohltuenden, ehrlichen und bodenst\u00e4ndigen Region kennenzulernen. Mit gro\u00dfformatigen Bildern und liebevoll aufbereiteten Reportagen erz\u00e4hlt es die Geschichten von besonderen Menschen aus der Region und l\u00e4dt dazu ein, in die Sch\u00f6nheit ihrer Natur und die Vielfalt ihrer Freizeitangebote einzutauchen. Dazu geh\u00f6ren die typischen sattgr\u00fcnen H\u00fcgel, historische Altst\u00e4dte, malerische Landgemeinden, Gasth\u00e4user, Brauereien und die vielf\u00e4ltigen Erlebniswelten in Museen und Schl\u00f6ssern.  Au\u00dferdem entf\u00fchrt das Magazin in verwunschene Moor- und Badeseen, artenreiche Naturschutzgebiete und er\u00f6ffnet immer wieder den Blick auf die nahen Berge der Alpen oder ins Tal der hier noch jungen, wendigen Donau. Genussthemen, die Angebote der Thermenregion und Informationen zu den zertifizierten Radwegen und Premiumwanderwegen machen das neue Reisemagazin rund. Das Magazin \u201eWeitblicke\u201c kann bestellt werden bei Oberschwaben Tourismus, Neues Kloster 1, D-88427 Bad Schussenried, Tel. +49 (0)7583 926 38-0, info@oberschwaben-tourismus.de. Au\u00dferdem steht es zum Download auf <a href=\"http:\/\/www.oberschwaben-tourismus.de\" rel=\"noopener noreferrer\" target=\"_blank\">www.oberschwaben-tourismus.de<\/a> bereit.<\/p>\n<p><strong>Zum Schwelgen sch\u00f6n: BAROCKwoche 2024<\/strong><br \/>\nEs ist eine glanzvolle Epoche, die die Region Oberschwaben-Allg\u00e4u pr\u00e4gt. Wie schillernde Perlen einer Kette reihen sich die Bauten der Oberschw\u00e4bischen Barockstra\u00dfe aneinander. Es sind eindrucksvolle Kl\u00f6ster, prachtvoll stuckierte Kirchen und aufw\u00e4ndig verzierte Schlossbauten, die die Anziehungspunkte der ber\u00fchmten Ferienstra\u00dfe bilden. Eine besondere Gelegenheit, in die Zeit barocken \u00dcberschwangs einzutauchen, schafft in jedem Jahr die BAROCKwoche. Sie findet 2024 vom 10. bis 18. August statt. Historische Pers\u00f6nlichkeiten nehmen die Besucher dabei an die Hand und plaudern aus ihrem bewegten Leben, kulinarische Kostproben geben Einblicke in die Ess- und Trinkgewohnheiten der Zeit, T\u00fcren \u00f6ffnen sich in Rokokos\u00e4le und Kirchenr\u00e4ume und au\u00dfergew\u00f6hnliche Konzerte bringen die Zeit zum Klingen. Mehr Informationen unter: <a href=\"http:\/\/www.himmelreich-des-barock.de\" rel=\"noopener noreferrer\" target=\"_blank\">www.himmelreich-des-barock.de<\/a><\/p>\n<p><strong>164 Tage Blumenpracht in Wangen im Allg\u00e4u<\/strong><br \/>\nEine gro\u00dfe Gartenparty bereitet die Stadt Wangen im Allg\u00e4u mit der Landesgartenschau 2024 vor. Unter dem Motto &#8222;kunter, bunter, munter&#8220; \u00f6ffnet sie am 26. April 2024 ihre Tore und verspricht bis zum 6. Oktober 164 Tage Fre  ude an Blumen, G\u00e4rten, Parks und st\u00e4dtebaulichen Innovationen. Im Zentrum der Ausstellung steht der neue Argenpark, der die historische Altstadt mit dem ehemaligen Gel\u00e4nde der Weberei ERBA verbindet. Er bildet entlang des renaturierten Flusses ein gr\u00fcnes Band und erm\u00f6glicht vielf\u00e4ltige Zug\u00e4nge zum Wasser und \u2013 mit neuen Br\u00fccken \u2013 auch \u00dcberg\u00e4nge. Farbenfrohe Blumenmeere ziehen sich als bunte Streifen \u00fcber das Gartenschaugel\u00e4nde \u2013 wie fr\u00fcher die Muster und F\u00e4den der einstigen Weberei. Aktuelle Trends in Gartenbau und Floristik sind ebenso zu bestaunen wie zukunftsf\u00e4hige Schau- und Themeng\u00e4rten. Zahlreiche Feste, Vortr\u00e4ge, Workshops und Konzerte schaffen immer wieder neue Anl\u00e4sse, die Gartenschau zu besuchen. Weitere Informationen: <a href=\"http:\/\/www.lgswangen2024.de\" rel=\"noopener noreferrer\" target=\"_blank\">www.lgswangen2024.de<\/a><\/p>\n<p><strong>300 Jahre barocke Pracht in Weingarten<\/strong><br \/>\nDeutschlands gr\u00f6\u00dfte Barockkirche feiert in 2024 Geburtstag. Vor 300 Jahren, am 10. September 1724, wurde die barocke Basilika des Weingartener Benediktinerklosters mit einem pomp\u00f6sen Festakt geweiht. Seither gilt sie als \u201ePetersdom\u201c Oberschwabens, haben die Erbauer sich doch exakt an den Ma\u00dfen der r\u00f6mischen Mutterkirche orientiert. Stattliche 106 Meter L\u00e4nge misst das aufw\u00e4ndig dekorierte Kirchenschiff, damit ist sie halb so lang wie die Peterskirche in Rom. Die hoch aufragende und farbig ausgemalte Kuppel ist ganze 66 Meter hoch. Die auf einem Bergsporn thronende Kirche macht gestern wie heute den Glanz einer ganzen Epoche sp\u00fcrbar. Das Jubil\u00e4um \u201e300 Jahre Basilika Weingarten\u201c begehen das katholische Pfarramt St. Martin, die Stadt Weingarten und das Land Baden-W\u00fcrttemberg das ganze Jahr \u00fcber mit zahlreichen Veranstaltungen, so etwa F\u00fchrungen zu sonst verschlossenen Bereichen der Basilika, wie auf den Dachstuhl \u00fcber den Gew\u00f6lben. Einer der H\u00f6hepunkte wird das Theaterspektakel des \u201eWelfentheaters\u201c im Juni und Juli sein. Das Open-Air-Spiel findet traditionell auf dem Vorplatz der m\u00e4chtigen Basilika statt. In diesem Jahr dreht sich alles um den Bau des Gotteshauses. Wie ging es dabei zu? Wer war dabei? Hat man wirklich drei Millionen Ziegel verbaut? Bei der Festwoche vom 10. bis 15. September finden neben einem Festgottesdienst mit Orchester und Basilikachor, Vortr\u00e4ge, besondere F\u00fchrungen und eine au\u00dfergew\u00f6hnliche Lichtinszenierung des Au\u00dfenbaus statt. Mehr Informationen: <a href=\"http:\/\/www.oberschwaben-tourismus.de\/basilikajubilaeum\" rel=\"noopener noreferrer\" target=\"_blank\">www.oberschwaben-tourismus.de\/basilikajubilaeum<\/a><\/p>\n<p><strong>Neue Dauerausstellung \u201eJ\u00fcdische Beziehungsgeschichten\u201c in Laupheim<\/strong><br \/>\nIm Jahr 2024 feiert die Stadt Laupheim mit \u201e300 Jahre j\u00fcdisches Leben in Laupheim\u201c ein ganz besonderes Jubil\u00e4um. Aus diesem Anlass er\u00f6ffnet die Stadt am 24. Januar 2024 im Museum zur Geschichte von Christen und Juden die neue Dauerausstellung \u201eJ\u00fcdische Beziehungsgeschichten\u201c \u2013 konzipiert und realisiert vom Haus der Geschichte Baden-W\u00fcrttemberg. Im Jahr 1724 wurde zur Belebung der Wirtschaft Laupheims die Ansiedlung j\u00fcdischer Familien gef\u00f6rdert. Die j\u00fcdische Gemeinde wuchs bis zur Mitte des 19. Jahrhunderts zur gr\u00f6\u00dften im damaligen K\u00f6nigreich W\u00fcrttemberg an, die Geschichte der Stadt wurde ma\u00dfgeblich vom Zusammenleben der christlichen und j\u00fcdischen Bev\u00f6lkerung gepr\u00e4gt. Die neue Ausstellung zeigt auf, wie aus gemeinsamen Interessen und Zielen ein enges Beziehungsgeflecht zwischen Christen und Juden entstand, ohne dass Vorbehalte und Antisemitismus je ganz verschwanden. Sie blieben best\u00e4ndige St\u00f6rfaktoren in der gemeinsamen Geschichte und f\u00fchrten w\u00e4hrend des Nationalsozialismus zur Zerst\u00f6rung der christlich-j\u00fcdischen Stadtgesellschaft Laupheims. Szenografisch bietet die neue Dauerausstellung den Besuchern ein au\u00dfergew\u00f6hnliches Erlebnis. Dabei spielen Textilien f\u00fcr die Wissensvermittlung eine gro\u00dfe Rolle. Das Material tr\u00e4gt zum Verst\u00e4ndnis bei, wie Beziehungen zwischen Menschen entstehen und gelebt werden. Es erm\u00f6glicht, Lebenslinien nachzuvollziehen und hilft, Inhalte miteinander zu verkn\u00fcpfen. Und es macht sichtbar, wie ein gewachsenes Beziehungsgewebe vollst\u00e4ndig zerrissen werden kann. Mehr Informationen: <a href=\"http:\/\/www.oberschwaben-tourismus.de\/ausstellunglaupheim\" rel=\"noopener noreferrer\" target=\"_blank\">www.oberschwaben-tourismus.de\/ausstellunglaupheim<\/a><\/p>\n<div id=\"attachment_25855\" style=\"width: 610px\" class=\"wp-caption alignleft\"><img aria-describedby=\"caption-attachment-25855\" loading=\"lazy\" src=\"http:\/\/see-infos.de\/wp-content\/uploads\/2024\/01\/Rutenfest_Ravensburg_Bildnachweis_Stadt_Ravensburg.jpg\" alt=\"\" width=\"600\" height=\"400\" class=\"size-full wp-image-25855\" srcset=\"http:\/\/see-infos.de\/wp-content\/uploads\/2024\/01\/Rutenfest_Ravensburg_Bildnachweis_Stadt_Ravensburg.jpg 600w, http:\/\/see-infos.de\/wp-content\/uploads\/2024\/01\/Rutenfest_Ravensburg_Bildnachweis_Stadt_Ravensburg-300x200.jpg 300w\" sizes=\"(max-width: 600px) 100vw, 600px\" \/><p id=\"caption-attachment-25855\" class=\"wp-caption-text\">Rutenfest Ravensburg. Bildnachweis: Stadt Ravensburg<\/p><\/div>\n<p><strong>Festsommer 2024 in Oberschwaben-Allg\u00e4u<\/strong><br \/>\nHistorische Festumz\u00fcge, Adlerschie\u00dfen, Pfeifer und Trommler, Open Air-Theater, Spiele und Musik: Oberschwaben-Allg\u00e4u feiert von Mai bis September mit ausgelassenen Festen den Sommer. Besonders viele St\u00e4dte der Region richten Kinder- &#038; Heimatfeste aus, die auf eine lange Geschichte zur\u00fcckblicken. So etwa allein im Juli das gro\u00dfe Rutenfest in Ravensburg, das Isnyer Kinder- &#038; Heimatfest, das Sch\u00fctzenfest in Biberach und das Leutkircher Kinderfest. In Ki\u00dflegg wird schon Ende Mai bis Anfang Juni die erste urkundliche Erw\u00e4hnung des Ortes vor 1200 Jahren ganz besonders gefeiert. H\u00f6hepunkt sind die \u201eMittelalterlichen Kinder- und Heimattage\u201c, bei denen sich unter anderem der Schlosspark in eine mittelalterliche Festung verwandeln wird und bei F\u00fchrungen 1200 Jahre Ortsgeschichte auf unterhaltsame Weise unter die Lupe genommen werden. Was all diesen Festen gemeinsam ist: Sie bringen ehemalige Bewohner in ihre Heimatst\u00e4dte zur\u00fcck, Einheimische und G\u00e4ste zusammen und die Menschen miteinander ins Gespr\u00e4ch. <a href=\"http:\/\/www.oberschwaben-tourismus.de\/veranstaltungshighlights\" rel=\"noopener noreferrer\" target=\"_blank\">www.oberschwaben-tourismus.de\/veranstaltungshighlights<\/a><\/p>\n<p>Ein paar der sch\u00f6nsten Feste und ihre Termine:<br \/>\n30.5.-2.6.2024: Mittelalterliche Kinder- und Heimattage Ki\u00dflegg<br \/>\n5.-9.7.2024: Welfenfest in Weingarten<br \/>\n11.-15.7.2024: B\u00e4chtlefest in Bad Saulgau<br \/>\n12.-21.7.2024: Sch\u00fctzenfest in Biberach<br \/>\n13.-16.7.2024: Kinderfest in Leutkirch<br \/>\n12.-15.7.2024: Isnyer Kinder- und Heimatfest<br \/>\n19.-23.7.2024: Rutenfest in Ravensburg<br \/>\n17.\/18.8.2024: Schloss- &#038; Kinderfest Aulendorf<br \/>\n13.-16.9.2024: Magnus-, Heimat- und Kinderfest in Bad Schussenried<\/p>\n<div class=\"twoclick_social_bookmarks_post_25854 social_share_privacy clearfix 1.6.4 locale-de_DE sprite-de_DE\"><\/div><div class=\"twoclick-js\"><script type=\"text\/javascript\">\/* <![CDATA[ *\/\njQuery(document).ready(function($){if($('.twoclick_social_bookmarks_post_25854')){$('.twoclick_social_bookmarks_post_25854').socialSharePrivacy({\"services\":{\"twitter\":{\"reply_to\":\"\",\"tweet_text\":\"%202024%3A%20Ein%20Jahr%20voller%20Entdeckungen%20in%20Oberschwaben-Allg%C3%A4u%20%C2%BB%20See-Infos.de%20...\",\"status\":\"on\",\"txt_info\":\"2 Klicks f\\u00fcr mehr Datenschutz: Erst wenn Sie hier klicken, wird der Button aktiv und Sie k\\u00f6nnen Ihre Empfehlung an Twitter senden. Schon beim Aktivieren werden Daten an Dritte \\u00fcbertragen - siehe <em>i<\\\/em>.\",\"perma_option\":\"off\",\"language\":\"de\",\"referrer_track\":\"\"},\"gplus\":{\"status\":\"on\",\"txt_info\":\"2 Klicks f\\u00fcr mehr Datenschutz: Erst wenn Sie hier klicken, wird der Button aktiv und Sie k\\u00f6nnen Ihre Empfehlung an Google+ senden. Schon beim Aktivieren werden Daten an Dritte \\u00fcbertragen - siehe <em>i<\\\/em>.\",\"perma_option\":\"off\",\"referrer_track\":\"\"},\"xing\":{\"status\":\"on\",\"txt_info\":\"2 Klicks f\\u00fcr mehr Datenschutz: Erst wenn Sie hier klicken, wird der Button aktiv und Sie k\\u00f6nnen Ihre Empfehlung an Xing senden. Schon beim Aktivieren werden Daten an Dritte \\u00fcbertragen - siehe <em>i<\\\/em>.\",\"perma_option\":\"off\",\"language\":\"de\",\"referrer_track\":\"\"},\"pinterest\":{\"status\":\"on\",\"the_excerpt\":\"2024: Ein Jahr voller Entdeckungen in Oberschwaben-Allg\\u00e4u\",\"txt_info\":\"2 Klicks f\\u00fcr mehr Datenschutz: Erst wenn Sie hier klicken, wird der Button aktiv und Sie k\\u00f6nnen Ihre Empfehlung an Pinterest senden. Schon beim Aktivieren werden Daten an Dritte \\u00fcbertragen - siehe <em>i<\\\/em>.\",\"perma_option\":\"off\",\"media\":\"http:\\\/\\\/see-infos.de\\\/wp-content\\\/uploads\\\/2024\\\/01\\\/Rutenfest_Ravensburg_Bildnachweis_Stadt_Ravensburg.jpg\"},\"linkedin\":{\"status\":\"on\",\"txt_info\":\"2 Klicks f\\u00fcr mehr Datenschutz: Erst wenn Sie hier klicken, wird der Button aktiv und Sie k\\u00f6nnen Ihre Empfehlung an LinkedIn senden. Schon beim Aktivieren werden Daten an Dritte \\u00fcbertragen - siehe <em>i<\\\/em>.\",\"perma_option\":\"off\"}},\"txt_help\":\"Wenn Sie diese Felder durch einen Klick aktivieren, werden Informationen an Facebook, Twitter, Flattr, Xing, t3n, LinkedIn, Pinterest oder Google eventuell ins Ausland \\u00fcbertragen und unter Umst\\u00e4nden auch dort gespeichert. N\\u00e4heres erfahren Sie durch einen Klick auf das <em>i<\\\/em>.\",\"settings_perma\":\"Dauerhaft aktivieren und Daten\\u00fcber-tragung zustimmen:\",\"info_link\":\"http:\\\/\\\/www.heise.de\\\/ct\\\/artikel\\\/2-Klicks-fuer-mehr-Datenschutz-1333879.html\",\"uri\":\"http:\\\/\\\/see-infos.de\\\/?p=25854\",\"post_id\":25854,\"post_title_referrer_track\":\"2024%3A+Ein+Jahr+voller+Entdeckungen+in+Oberschwaben-Allg%C3%A4u\",\"display_infobox\":\"on\"});}});\n\/* ]]> *\/<\/script><\/div>","protected":false},"excerpt":{"rendered":"<p>#oberschwaben Gr\u00fcne H\u00fcgel und blaue Seen, lebendige St\u00e4dtchen und herzliche Menschen, Genussmomente in Gasth\u00e4usern und Hofl\u00e4den, artenreiche Natur und prachtvolle Barockkunst. Die Region Oberschwaben-Allg\u00e4u macht es einem wirklich leicht, sich in sie zu verlieben. Schon wer im neuen, reich bebilderten Magazin \u201eWeitblicke\u201c bl\u00e4ttert, kann sich ihrem Zauber kaum entziehen. Und mancher Anlass lockt 2024 zus\u00e4tzlich [&hellip;]<\/p>\n","protected":false},"author":1,"featured_media":25855,"comment_status":"closed","ping_status":"closed","sticky":false,"template":"","format":"standard","meta":[],"categories":[1,7],"tags":[120,66,80,63],"_links":{"self":[{"href":"http:\/\/see-infos.de\/index.php?rest_route=\/wp\/v2\/posts\/25854"}],"collection":[{"href":"http:\/\/see-infos.de\/index.php?rest_route=\/wp\/v2\/posts"}],"about":[{"href":"http:\/\/see-infos.de\/index.php?rest_route=\/wp\/v2\/types\/post"}],"author":[{"embeddable":true,"href":"http:\/\/see-infos.de\/index.php?rest_route=\/wp\/v2\/users\/1"}],"replies":[{"embeddable":true,"href":"http:\/\/see-infos.de\/index.php?rest_route=%2Fwp%2Fv2%2Fcomments&post=25854"}],"version-history":[{"count":0,"href":"http:\/\/see-infos.de\/index.php?rest_route=\/wp\/v2\/posts\/25854\/revisions"}],"wp:featuredmedia":[{"embeddable":true,"href":"http:\/\/see-infos.de\/index.php?rest_route=\/wp\/v2\/media\/25855"}],"wp:attachment":[{"href":"http:\/\/see-infos.de\/index.php?rest_route=%2Fwp%2Fv2%2Fmedia&parent=25854"}],"wp:term":[{"taxonomy":"category","embeddable":true,"href":"http:\/\/see-infos.de\/index.php?rest_route=%2Fwp%2Fv2%2Fcategories&post=25854"},{"taxonomy":"post_tag","embeddable":true,"href":"http:\/\/see-infos.de\/index.php?rest_route=%2Fwp%2Fv2%2Ftags&post=25854"}],"curies":[{"name":"wp","href":"https:\/\/api.w.org\/{rel}","templated":true}]}}