{"id":24806,"date":"2023-12-25T07:31:34","date_gmt":"2023-12-25T06:31:34","guid":{"rendered":"http:\/\/www.see-infos.de\/?p=24806"},"modified":"2024-12-04T13:26:44","modified_gmt":"2024-12-04T12:26:44","slug":"30-jahre-imperia-hafenfigur-feiert-geburtstag","status":"publish","type":"post","link":"http:\/\/see-infos.de\/?p=24806","title":{"rendered":"30 Jahre Imperia: Hafenfigur feiert Geburtstag"},"content":{"rendered":"<p>#imperia #konstanz<\/p>\n<h3>30 Jahre Imperia: Hafenfigur feiert Geburtstag<\/h3>\n<p><strong>30 Jahre jung, 18 Tonnen schwer, 9 Meter hoch: Die Hafenfigur Imperia in Konstanz, der gr\u00f6\u00dften Stadt am Bodensee, feiert 2023 ihren 30. Geburtstag. Anl\u00e4sslich des Jubil\u00e4ums gibt es neue Stadtf\u00fchrungen, eine neue Seite mit zahlreichen Informationen rund um die Statue und ein Hafenfest am 29. + 30. April \u2013 lesen Sie selbst&#8230;<\/strong><\/p>\n<p><strong>JUBIL\u00c4UM: 30 JAHRE IMPERIA<\/strong><br \/>\nKonstanz &#8211; Von der umstrittenen Skulptur zum Wahrzeichen der Stadt: Als die Hafenfigur Imperia am 24. April 1993 enth\u00fcllt wurde, sorgte sie f\u00fcr viel Wirbel und Diskussionen in Konstanz und \u00fcber die Stadt hinaus. Heute ist die Skulptur des Bodensee-K\u00fcnstlers Peter Lenk eines der beliebtesten Fotomotive in der gr\u00f6\u00dften Stadt am Bodensee und wird jedes Jahr von zahlreichen TouristInnen besucht. 2023 feiert sie ihren 30. Geburtstag \u2013 die Feier dazu findet am 29. + 30. April statt. Einfach vorbeikommen und mitfeiern!<\/p>\n<p><strong>Schwieriger Start &amp; spannende Geschichte<\/strong><br \/>\n30 Jahre jung, 18 Tonnen schwer, 9 Meter hoch: Die Skulptur, die auf Initiative des Fremdenverkehrsvereins Konstanz e. V. (jetzt: KonTour Konstanz Tourismusf\u00f6rderverein e. V.), von Sponsoren sowie der Eigenleistung des K\u00fcnstlers ohne \u00f6ffentliche Mittel geschaffen wurde, l\u00f6ste zun\u00e4chst heftige Diskussionen aus; Medien berichteten rund um den Globus dar\u00fcber. Eine riesige Kurtisane, in ihren H\u00e4nden zwei M\u00e4nnlein, die Papst und Kaiser darstellen oder diesen zumindest stark \u00e4hneln: Das kam nicht bei allen gut an. Aufgestellt wurde die Imperia im Hafen in einer Nacht-und-Nebel-Aktion, transportiert von einer F\u00e4hre aus Friedrichshafen: Damals waren sowohl der dortige F\u00e4hrbetrieb als auch das Gel\u00e4nde im Konstanzer Hafen noch im Privatbesitz der Deutschen Bahn \u2013 so war das Aufstellen auch ohne die Zustimmung der Stadt Konstanz m\u00f6glich. Die Enth\u00fcllung der Imperia erfolgte im Rahmen der Internationalen Flottensternfahrt, verbunden mit einem dreit\u00e4gigen Hafenfest vom 23. bis 25. April 1993.<\/p>\n<div id=\"attachment_24807\" style=\"width: 610px\" class=\"wp-caption alignleft\"><img aria-describedby=\"caption-attachment-24807\" loading=\"lazy\" src=\"http:\/\/www.schechler.com\/see-infos\/wp-content\/uploads\/2023\/04\/Konstanz-Imperia-Light-Painting-Nacht-06_Copyright_MTK-Achim-Mende.jpg\" alt=\"\" width=\"600\" height=\"400\" class=\"size-full wp-image-24807\" \/><p id=\"caption-attachment-24807\" class=\"wp-caption-text\">Konstanz Imperia Light-Painting bei Nacht. Foto &copy; MTK \/ Achim Mende<\/p><\/div>\n<p>Schon gewusst? Die Post fertigte zur Imperiaenth\u00fcllung einen Sonderstempel an, durch die vorherige Geheimhaltung entstanden wilde Ger\u00fcchte \u00fcber die Statue, z.B. dass es sich bei der Figur um ein riesiges Erdferkel handle, und 2003 schaffte die Imperia es sogar in den Playboy! Weitere kuriose Anekdoten, Erinnerungen von KonstanzerInnen und Informationen rund um die Imperia, ihre Entstehung und ihr Geburtstagsjahr gibt es unter www.konstanz-info.com\/30-jahre-imperia.<\/p>\n<p>Tipp: Von April bis Oktober finden Stadtf\u00fchrungen mit am\u00fcsanten Anekdoten rund um die Hafenfigur und ihre Entstehungsgeschichte sowie zu Liebe und Erotik im mittelalterlichen Konstanz statt. Alle Stadtf\u00fchrungen sind unter www.konstanz-info.com\/stadtfuehrungen zu finden.<\/p>\n<p><strong>GeburtstagsFeier<\/strong><br \/>\nAm 29. + 30. April ist es so weit: Der 30. Geburtstag der Imperia wird mit einem zweit\u00e4gigen Hafenfest gefeiert. Vom Kunst- und Handwerkermarkt am Hafen \u00fcber Bewirtung, Musik, Tanz und Imperia-Stadtf\u00fchrungen bis hin zum offiziellen Festakt inklusive Zeitzeugen, Buchvorstellungen und Lichtinstallationen l\u00e4dt das facettenreiche Programm an den Konstanzer Hafen ein. Abgerundet wird die Feier durch die Internationale Flottensternfahrt der VSU, welche die Schifffahrtsaison auf dem Bodensee er\u00f6ffnet. Dieses Jahr \u00fcbrigens mit der M\u00f6glichkeit, das neue Elektroschiff MS Insel Mainau kennenzulernen!<\/p>\n<p><strong>PROGRAMM<\/strong><br \/>\n29. April 2023:<br \/>\n12 Uhr Hafenfest mit Musik, Bewirtung, Kunst- &amp; Handwerkermarkt<br \/>\n13\u201316 Uhr 50. VSU-Flottensternfahrt mit Sternbildung im Konstanzer Trichter von 15.15\u201316.45 Uhr, Musik, Konstanzer Fahnenschwingern und Rundfahrten mit dem Elektroschiff MS Insel Mainau. Geplante Fahrzeiten des Elektroschiffs:<br \/>\n&#8211; Zustieg ab 11 Uhr<br \/>\n&#8211; Rundfahrt 11.30\u201312.30 Uhr<br \/>\n&#8211; Schiffsbesichtigungen von 13\u201315.30 Uhr<br \/>\n&#8211; Rundfahrt 16\u201317 Uhr<br \/>\n&#8211; Rundfahrt 17.30\u201318.30 Uhr bei Bedarf<\/p>\n<p>12\/15\/18 Uhr Stadtf\u00fchrung: 30 Jahre Imperia<br \/>\n16.30 Uhr Imperia-Geburtstagsfeier an der Konzilmole mit Zeitzeugen, Illumination u.v.m.<br \/>\n17 Uhr Zeitzeugengespr\u00e4che und Buchvorstellung der neuen Imperia-B\u00fccher<br \/>\n19 Uhr Stadtf\u00fchrung: Imperia \u2013 Ein erotischer Mythos, der begeistert<\/p>\n<p>30. April 2023:<br \/>\n10\u201320 Uhr Kunst- &amp; Handwerkermarkt in der Hafenstra\u00dfe<br \/>\n12 Uhr Stadtf\u00fchrung: 30 Jahre Imperia<br \/>\nAb 13 Uhr Rundfahrten mit dem Elektroschiff MS Insel Mainau<br \/>\n&#8211; Zustieg ab 13 Uhr<br \/>\n&#8211; Rundfahrt 13.30\u201314.30 Uhr<br \/>\n&#8211; Rundfahrt 15\u201316 Uhr<br \/>\n&#8211; Rundfahrt 16.30\u201317.30 Uhr<br \/>\n16 Uhr \u201eTanz der Imperia\u201c auf der Konzilmole<\/p>\n<p><strong>Jubil\u00e4umsJahr<\/strong><br \/>\n2023 werden in Konstanz neben dem Imperia-Geburtstag gleich mehrere weitere Jubil\u00e4en gefeiert:<\/p>\n<p>Flottensternfahrt: Am 29. April 2023 findet die allj\u00e4hrliche Flottensternfahrt der Vereinigten Schifffahrtsunternehmen f\u00fcr den Bodensee und Rhein zum 50. Mal statt. Sie f\u00fchrt nach Konstanz und er\u00f6ffnet die Schifffahrtsaison auf dem Bodensee auf spektakul\u00e4re Weise, inklusive Sternbildung und feierlicher Sekt\u00fcbergabe auf dem See, Rahmenprogramm an Land mit Fahnenschwingern und Musik sowie Rundfahrten mit dem neuen Elektroschiff MS Insel Mainau am 29. + 30. April. Infos unter <a href=\"http:\/\/www.bsb.de\/flottensternfahrt\" rel=\"noopener noreferrer\" target=\"_blank\">www.bsb.de\/flottensternfahrt<\/a>.<\/p>\n<p>Bodensee-Radweg: Der Bodensee-Radweg feiert seinen 40. Geburtstag. Er wurde 1983 initiiert, ist rund 260 Kilometer lang und mit vier ADFC-Sternen zertifiziert. Die Strecke f\u00fchrt rund um den Bodensee, durch drei L\u00e4nder, fast durchgehend am Wasser entlang und fasziniert mit Ausblicken auf schneebedeckte Gipfel, sanfte Vulkankegel, weitl\u00e4ufige Strandb\u00e4der und naturbelassene Landschaften. Einfach dem Radler-Symbol mit blauem Hinterrad folgen. Mehr Infos dazu gibt\u2019s unter <a href=\"http:\/\/www.konstanz-info.com\/40\" rel=\"noopener noreferrer\" target=\"_blank\">www.konstanz-info.com\/40<\/a>.<\/p>\n<p>Gartenkultur: Anl\u00e4sslich des 150. Todestages des am Bodensee aufgewachsenen franz\u00f6sischen Kaisers Napoleons III. und des 190. Todestages des \u00f6sterreichischen F\u00fcrsten Nikolaus II. Esterh\u00e1zy zeigen das Napoleonmuseum Arenenberg und die Mainau GmbH im gemeinsamen Ausstellungsprojekt \u201eGr\u00fcne F\u00fcrsten am Bodensee\u201c die Park- und Kulturinitiativen der beiden Pers\u00f6nlichkeiten und machen ihren schillernden Lebensstil erlebbar. Infos unter <a href=\"http:\/\/www.mainau.de\" rel=\"noopener noreferrer\" target=\"_blank\">www.mainau.de<\/a>.<\/p>\n<div class=\"twoclick_social_bookmarks_post_24806 social_share_privacy clearfix 1.6.4 locale-de_DE sprite-de_DE\"><\/div><div class=\"twoclick-js\"><script type=\"text\/javascript\">\/* <![CDATA[ *\/\njQuery(document).ready(function($){if($('.twoclick_social_bookmarks_post_24806')){$('.twoclick_social_bookmarks_post_24806').socialSharePrivacy({\"services\":{\"twitter\":{\"reply_to\":\"\",\"tweet_text\":\"30%20Jahre%20Imperia%3A%20Hafenfigur%20feiert%20Geburtstag%20%C2%BB%20See-Infos.de%20%23Fest%20%23Konstanz\",\"status\":\"on\",\"txt_info\":\"2 Klicks f\\u00fcr mehr Datenschutz: Erst wenn Sie hier klicken, wird der Button aktiv und Sie k\\u00f6nnen Ihre Empfehlung an Twitter senden. Schon beim Aktivieren werden Daten an Dritte \\u00fcbertragen - siehe <em>i<\\\/em>.\",\"perma_option\":\"off\",\"language\":\"de\",\"referrer_track\":\"\"},\"gplus\":{\"status\":\"on\",\"txt_info\":\"2 Klicks f\\u00fcr mehr Datenschutz: Erst wenn Sie hier klicken, wird der Button aktiv und Sie k\\u00f6nnen Ihre Empfehlung an Google+ senden. Schon beim Aktivieren werden Daten an Dritte \\u00fcbertragen - siehe <em>i<\\\/em>.\",\"perma_option\":\"off\",\"referrer_track\":\"\"},\"xing\":{\"status\":\"on\",\"txt_info\":\"2 Klicks f\\u00fcr mehr Datenschutz: Erst wenn Sie hier klicken, wird der Button aktiv und Sie k\\u00f6nnen Ihre Empfehlung an Xing senden. Schon beim Aktivieren werden Daten an Dritte \\u00fcbertragen - siehe <em>i<\\\/em>.\",\"perma_option\":\"off\",\"language\":\"de\",\"referrer_track\":\"\"},\"pinterest\":{\"status\":\"on\",\"the_excerpt\":\"30 Jahre Imperia: Hafenfigur feiert Geburtstag\",\"txt_info\":\"2 Klicks f\\u00fcr mehr Datenschutz: Erst wenn Sie hier klicken, wird der Button aktiv und Sie k\\u00f6nnen Ihre Empfehlung an Pinterest senden. Schon beim Aktivieren werden Daten an Dritte \\u00fcbertragen - siehe <em>i<\\\/em>.\",\"perma_option\":\"off\",\"media\":\"http:\\\/\\\/see-infos.de\\\/wp-content\\\/uploads\\\/2023\\\/04\\\/Konstanz-Imperia-Light-Painting-Nacht-06_Copyright_MTK-Achim-Mende.jpg\"},\"linkedin\":{\"status\":\"on\",\"txt_info\":\"2 Klicks f\\u00fcr mehr Datenschutz: Erst wenn Sie hier klicken, wird der Button aktiv und Sie k\\u00f6nnen Ihre Empfehlung an LinkedIn senden. Schon beim Aktivieren werden Daten an Dritte \\u00fcbertragen - siehe <em>i<\\\/em>.\",\"perma_option\":\"off\"}},\"txt_help\":\"Wenn Sie diese Felder durch einen Klick aktivieren, werden Informationen an Facebook, Twitter, Flattr, Xing, t3n, LinkedIn, Pinterest oder Google eventuell ins Ausland \\u00fcbertragen und unter Umst\\u00e4nden auch dort gespeichert. N\\u00e4heres erfahren Sie durch einen Klick auf das <em>i<\\\/em>.\",\"settings_perma\":\"Dauerhaft aktivieren und Daten\\u00fcber-tragung zustimmen:\",\"info_link\":\"http:\\\/\\\/www.heise.de\\\/ct\\\/artikel\\\/2-Klicks-fuer-mehr-Datenschutz-1333879.html\",\"uri\":\"http:\\\/\\\/see-infos.de\\\/?p=24806\",\"post_id\":24806,\"post_title_referrer_track\":\"30+Jahre+Imperia%3A+Hafenfigur+feiert+Geburtstag\",\"display_infobox\":\"on\"});}});\n\/* ]]> *\/<\/script><\/div>","protected":false},"excerpt":{"rendered":"<p>#imperia #konstanz 30 Jahre Imperia: Hafenfigur feiert Geburtstag 30 Jahre jung, 18 Tonnen schwer, 9 Meter hoch: Die Hafenfigur Imperia in Konstanz, der gr\u00f6\u00dften Stadt am Bodensee, feiert 2023 ihren 30. Geburtstag. Anl\u00e4sslich des Jubil\u00e4ums gibt es neue Stadtf\u00fchrungen, eine neue Seite mit zahlreichen Informationen rund um die Statue und ein Hafenfest am 29. + [&hellip;]<\/p>\n","protected":false},"author":1,"featured_media":24807,"comment_status":"closed","ping_status":"closed","sticky":false,"template":"","format":"standard","meta":[],"categories":[1,7],"tags":[9,31],"_links":{"self":[{"href":"http:\/\/see-infos.de\/index.php?rest_route=\/wp\/v2\/posts\/24806"}],"collection":[{"href":"http:\/\/see-infos.de\/index.php?rest_route=\/wp\/v2\/posts"}],"about":[{"href":"http:\/\/see-infos.de\/index.php?rest_route=\/wp\/v2\/types\/post"}],"author":[{"embeddable":true,"href":"http:\/\/see-infos.de\/index.php?rest_route=\/wp\/v2\/users\/1"}],"replies":[{"embeddable":true,"href":"http:\/\/see-infos.de\/index.php?rest_route=%2Fwp%2Fv2%2Fcomments&post=24806"}],"version-history":[{"count":0,"href":"http:\/\/see-infos.de\/index.php?rest_route=\/wp\/v2\/posts\/24806\/revisions"}],"wp:featuredmedia":[{"embeddable":true,"href":"http:\/\/see-infos.de\/index.php?rest_route=\/wp\/v2\/media\/24807"}],"wp:attachment":[{"href":"http:\/\/see-infos.de\/index.php?rest_route=%2Fwp%2Fv2%2Fmedia&parent=24806"}],"wp:term":[{"taxonomy":"category","embeddable":true,"href":"http:\/\/see-infos.de\/index.php?rest_route=%2Fwp%2Fv2%2Fcategories&post=24806"},{"taxonomy":"post_tag","embeddable":true,"href":"http:\/\/see-infos.de\/index.php?rest_route=%2Fwp%2Fv2%2Ftags&post=24806"}],"curies":[{"name":"wp","href":"https:\/\/api.w.org\/{rel}","templated":true}]}}