{"id":24738,"date":"2023-12-29T07:07:06","date_gmt":"2023-12-29T06:07:06","guid":{"rendered":"http:\/\/www.see-infos.de\/?p=24738"},"modified":"2024-10-13T07:59:26","modified_gmt":"2024-10-13T05:59:26","slug":"2023-jahr-der-nachhaltigen-mobilitaet-und-viele-jubilaeen","status":"publish","type":"post","link":"http:\/\/see-infos.de\/?p=24738","title":{"rendered":"2023: Jahr der nachhaltigen Mobilit\u00e4t und viele Jubil\u00e4en"},"content":{"rendered":"<p>#bodensee<\/p>\n<p>2023: Jahr der nachhaltigen Mobilit\u00e4t und viele Jubil\u00e4en<\/p>\n<p><strong>30 Jahre Imperia, 40 Jahre Bodensee-Radweg, 50. Flottensternfahrt der VSU: In Konstanz gibt es 2023 viel zu feiern und noch mehr zu erleben. Dar\u00fcber hinaus stehen 2023 mit dem \u201eJahr der nachhaltigen Mobilit\u00e4t\u201c umweltfreundliche Fortbewegungsm\u00f6glichkeiten unter dem Motto \u201eNAT\u00dcRlich mobil\u201c  im Mittelpunkt \u2013 lesen Sie selbst&#8230; <\/strong><\/p>\n<p>2023: Jahr der nachhaltigen Mobilit\u00e4t &#038; Jubil\u00e4umsJahr<br \/>\nKonstanz, die gr\u00f6\u00dfte Stadt der Vierl\u00e4nderregion Bodensee, verbindet Urbanit\u00e4t und Natur auf einzigartige Weise. Unter dem Motto \u201eNAT\u00dcRlich mobil\u201c stehen 2023 im \u201eJahr der nachhaltigen Mobilit\u00e4t\u201c umweltfreundliche Mobilit\u00e4tsangebote im Fokus. Ziel ist es, die facettenreichen M\u00f6glichkeiten zu zeigen, die es bereits gibt, um Stadt und Region mit eigener K\u00f6rperkraft, Sonne und Wind zu entdecken. Denn Konstanz ist optimaler Ausgangspunkt f\u00fcr Touren in die gesamte VierL\u00e4nderRegion Bodensee. Viel zu feiern gibt es auch: Mit dem 30. Geburtstag der Hafenfigur \u201eImperia\u201c, dem 40-j\u00e4hrigen Bestehen des Bodensee-Radwegs und der 50. Flottensternfahrt sind das gesamte Jahr \u00fcber besondere Aktionen geplant.<\/p>\n<p>WahrZeichen: 30 Jahre Imperia \u2013 und sie dreht sich immer noch<br \/>\n18 Tonnen schwer, 9 Meter hoch, 30 Jahre jung: Die Hafenfigur \u201eImperia\u201c des Bodensee-K\u00fcnstlers Peter Lenk sorgt seit ihrer Enth\u00fcllung am 24. April 1983 f\u00fcr reichlich Diskussionsstoff. Die Skulptur, die auf Initiative des Fremdenverkehrsvereins Konstanz e. V. (jetzt: KonTour Konstanz Tourismusf\u00f6rderverein e. V.), von Sponsoren sowie der Eigenleistung des K\u00fcnstlers ohne \u00f6ffentliche Mittel geschaffen wurde, l\u00f6ste zun\u00e4chst heftige Diskussionen aus. Aufgestellt wurde sie im Hafen in einer Nacht-und-Nebel-Aktion, transportiert von einer F\u00e4hre aus Friedrichshafen: Damals waren sowohl der dortige F\u00e4hrbetrieb als auch das Gel\u00e4nde im Konstanzer Hafen noch im Privatbesitz der Deutschen Bahn \u2013 so war das Aufstellen auch ohne die Zustimmung der Stadt m\u00f6glich. Heute ist die \u201eImperia\u201c eines der beliebtesten Touristenziele und Fotomotive in Konstanz. Weitere Infos unter <a href=\"http:\/\/www.konstanz-info.com\/30-jahre-imperia\" rel=\"noopener noreferrer\" target=\"_blank\">www.konstanz-info.com\/30-jahre-imperia<\/a>.<\/p>\n<p>Runde Sache: 40 Jahre Bodensee-Radweg<br \/>\nEinmal um den ganzen Bodensee radeln: Die rund 260 Kilometer lange Strecke geh\u00f6rt zu den beliebtesten Radwegen Europas und verbindet faszinierende Ausblicke mit regionalen Sch\u00e4tzen und anspruchsvollen Steigungen. 1983 war dies neu und eine sensationelle Idee! Der Erfolg gibt diese Idee recht. Insgesamt acht Etappen bilden den mit vier ADFC-Sternen zertifizierten Radweg und f\u00fchren zu urigen Weinstuben, einladenden H\u00f6fen, historischen Ortschaften und beliebten Sehensw\u00fcrdigkeiten in gleich drei L\u00e4ndern (Deutschland, \u00d6sterreich, Schweiz). Fast durchgehend f\u00fchrt der Rundweg am Wasser entlang und fasziniert mit Ausblicken auf schneebedeckte Gipfel, sanfte Vulkankegel, weitl\u00e4ufige Strandb\u00e4der und naturbelassene Landschaften. Die Strecke verl\u00e4uft meist eben und ist gut ausgebaut sowie ausgeschildert. Einfach dem Radler-Symbol mit blauem Hinterrad folgen und den gesamten Bodensee auf individuelle Art und Weise kennenlernen.<br \/>\nZum 40-j\u00e4hrigen Bestehen werden zahlreiche Zusatz-Touren abseits der Hauptroute sowie ein Jubil\u00e4ums-Programm angeboten: Rheintal bis Chur, Flusserlebnis Aach, Rund um den Schienerberg, Thurgauer Seer\u00fccken und Drei-Welten-Radweg. Auch ein Abstecher in das F\u00fcrstentum Liechtenstein lohnt sich! Mehr Infos dazu gibt\u2019s unter <a href=\"http:\/\/www.konstanz-info.com\/40\" rel=\"noopener noreferrer\" target=\"_blank\">www.konstanz-info.com\/40<\/a>. <\/p>\n<p>Tipp: Sterntouren ab Konstanz \u2013 einfach in Konstanz \u00fcbernachten und jeden Tag eine neue Etappe fahren. Immer den See und die nahe Alpensilhouette vor Augen!<\/p>\n<div id=\"attachment_21746\" style=\"width: 610px\" class=\"wp-caption alignleft\"><img aria-describedby=\"caption-attachment-21746\" loading=\"lazy\" src=\"http:\/\/www.schechler.com\/see-infos\/wp-content\/uploads\/2021\/03\/Konstanz-Segelboot-Muenster-01_Fruehling_Copyright_MTK-Dagmar-Schwelle.jpg\" alt=\"\" width=\"600\" height=\"401\" class=\"size-full wp-image-21746\" \/><p id=\"caption-attachment-21746\" class=\"wp-caption-text\">Konstanz Segelboot und M\u00fcnster. Foto &copy; MTK \/ Dagmar Schwelle<\/p><\/div>\n<p>Sonne, Boot &#038; Sterne<br \/>\nDie allj\u00e4hrliche Flottensternfahrt der Vereinigten Schifffahrtsunternehmen f\u00fcr den Bodensee und Rhein findet am 29. April 2023 zum 50. Mal statt und er\u00f6ffnet die Schifffahrtsaison auf dem Bodensee auf spektakul\u00e4re Weise, inklusive Sternbildung und feierlicher Sekt\u00fcbergabe auf offener See. Mit der Kraft der Sonne ist das neue Elektroschiff \u201eMS Mainau\u201c unterwegs und bringt PassagierInnen erstmals nahezu lautlos zur Insel Mainau, w\u00e4hrend ein Teil des ben\u00f6tigten Stroms durch Solarzellen auf dem Freideck produziert wird. <\/p>\n<p>NAT\u00dcRlich mobil: Jahr der nachhaltigen Mobilit\u00e4t 2023<br \/>\nMit dem Rad den Bodensee umrunden, auf dem E-Scooter durch die Stadt flitzen und den See vom Kanu, Segelboot oder neuen Elektroschiff aus entdecken: Im Jahr der nachhaltigen Mobilit\u00e4t stellt Konstanz unter dem Motto \u201eNAT\u00dcRlich mobil\u201c die facettenreichen M\u00f6glichkeiten, sich umweltfreundlich fortzubewegen, in den Mittelpunkt. Von E-Bikes \u00fcber E-Scooter bis hin zu Segways gibt es viele M\u00f6glichkeiten, sich schnell und komfortabel durch die Stadt zu bewegen. F\u00fcr Eink\u00e4ufe und Pakete stehen an den zahlreichen Mietstationen im gesamten Stadtgebiet E-Lastenr\u00e4der bereit. Wer es lieber bequem mag, findet Ladestationen f\u00fcr E-Autos sowie die M\u00f6glichkeit, ein solches vor Ort zu mieten oder nutzt die Stadtbusse \u2013 mit einer Flotte, die kontinuierlich auf elektrische Antriebe umgestellt wird. Tipp: In der Tourist-Information stehen Elektromobile zur Verf\u00fcgung, die es Menschen mit k\u00f6rperlichen Einschr\u00e4nkungen erleichtern, sich durch die Stadt zu bewegen.<\/p>\n<p>NAT\u00dcRliche Entdeckertouren<br \/>\nWandern, rudern, radeln: Die intakte Natur rund um Konstanz ist gepr\u00e4gt durch klares Wasser, k\u00fchle W\u00e4lder und artenreiche Naturschutzgebiete. Wer diese faszinierende Landschaft erleben will, taucht am besten direkt darin ein. Ob bei Wanderungen auf dem Premiumwanderweg SeeGang, bei einer Tour auf dem Bodensee-Radweg, bei einer Kanufahrt oder beim Schwimmen im erfrischenden Nass: Konstanz begeistert an 365 Tagen im Jahr. Umweltbewusste Urlaubsm\u00f6glichkeiten wie die ECO-Camping zertifizierten und mit dem EU Ecolabel ausgezeichneten Campingpl\u00e4tze Klausenhorn und Naturcampingplatz Litzelstetten-Mainau sind hierf\u00fcr ideale Ausgangspunkte \u2013 und der Campingplatz in Litzelstetten liegt sogar direkt am Bodensee-Radweg! <\/p>\n<p>Weitere Infos rund um das Jahr der nachhaltigen Mobilit\u00e4t auf <a href=\"http:\/\/www.konstanz-info.com\/jahr-der-nachhaltigen-mobilitaet\" rel=\"noopener noreferrer\" target=\"_blank\">www.konstanz-info.com\/jahr-der-nachhaltigen-mobilitaet<\/a>.<\/p>\n<p>Tipp: Anl\u00e4sslich des 150. Todestages des am Bodensee aufgewachsenen franz\u00f6sischen Kaisers Napoleons III. und des 190. Todestages des \u00f6sterreichischen F\u00fcrsten Nikolaus II. Esterh\u00e1zy entwickeln das Napoleonmuseum Arenenberg und die Mainau GmbH das gemeinsame internationale Ausstellungsprojekt \u201eGr\u00fcne F\u00fcrsten am Bodensee\u201c. <\/p>\n<p>Weitere Infos gibt es auf <a href=\"http:\/\/www.konstanz-info.com\" rel=\"noopener noreferrer\" target=\"_blank\">www.konstanz-info.com<\/a>.<\/p>\n<div class=\"twoclick_social_bookmarks_post_24738 social_share_privacy clearfix 1.6.4 locale-de_DE sprite-de_DE\"><\/div><div class=\"twoclick-js\"><script type=\"text\/javascript\">\/* <![CDATA[ *\/\njQuery(document).ready(function($){if($('.twoclick_social_bookmarks_post_24738')){$('.twoclick_social_bookmarks_post_24738').socialSharePrivacy({\"services\":{\"twitter\":{\"reply_to\":\"\",\"tweet_text\":\"%202023%3A%20Jahr%20der%20nachhaltigen%20Mobilit%C3%A4t%20und%20viele%20Jubil%C3%A4en%20%C2%BB%20See-Infos.de%20...\",\"status\":\"on\",\"txt_info\":\"2 Klicks f\\u00fcr mehr Datenschutz: Erst wenn Sie hier klicken, wird der Button aktiv und Sie k\\u00f6nnen Ihre Empfehlung an Twitter senden. Schon beim Aktivieren werden Daten an Dritte \\u00fcbertragen - siehe <em>i<\\\/em>.\",\"perma_option\":\"off\",\"language\":\"de\",\"referrer_track\":\"\"},\"gplus\":{\"status\":\"on\",\"txt_info\":\"2 Klicks f\\u00fcr mehr Datenschutz: Erst wenn Sie hier klicken, wird der Button aktiv und Sie k\\u00f6nnen Ihre Empfehlung an Google+ senden. Schon beim Aktivieren werden Daten an Dritte \\u00fcbertragen - siehe <em>i<\\\/em>.\",\"perma_option\":\"off\",\"referrer_track\":\"\"},\"xing\":{\"status\":\"on\",\"txt_info\":\"2 Klicks f\\u00fcr mehr Datenschutz: Erst wenn Sie hier klicken, wird der Button aktiv und Sie k\\u00f6nnen Ihre Empfehlung an Xing senden. Schon beim Aktivieren werden Daten an Dritte \\u00fcbertragen - siehe <em>i<\\\/em>.\",\"perma_option\":\"off\",\"language\":\"de\",\"referrer_track\":\"\"},\"pinterest\":{\"status\":\"on\",\"the_excerpt\":\"2023: Jahr der nachhaltigen Mobilit\\u00e4t und viele Jubil\\u00e4en\",\"txt_info\":\"2 Klicks f\\u00fcr mehr Datenschutz: Erst wenn Sie hier klicken, wird der Button aktiv und Sie k\\u00f6nnen Ihre Empfehlung an Pinterest senden. Schon beim Aktivieren werden Daten an Dritte \\u00fcbertragen - siehe <em>i<\\\/em>.\",\"perma_option\":\"off\",\"media\":\"http:\\\/\\\/www.schechler.com\\\/see-infos\\\/wp-content\\\/uploads\\\/2021\\\/03\\\/Konstanz-Segelboot-Muenster-01_Fruehling_Copyright_MTK-Dagmar-Schwelle.jpg\"},\"linkedin\":{\"status\":\"on\",\"txt_info\":\"2 Klicks f\\u00fcr mehr Datenschutz: Erst wenn Sie hier klicken, wird der Button aktiv und Sie k\\u00f6nnen Ihre Empfehlung an LinkedIn senden. Schon beim Aktivieren werden Daten an Dritte \\u00fcbertragen - siehe <em>i<\\\/em>.\",\"perma_option\":\"off\"}},\"txt_help\":\"Wenn Sie diese Felder durch einen Klick aktivieren, werden Informationen an Facebook, Twitter, Flattr, Xing, t3n, LinkedIn, Pinterest oder Google eventuell ins Ausland \\u00fcbertragen und unter Umst\\u00e4nden auch dort gespeichert. N\\u00e4heres erfahren Sie durch einen Klick auf das <em>i<\\\/em>.\",\"settings_perma\":\"Dauerhaft aktivieren und Daten\\u00fcber-tragung zustimmen:\",\"info_link\":\"http:\\\/\\\/www.heise.de\\\/ct\\\/artikel\\\/2-Klicks-fuer-mehr-Datenschutz-1333879.html\",\"uri\":\"http:\\\/\\\/see-infos.de\\\/?p=24738\",\"post_id\":24738,\"post_title_referrer_track\":\"2023%3A+Jahr+der+nachhaltigen+Mobilit%C3%A4t+und+viele+Jubil%C3%A4en\",\"display_infobox\":\"on\"});}});\n\/* ]]> *\/<\/script><\/div>","protected":false},"excerpt":{"rendered":"<p>#bodensee 2023: Jahr der nachhaltigen Mobilit\u00e4t und viele Jubil\u00e4en 30 Jahre Imperia, 40 Jahre Bodensee-Radweg, 50. Flottensternfahrt der VSU: In Konstanz gibt es 2023 viel zu feiern und noch mehr zu erleben. Dar\u00fcber hinaus stehen 2023 mit dem \u201eJahr der nachhaltigen Mobilit\u00e4t\u201c umweltfreundliche Fortbewegungsm\u00f6glichkeiten unter dem Motto \u201eNAT\u00dcRlich mobil\u201c im Mittelpunkt \u2013 lesen Sie selbst&#8230; [&hellip;]<\/p>\n","protected":false},"author":1,"featured_media":22642,"comment_status":"closed","ping_status":"closed","sticky":false,"template":"","format":"standard","meta":[],"categories":[1,7],"tags":[9,31],"_links":{"self":[{"href":"http:\/\/see-infos.de\/index.php?rest_route=\/wp\/v2\/posts\/24738"}],"collection":[{"href":"http:\/\/see-infos.de\/index.php?rest_route=\/wp\/v2\/posts"}],"about":[{"href":"http:\/\/see-infos.de\/index.php?rest_route=\/wp\/v2\/types\/post"}],"author":[{"embeddable":true,"href":"http:\/\/see-infos.de\/index.php?rest_route=\/wp\/v2\/users\/1"}],"replies":[{"embeddable":true,"href":"http:\/\/see-infos.de\/index.php?rest_route=%2Fwp%2Fv2%2Fcomments&post=24738"}],"version-history":[{"count":0,"href":"http:\/\/see-infos.de\/index.php?rest_route=\/wp\/v2\/posts\/24738\/revisions"}],"wp:featuredmedia":[{"embeddable":true,"href":"http:\/\/see-infos.de\/index.php?rest_route=\/wp\/v2\/media\/22642"}],"wp:attachment":[{"href":"http:\/\/see-infos.de\/index.php?rest_route=%2Fwp%2Fv2%2Fmedia&parent=24738"}],"wp:term":[{"taxonomy":"category","embeddable":true,"href":"http:\/\/see-infos.de\/index.php?rest_route=%2Fwp%2Fv2%2Fcategories&post=24738"},{"taxonomy":"post_tag","embeddable":true,"href":"http:\/\/see-infos.de\/index.php?rest_route=%2Fwp%2Fv2%2Ftags&post=24738"}],"curies":[{"name":"wp","href":"https:\/\/api.w.org\/{rel}","templated":true}]}}