{"id":24013,"date":"2022-12-25T08:17:16","date_gmt":"2022-12-25T07:17:16","guid":{"rendered":"http:\/\/www.see-infos.de\/?p=24013"},"modified":"2024-01-09T18:14:12","modified_gmt":"2024-01-09T17:14:12","slug":"kaiserliches-wein-und-gartenfest-am-bodensee","status":"publish","type":"post","link":"http:\/\/see-infos.de\/?p=24013","title":{"rendered":"Kaiserliches Wein- und Gartenfest am Bodensee"},"content":{"rendered":"<p>#napoleonmuseum #thurgau <\/p>\n<p>27.\/28. August 2022: Parkfest auf dem Arenenberg mit majest\u00e4tischem Ausblick<\/p>\n<h3>Kaiserliches Wein- und Gartenfest am Bodensee<\/h3>\n<p><strong>Das 2. Kaiserliche Wein- und Gartenfest auf dem Arenenberg verspricht entspannte Sommerstimmung. Ausgew\u00e4hlte Weing\u00fcter entf\u00fchren beim Winzermarkt am 27. August zu sanften Jazzkl\u00e4ngen in die Aromenwelten regionaler Tropfen, etwa vom kaiserliche Wein des Arenenbergs. Am 28. August steht das Gartenerlebnis im Zentrum: Im weitl\u00e4ufigen Schlosspark, durch den schon Kaiser Napoleon III. flanierte, erleben G\u00e4ste verschiedene Epochen der Gartenbaugeschichte \u2013 an diesem Tag stilecht erg\u00e4nzt durch Kost\u00fcmgruppen aus der Kaiserzeit. Themenf\u00fchrungen, Kutschfahrten, ein Kinderprogramm sowie ein Flohmarkstand des Museumsshops und ein Stand der Stiftung Napoleon III. sorgen f\u00fcr ein bereicherndes Parkfest.<\/strong><\/p>\n<p>Mit einem k\u00fchlen Glas M\u00fcller-Thurgau in der Hand durch ein Blumenmeer lustwandeln, den blau-schimmernden Bodensee zu F\u00fcssen \u2013 so sch\u00f6n kann der Sommer sein! Klangvoll und vollmundig startet am 27. August das 2. Kaiserliche Wein- und Gartenfest auf dem Arenenberg. Bei Traumblick \u00fcber den See munden von 14 bis 21:30 Uhr auf dem Winzermarkt die vielschichtigen Stars ausgew\u00e4hlter regionaler Weing\u00fcter ebenso wie die kaiserlichen Tropfen, die aus den Arenenberger Reben gekeltert werden. Kleine Sch\u00e4tze ergattern Besucherinnen und Besucher beim Flohmarkstand des Museumsshops und bei einer Kurzf\u00fchrung, die auch in den historischen Weinkeller f\u00fchrt, begeistert Dominik G\u00fcgel, Direktor des Arenenberger Napoleonmuseums, mit Geschichten aus der bemerkenswerten Vergangenheit des Weinanbaus auf dem Arenenberg. Durch den lauen Sommernachmittag t\u00f6nen entspannt die Saxophon- und Pianokl\u00e4nge des Jazz-Duos \u00abHarder &#038; Schnell\u00bb. Der Eintritt ist frei. Die Degustation an den Weinst\u00e4nden kostet inklusive Weinglas 10 Franken \/ 10 Euro.<\/p>\n<div id=\"attachment_16801\" style=\"width: 610px\" class=\"wp-caption alignleft\"><img aria-describedby=\"caption-attachment-16801\" loading=\"lazy\" src=\"http:\/\/www.schechler.com\/see-infos\/wp-content\/uploads\/2018\/09\/DS704158-Kopie-600x401.jpg\" alt=\"\" width=\"600\" height=\"401\" class=\"size-large wp-image-16801\" srcset=\"http:\/\/see-infos.de\/wp-content\/uploads\/2018\/09\/DS704158-Kopie.jpg 600w, http:\/\/see-infos.de\/wp-content\/uploads\/2018\/09\/DS704158-Kopie-300x201.jpg 300w\" sizes=\"(max-width: 600px) 100vw, 600px\" \/><p id=\"caption-attachment-16801\" class=\"wp-caption-text\">Die Kost\u00fcmgruppe des Winterhalter-Verseins Menzenschwand pr\u00e4sentiert ein kaiserliches Picknick im Garten vor dem Napoleonmuseum<\/p><\/div>\n<p>Am zweiten Tag, Sonntag, 28. August, wird die Arenenberger Gartenwelt lebendig. G\u00e4ste gehen bei Themenf\u00fchrungen auf Zeitreise durch die Epochen der Gartenbaugeschichte und erkunden die lauschigen Ecken des weitl\u00e4ufigen Parks. Immer wieder werden sie dabei freundlich von Kost\u00fcmgruppen des Biedermeiervereins Heiden gegr\u00fcsst, die an diesem Tag durch die Schlossg\u00e4rten flanieren. Wer schon immer mal huldvoll aus einer Kutsche winken wollte, hat von 11 bis 16:30 Uhr bei kleinen Rundfahrten die Chance dazu. F\u00fcr die Kleinsten wird ausserdem ein Kinderparcour mit Spielen und Kinderschminken auf dem Pleasureground beim Schlossbrunnen angeboten. Begleitet wird das Gartenfest von modern interpretierten Harfenkl\u00e4ngen. Am Sonntag kostet der Eintritt 18 Franken (Kinder 5 Franken) und berechtigt zur Teilnahme am gesamten Programm, exklusive Konsumation.<\/p>\n<p>An beiden Tagen wird grilliert (Wurst und Vegi) und ein Glac\u00e9stand mit Magenbrot und gebrannte Mandeln macht gluschtig. Ausserdem sorgt die herzhaft-feine K\u00fcche im Bistro Louis Napol\u00e9on f\u00fcr kulinarischen Genuss. Die Zutaten stammen, nach der Philosophie von Slow Food, nach M\u00f6glichkeit vom eigenen Gutsbetrieb oder von pers\u00f6nlich bekannten Erzeugern.<\/p>\n<p>Die Veranstaltung findet nur bei guter Witterung statt. \u00dcber eine etwaige Absage wird auf der Website informiert. <\/p>\n<p>Programm \/ Weitere Informationen: +41 (0)58 345 80 00, info@arenenberg.ch, <a href=\"http:\/\/www.arenenberg.ch\" rel=\"noopener noreferrer\" target=\"_blank\">www.arenenberg.ch<\/a> <\/p>\n<div class=\"twoclick_social_bookmarks_post_24013 social_share_privacy clearfix 1.6.4 locale-de_DE sprite-de_DE\"><\/div><div class=\"twoclick-js\"><script type=\"text\/javascript\">\/* <![CDATA[ *\/\njQuery(document).ready(function($){if($('.twoclick_social_bookmarks_post_24013')){$('.twoclick_social_bookmarks_post_24013').socialSharePrivacy({\"services\":{\"twitter\":{\"reply_to\":\"\",\"tweet_text\":\"Kaiserliches%20Wein-%20und%20Gartenfest%20am%20Bodensee%20%C2%BB%20See-Infos.de%20%23Museum%20%23Thurgau\",\"status\":\"on\",\"txt_info\":\"2 Klicks f\\u00fcr mehr Datenschutz: Erst wenn Sie hier klicken, wird der Button aktiv und Sie k\\u00f6nnen Ihre Empfehlung an Twitter senden. Schon beim Aktivieren werden Daten an Dritte \\u00fcbertragen - siehe <em>i<\\\/em>.\",\"perma_option\":\"off\",\"language\":\"de\",\"referrer_track\":\"\"},\"gplus\":{\"status\":\"on\",\"txt_info\":\"2 Klicks f\\u00fcr mehr Datenschutz: Erst wenn Sie hier klicken, wird der Button aktiv und Sie k\\u00f6nnen Ihre Empfehlung an Google+ senden. Schon beim Aktivieren werden Daten an Dritte \\u00fcbertragen - siehe <em>i<\\\/em>.\",\"perma_option\":\"off\",\"referrer_track\":\"\"},\"xing\":{\"status\":\"on\",\"txt_info\":\"2 Klicks f\\u00fcr mehr Datenschutz: Erst wenn Sie hier klicken, wird der Button aktiv und Sie k\\u00f6nnen Ihre Empfehlung an Xing senden. Schon beim Aktivieren werden Daten an Dritte \\u00fcbertragen - siehe <em>i<\\\/em>.\",\"perma_option\":\"off\",\"language\":\"de\",\"referrer_track\":\"\"},\"pinterest\":{\"status\":\"on\",\"the_excerpt\":\"Kaiserliches Wein- und Gartenfest am Bodensee\",\"txt_info\":\"2 Klicks f\\u00fcr mehr Datenschutz: Erst wenn Sie hier klicken, wird der Button aktiv und Sie k\\u00f6nnen Ihre Empfehlung an Pinterest senden. Schon beim Aktivieren werden Daten an Dritte \\u00fcbertragen - siehe <em>i<\\\/em>.\",\"perma_option\":\"off\",\"media\":\"http:\\\/\\\/see-infos.de\\\/wp-content\\\/uploads\\\/2018\\\/09\\\/DS704158-Kopie.jpg\"},\"linkedin\":{\"status\":\"on\",\"txt_info\":\"2 Klicks f\\u00fcr mehr Datenschutz: Erst wenn Sie hier klicken, wird der Button aktiv und Sie k\\u00f6nnen Ihre Empfehlung an LinkedIn senden. Schon beim Aktivieren werden Daten an Dritte \\u00fcbertragen - siehe <em>i<\\\/em>.\",\"perma_option\":\"off\"}},\"txt_help\":\"Wenn Sie diese Felder durch einen Klick aktivieren, werden Informationen an Facebook, Twitter, Flattr, Xing, t3n, LinkedIn, Pinterest oder Google eventuell ins Ausland \\u00fcbertragen und unter Umst\\u00e4nden auch dort gespeichert. N\\u00e4heres erfahren Sie durch einen Klick auf das <em>i<\\\/em>.\",\"settings_perma\":\"Dauerhaft aktivieren und Daten\\u00fcber-tragung zustimmen:\",\"info_link\":\"http:\\\/\\\/www.heise.de\\\/ct\\\/artikel\\\/2-Klicks-fuer-mehr-Datenschutz-1333879.html\",\"uri\":\"http:\\\/\\\/see-infos.de\\\/?p=24013\",\"post_id\":24013,\"post_title_referrer_track\":\"Kaiserliches+Wein-+und+Gartenfest+am+Bodensee\",\"display_infobox\":\"on\"});}});\n\/* ]]> *\/<\/script><\/div>","protected":false},"excerpt":{"rendered":"<p>#napoleonmuseum #thurgau 27.\/28. August 2022: Parkfest auf dem Arenenberg mit majest\u00e4tischem Ausblick Kaiserliches Wein- und Gartenfest am Bodensee Das 2. Kaiserliche Wein- und Gartenfest auf dem Arenenberg verspricht entspannte Sommerstimmung. Ausgew\u00e4hlte Weing\u00fcter entf\u00fchren beim Winzermarkt am 27. August zu sanften Jazzkl\u00e4ngen in die Aromenwelten regionaler Tropfen, etwa vom kaiserliche Wein des Arenenbergs. Am 28. August [&hellip;]<\/p>\n","protected":false},"author":1,"featured_media":16801,"comment_status":"closed","ping_status":"closed","sticky":false,"template":"","format":"standard","meta":[],"categories":[1,7],"tags":[23,25],"_links":{"self":[{"href":"http:\/\/see-infos.de\/index.php?rest_route=\/wp\/v2\/posts\/24013"}],"collection":[{"href":"http:\/\/see-infos.de\/index.php?rest_route=\/wp\/v2\/posts"}],"about":[{"href":"http:\/\/see-infos.de\/index.php?rest_route=\/wp\/v2\/types\/post"}],"author":[{"embeddable":true,"href":"http:\/\/see-infos.de\/index.php?rest_route=\/wp\/v2\/users\/1"}],"replies":[{"embeddable":true,"href":"http:\/\/see-infos.de\/index.php?rest_route=%2Fwp%2Fv2%2Fcomments&post=24013"}],"version-history":[{"count":0,"href":"http:\/\/see-infos.de\/index.php?rest_route=\/wp\/v2\/posts\/24013\/revisions"}],"wp:featuredmedia":[{"embeddable":true,"href":"http:\/\/see-infos.de\/index.php?rest_route=\/wp\/v2\/media\/16801"}],"wp:attachment":[{"href":"http:\/\/see-infos.de\/index.php?rest_route=%2Fwp%2Fv2%2Fmedia&parent=24013"}],"wp:term":[{"taxonomy":"category","embeddable":true,"href":"http:\/\/see-infos.de\/index.php?rest_route=%2Fwp%2Fv2%2Fcategories&post=24013"},{"taxonomy":"post_tag","embeddable":true,"href":"http:\/\/see-infos.de\/index.php?rest_route=%2Fwp%2Fv2%2Ftags&post=24013"}],"curies":[{"name":"wp","href":"https:\/\/api.w.org\/{rel}","templated":true}]}}