{"id":23161,"date":"2022-12-21T08:19:35","date_gmt":"2022-12-21T07:19:35","guid":{"rendered":"http:\/\/www.see-infos.de\/?p=23161"},"modified":"2024-01-09T16:53:49","modified_gmt":"2024-01-09T15:53:49","slug":"hoeri-musiktage-2022","status":"publish","type":"post","link":"http:\/\/see-infos.de\/?p=23161","title":{"rendered":"H\u00f6ri Musiktage 2022"},"content":{"rendered":"<p>#H\u00f6riMusiktage <\/p>\n<p>H\u00f6ri Musiktage 5. bis 14. August 2022<br \/>\nDas Klassikfestival im Sommer am See<br \/>\nDrei Konzerte mit dem Festivalorchester und vieles mehr.<\/p>\n<h3>H\u00f6ri Musiktage 2022<\/h3>\n<p><strong>Musik pur \u2013 daf\u00fcr sorgen Spitzenmusikerinnen und -musiker aller Herren L\u00e4nder, Solistinnen, Solisten und Ensembles internationaler B\u00fchnen in insgesamt 15 Konzertveranstaltungen im historischen Klosterareal in \u00d6hningen auf der sommerlichen Halbinsel H\u00f6ri. <\/strong><\/p>\n<p>Mit drei Orchesterkonzerten pr\u00e4sentiert sich das internationale Festivalorchester nach zwei Pandemie-Jahren wieder in voller Besetzung: <\/p>\n<p>In den Cartes blanches (12.8.) mit einem umfangreichen \u00dcberraschungsprogramm aus hinrei\u00dfenden Konzertjuwelen.<br \/>\nIm gro\u00dfen Orchesterkonzert (13.8.) stehen Werke von Bartok, Strawinski und Brahms\u2019 Klavierkonzert Nr. 1 auf dem Programm, mit R\u00e9mi Geniet am Klavier. \u201eInstrumental beeindruckend, intellektuell verbl\u00fcffend, musikalisch \u00fcberw\u00e4ltigend\u201c lobt die Fachpresse (Diaposon) den Solisten.<br \/>\nIhren brillanten Abschluss finden die H\u00f6ri Musiktage mit der Operngala Tutto Mozart, mit Solistinnen und Solisten der Oper K\u00f6ln. Dirigent ist Harutyun Muradyan (14.8.)<\/p>\n<p>Am Freitag 5.8. rufen Jugendblasorchester und Musikvereine von \u00d6hningen zum Auftakt um 19 Uhr.<\/p>\n<div id=\"attachment_22269\" style=\"width: 610px\" class=\"wp-caption alignleft\"><img aria-describedby=\"caption-attachment-22269\" loading=\"lazy\" src=\"http:\/\/www.schechler.com\/see-infos\/wp-content\/uploads\/2021\/08\/DS300806cp.jpg\" alt=\"\" width=\"600\" height=\"401\" class=\"size-full wp-image-22269\" srcset=\"http:\/\/see-infos.de\/wp-content\/uploads\/2021\/08\/DS300806cp.jpg 600w, http:\/\/see-infos.de\/wp-content\/uploads\/2021\/08\/DS300806cp-300x201.jpg 300w\" sizes=\"(max-width: 600px) 100vw, 600px\" \/><p id=\"caption-attachment-22269\" class=\"wp-caption-text\">Aris Quartett bei den H\u00f6ri Musiktagen 2021<\/p><\/div>\n<p>Ihnen folgt um 20 Uhr die Christian Benning Percussion Group, \u2013 \u201erhythmischen Genies\u201c (Die ZEIT) \u2013 und h\u00fcllen den \u00d6hninger Klosterhof in ein rhythmisches Klang-Feuerwerk. Das Ensemble l\u00e4dt am Folgetag Interessierte aller Altersgruppen am 6.8. zur kostenlosen Teilnahme am Percussion-Workshop ein.<\/p>\n<p>Im Konzert der Barock-Akademie Europa tanzt (Leitung Petra M\u00fcllejans) lassen junge Profis f\u00fcr alte Musik Werke von Biber, Muffat, Schmelzer und Vivaldi in mitrei\u00dfender Frische erstrahlen. (Stiftskirche 6.8.). <\/p>\n<p>Ein Vorkonzert des Barock-Ensembles gibt es im MAC Museum Art &#038; Cars in Singen. (4.8.)<\/p>\n<p>Quatuor Hanson \u2013 das Streichquartett aus Paris bezaubert auf ARTE und internationalen B\u00fchnen \u2013 spielt Werke von Haydn, Schumann und Bartok in der Stiftskirche \u00d6hningen (7.8.)<\/p>\n<p>Kinder und ihre Familien k\u00f6nnen sich auf einen bunten musikalischen Familiennachmittag freuen, mit der Clownakademie mit Klausi Kl\u00fccklich und dem spannenden Musiktheater \u201eAufregung im K\u00f6nigreich Tanz\u201c (Laterna musica) (11.8.).<\/p>\n<p>Das Amatis Trio &#038; Ib Hausmann interpretieren mit Violine, Klavier, Cello und Klarinette, mit mitrei\u00dfender Leidenschaft und weit jenseits des Klassik-Mainstreams, Werke aus drei Jahrhunderten, von Beethoven und Schubert \u00fcber Liszt bis Milhaud. (11.8.)<br \/>\nConcerto buffo \u2013 Auf Teufel-komm-raus! Virtuos, brilliant, teuflisch gut \u2013 eine sommerliche Vorabend-Performance von den zwei temperamentvollen Musikerinnen, Milena Wilke mit \u201eTeufelsgeige\u201c und Silvia Brenner (Flamenco-Gitarre. (13.8.).<\/p>\n<p>Weitere Infos und Tickets unter <a href=\"http:\/\/www.hoeri-musiktage.de\" rel=\"noopener noreferrer\" target=\"_blank\">www.hoeri-musiktage.de<\/a><\/p>\n<div class=\"twoclick_social_bookmarks_post_23161 social_share_privacy clearfix 1.6.4 locale-de_DE sprite-de_DE\"><\/div><div class=\"twoclick-js\"><script type=\"text\/javascript\">\/* <![CDATA[ *\/\njQuery(document).ready(function($){if($('.twoclick_social_bookmarks_post_23161')){$('.twoclick_social_bookmarks_post_23161').socialSharePrivacy({\"services\":{\"twitter\":{\"reply_to\":\"\",\"tweet_text\":\"H%C3%B6ri%20Musiktage%202022%20%C2%BB%20See-Infos.de%20%23H%C3%B6ri%20%23Klassik\",\"status\":\"on\",\"txt_info\":\"2 Klicks f\\u00fcr mehr Datenschutz: Erst wenn Sie hier klicken, wird der Button aktiv und Sie k\\u00f6nnen Ihre Empfehlung an Twitter senden. Schon beim Aktivieren werden Daten an Dritte \\u00fcbertragen - siehe <em>i<\\\/em>.\",\"perma_option\":\"off\",\"language\":\"de\",\"referrer_track\":\"\"},\"gplus\":{\"status\":\"on\",\"txt_info\":\"2 Klicks f\\u00fcr mehr Datenschutz: Erst wenn Sie hier klicken, wird der Button aktiv und Sie k\\u00f6nnen Ihre Empfehlung an Google+ senden. Schon beim Aktivieren werden Daten an Dritte \\u00fcbertragen - siehe <em>i<\\\/em>.\",\"perma_option\":\"off\",\"referrer_track\":\"\"},\"xing\":{\"status\":\"on\",\"txt_info\":\"2 Klicks f\\u00fcr mehr Datenschutz: Erst wenn Sie hier klicken, wird der Button aktiv und Sie k\\u00f6nnen Ihre Empfehlung an Xing senden. Schon beim Aktivieren werden Daten an Dritte \\u00fcbertragen - siehe <em>i<\\\/em>.\",\"perma_option\":\"off\",\"language\":\"de\",\"referrer_track\":\"\"},\"pinterest\":{\"status\":\"on\",\"the_excerpt\":\"H\\u00f6ri Musiktage 2022\",\"txt_info\":\"2 Klicks f\\u00fcr mehr Datenschutz: Erst wenn Sie hier klicken, wird der Button aktiv und Sie k\\u00f6nnen Ihre Empfehlung an Pinterest senden. Schon beim Aktivieren werden Daten an Dritte \\u00fcbertragen - siehe <em>i<\\\/em>.\",\"perma_option\":\"off\",\"media\":\"http:\\\/\\\/see-infos.de\\\/wp-content\\\/uploads\\\/2021\\\/08\\\/DS300806cp.jpg\"},\"linkedin\":{\"status\":\"on\",\"txt_info\":\"2 Klicks f\\u00fcr mehr Datenschutz: Erst wenn Sie hier klicken, wird der Button aktiv und Sie k\\u00f6nnen Ihre Empfehlung an LinkedIn senden. Schon beim Aktivieren werden Daten an Dritte \\u00fcbertragen - siehe <em>i<\\\/em>.\",\"perma_option\":\"off\"}},\"txt_help\":\"Wenn Sie diese Felder durch einen Klick aktivieren, werden Informationen an Facebook, Twitter, Flattr, Xing, t3n, LinkedIn, Pinterest oder Google eventuell ins Ausland \\u00fcbertragen und unter Umst\\u00e4nden auch dort gespeichert. N\\u00e4heres erfahren Sie durch einen Klick auf das <em>i<\\\/em>.\",\"settings_perma\":\"Dauerhaft aktivieren und Daten\\u00fcber-tragung zustimmen:\",\"info_link\":\"http:\\\/\\\/www.heise.de\\\/ct\\\/artikel\\\/2-Klicks-fuer-mehr-Datenschutz-1333879.html\",\"uri\":\"http:\\\/\\\/see-infos.de\\\/?p=23161\",\"post_id\":23161,\"post_title_referrer_track\":\"H%C3%B6ri+Musiktage+2022\",\"display_infobox\":\"on\"});}});\n\/* ]]> *\/<\/script><\/div>","protected":false},"excerpt":{"rendered":"<p>#H\u00f6riMusiktage H\u00f6ri Musiktage 5. bis 14. August 2022 Das Klassikfestival im Sommer am See Drei Konzerte mit dem Festivalorchester und vieles mehr. H\u00f6ri Musiktage 2022 Musik pur \u2013 daf\u00fcr sorgen Spitzenmusikerinnen und -musiker aller Herren L\u00e4nder, Solistinnen, Solisten und Ensembles internationaler B\u00fchnen in insgesamt 15 Konzertveranstaltungen im historischen Klosterareal in \u00d6hningen auf der sommerlichen Halbinsel [&hellip;]<\/p>\n","protected":false},"author":1,"featured_media":22269,"comment_status":"closed","ping_status":"closed","sticky":false,"template":"","format":"standard","meta":[],"categories":[1,7],"tags":[34,56],"_links":{"self":[{"href":"http:\/\/see-infos.de\/index.php?rest_route=\/wp\/v2\/posts\/23161"}],"collection":[{"href":"http:\/\/see-infos.de\/index.php?rest_route=\/wp\/v2\/posts"}],"about":[{"href":"http:\/\/see-infos.de\/index.php?rest_route=\/wp\/v2\/types\/post"}],"author":[{"embeddable":true,"href":"http:\/\/see-infos.de\/index.php?rest_route=\/wp\/v2\/users\/1"}],"replies":[{"embeddable":true,"href":"http:\/\/see-infos.de\/index.php?rest_route=%2Fwp%2Fv2%2Fcomments&post=23161"}],"version-history":[{"count":0,"href":"http:\/\/see-infos.de\/index.php?rest_route=\/wp\/v2\/posts\/23161\/revisions"}],"wp:featuredmedia":[{"embeddable":true,"href":"http:\/\/see-infos.de\/index.php?rest_route=\/wp\/v2\/media\/22269"}],"wp:attachment":[{"href":"http:\/\/see-infos.de\/index.php?rest_route=%2Fwp%2Fv2%2Fmedia&parent=23161"}],"wp:term":[{"taxonomy":"category","embeddable":true,"href":"http:\/\/see-infos.de\/index.php?rest_route=%2Fwp%2Fv2%2Fcategories&post=23161"},{"taxonomy":"post_tag","embeddable":true,"href":"http:\/\/see-infos.de\/index.php?rest_route=%2Fwp%2Fv2%2Ftags&post=23161"}],"curies":[{"name":"wp","href":"https:\/\/api.w.org\/{rel}","templated":true}]}}