{"id":22722,"date":"2021-12-29T08:00:49","date_gmt":"2021-12-29T07:00:49","guid":{"rendered":"http:\/\/www.see-infos.de\/?p=22722"},"modified":"2021-12-14T15:10:50","modified_gmt":"2021-12-14T14:10:50","slug":"theater-konstanz-premieren-januar-bis-maerz-2022","status":"publish","type":"post","link":"http:\/\/see-infos.de\/?p=22722","title":{"rendered":"Theater Konstanz &#8211; Premieren Januar bis M\u00e4rz 2022"},"content":{"rendered":"<p>#theaterkonstanz <\/p>\n<h3>Theater Konstanz &#8211; Premieren Januar bis M\u00e4rz 2022<\/h3>\n<p><strong>Mit dem Spielzeitmotto \u201eEINMAL WELT, BITTE!\u201c startete das Theater Konstanz im September 2020 in eine neue Intendanz und feierte erste Erfolge. Daran konnte in der Spielzeit 2021\/2022 unter dem Motto \u201eWO GEHEN WIR HIN?\u201c angekn\u00fcpft werden. Einige Produktionen aus der letzten Spielzeit schaffen es nun auf die B\u00fchnen des Konstanzer Theaters. <\/strong><\/p>\n<p>Hausregisseurin Franziska Autzen kann endlich ihre Inszenierung der \u201eKatharina Blum\u201c zeigen, Hausregisseur, Autor und Leiter des JTK Kristo \u0160agor wird \u201eVirginia Woolf\u201c nachholen und auch \u201eThe Black Rider\u201c, das schr\u00e4ge Musical von William S. Burroughs, Tom Waits und Robert Wilson soll das Stadttheater rocken. Einiges kommt neu dazu \u2013 wie \u201eK\u00f6nigin Lear\u201c inszeniert von Kristo \u0160agor oder \u201eExpedition Mitte\u201c, ein immersives Theaterprojekt von Philipp J. Ehmann. Insgesamt stehen sechs Urauff\u00fchrungen und eine Deutschsprachige Erstauff\u00fchrung auf dem Plan. Auch das Festival LET\u2019S ALLY wird wieder stattfinden \u2013 dieses Mal mit dem Schwerpunkt Queer Artists und mit einem gro\u00dfen Gastspiel. Und nat\u00fcrlich darf man sich wieder auf M\u00fcnsterplatz Open Air freuen \u2013 es wird gruselig bei \u201eNosferatu\u201c in der Regie von M\u00e9lanie Huber.<\/p>\n<blockquote><p>\u201eWo gehen wir hin? Ich wei\u00df nicht, aber wir m\u00fcssen los.\u201c Jack Kerouac<\/p><\/blockquote>\n<p><div id=\"attachment_22723\" style=\"width: 410px\" class=\"wp-caption alignleft\"><img aria-describedby=\"caption-attachment-22723\" loading=\"lazy\" src=\"http:\/\/www.schechler.com\/see-infos\/wp-content\/uploads\/2021\/12\/Theater_Konstanz_Herbst_2021.jpg\" alt=\"\" width=\"400\" height=\"600\" class=\"size-full wp-image-22723\" srcset=\"http:\/\/see-infos.de\/wp-content\/uploads\/2021\/12\/Theater_Konstanz_Herbst_2021.jpg 400w, http:\/\/see-infos.de\/wp-content\/uploads\/2021\/12\/Theater_Konstanz_Herbst_2021-200x300.jpg 200w\" sizes=\"(max-width: 400px) 100vw, 400px\" \/><p id=\"caption-attachment-22723\" class=\"wp-caption-text\">Theater Konstanz<\/p><\/div><br \/>\nKonsum macht nicht gl\u00fccklich \u2013 und unsterblich schon gar nicht. Aber das hei\u00dft noch lange nicht, dass wir davon lassen k\u00f6nnen. Wenn Elfriede Jelinek \u00fcber das Ph\u00e4nomen Mode schreibt, dann schreibt sie \u00fcber Faszination und Abscheu zugleich. Heraus kommt ein durchaus heiterer Text, eine verschrobene Liebeserkl\u00e4rung und auch bitterb\u00f6se Abrechnung: mit den menschenunw\u00fcrdigen Produktionsbedingungen, der absurden Preispolitik und der Diskrepanz zwischen dem, was wir darstellen und dem, was wir sind. Die Mode dient der Literaturpreistr\u00e4gerin in <strong>DAS LICHT IM KASTEN<\/strong> (Stra\u00dfe? Stadt? Nicht mit mir!) auch als Metapher f\u00fcr eine todernste Sache: die eigene Verg\u00e4nglichkeit. Die Regie \u00fcbernimmt Susanne Schmelcher. Premiere: 21.1.2022 im Stadttheater Konstanz <\/p>\n<p>In Deutschland werden bis zu 400 Milliarden Euro pro Jahr vererbt. Stellen Sie sich nun einmal vor, alles, was Sie in Ihrem Leben angeh\u00e4uft haben, wird nicht an Ihre Nachkommen vererbt. Ihr Nachlass landet in einer Lostrommel und der Zufall bestimmt, wer Ihre gesch\u00e4tzte \u00dcberraschungseierfigurensammlung oder Ihr millionenschweres Bankkonto erh\u00e4lt. Die Autorin und Regisseurin Nora Abdel-Maksoud f\u00fchrt uns in <strong>JEEPS <\/strong>unser eigenes Denken und Handeln auf Basis von Kontost\u00e4nden, Testamenten und vermeintlichen Bedrohungen vor Augen, bitterb\u00f6se und urkomisch. Ihre Theaterst\u00fccke waren bereits beim Schweizer Theatertreffen, den Autorentheatertagen Berlin und dem Festival radikal jung eingeladen. Regie f\u00fchrt in Konstanz Simone Geyer. Premiere. 29.1.2022 in der Werkstatt des Theater Konstanz<\/p>\n<p>Cora Sachs inszeniert f\u00fcr Kinder ab 3 Jahren <strong>MONSTA <\/strong>nach Dita Zipfel und Mateo Dineen. Das kleine Monster hat ein gro\u00dfes Problem: Das Kind, bei dem es wohnt, f\u00fcrchtet sich nicht. Dita Zipfel und Mateo Dineen drehen in ihrem Bilderbuch den Spie\u00df einmal gr\u00fcndlich um und geben der Angst einfach keine Chance. Damit schaffen sie eine monsterm\u00e4\u00dfige Vorlage f\u00fcr Cora Sachs, die mit einer Mischung aus Schauspiel, Tanz und Figurentheater daraus ein Theaterst\u00fcck f\u00fcr kleine und gro\u00dfe Monsterfans kreiert. Premiere: 3.2.2022 in der Werkstatt des Theater Konstanz<\/p>\n<p>Hausregisseurin Franziska Autzen inszeniert die Urauff\u00fchrung <strong>ROADTRIP MIT LASERGIRL UND BEYONC\u00c9<\/strong> von Tjibbe Veldkamp f\u00fcr Jugendliche ab 12 Jahren. Tjibbe Veldkamp, einer der renommiertesten niederl\u00e4ndischen Kinder- und Jugendbuchautoren, erz\u00e4hlt in \u201eCatvis\u201c \u2013 so der Originaltitel \u2013 eine Geschichte \u00fcber junge Lebenswege, die unterschiedlicher nicht sein k\u00f6nnten, \u00fcber den eigenen Wagemut und echte Freundschaft. Scheinbar ganz nebenbei zeigt er dabei strukturelle Verh\u00e4ltnisse auf, die Menschen ins Abseits der Gesellschaft dr\u00e4ngen. Urauff\u00fchrung: 12.2.2022 in der Spiegelhalle des Theater Konstanz <\/p>\n<p>Franziska Autzen, seit der Spielzeit 2020\/2021 Hausregisseurin am Theater Konstanz, inszeniert <strong>KATHARINA BLUM ODER: WIE GEWALT ENTSTEHEN UND WOHIN SIE F\u00dcHREN KANN<\/strong> nach Heinrich B\u00f6ll. Alles beginnt auf einer Party: Die junge Katharina Blum lernt einen Mann kennen. Nach einer gemeinsamen Nacht findet sie sich pl\u00f6tzlich im Mahlwerk von Polizei und Presse wieder. Ihr Leben ger\u00e4t in einen Ausnahmezustand, der von medialer Hetze und Fake-News bestimmt wird. Was bleibt, wenn man Gefahr l\u00e4uft die eigene Autonomie zu verlieren? Wenn man einer \u00dcbermacht von patriarchaler Hegemonie alleine gegen\u00fcbersteht? In einer Zeit in der sich Nachrichten auf 280 Zeichen und 24 Stunden verf\u00fcgbare Videos beschr\u00e4nken, bildet die 1974 ver\u00f6ffentlichte Erz\u00e4hlung \u2013 von B\u00f6ll selbst als Pamphlet bezeichnet \u2013 den Ausgangspunkt f\u00fcr ein Spiel um Meinungsterror, Marginalisierung und Macht.  Premiere: 18.2.2022 im Stadttheater Konstanz <\/p>\n<p>In deutscher Sprache und mit englischen Songs kommt das Musical <strong>THE BLACK RIDER<\/strong> von William S. Burroughs, Tom Waits und Robert Wilson in Konstanz auf die B\u00fchne. Regie f\u00fchrt Rudolf Frey. Die Volkssage vom Schwarzen Reiter diente Regisseur Wilson, Musikikone Waits und dem Dichter der Beat-Generation Burroughs als Vorlage f\u00fcr das 1990 uraufgef\u00fchrte Musical abseits aller Konventionen. Eine eigenwillige Mischung aus schr\u00e4gem Variet\u00e9, poetischen Bildern und rauchigen Melodien. Premiere: 25.3.2022 im Stadttheater Konstanz <\/p>\n<p>Regeln, die nicht nachvollziehbar sind. Kinder, die sich selbst helfen m\u00fcssen. Autorit\u00e4ten, die versagen. Dennis Kelly hat mit <strong>UNSER LEHRER IST EIN TROLL<\/strong> ein herrlich respektloses St\u00fcck f\u00fcr junge Zuschauer*innen ab 8 Jahren geschrieben, in dem sich bestimmt viele wiederfinden k\u00f6nnen. Die Moral von der ziemlich lustigen und sehr zugespitzten Geschichte? H\u00f6rt nie auf, Fragen zu stellen. Niemals! Sonst rei\u00dfen wir Euch den Kopf ab. \u00c4h nein, das tun wir nat\u00fcrlich nicht. Regie in Konstanz f\u00fchrt Simon Windisch. Premiere: 26.3.2022 in der Werkstatt des Theater Konstanz<\/p>\n<p>Quelle \/ Mehr Infos:<\/p>\n<p>Theater Konstanz<br \/>\n<a href=\"http:\/\/www.theaterkonstanz.de\" rel=\"noopener noreferrer\" target=\"_blank\">www.theaterkonstanz.de<\/a><\/p>\n<div class=\"twoclick_social_bookmarks_post_22722 social_share_privacy clearfix 1.6.4 locale-de_DE sprite-de_DE\"><\/div><div class=\"twoclick-js\"><script type=\"text\/javascript\">\/* <![CDATA[ *\/\njQuery(document).ready(function($){if($('.twoclick_social_bookmarks_post_22722')){$('.twoclick_social_bookmarks_post_22722').socialSharePrivacy({\"services\":{\"twitter\":{\"reply_to\":\"\",\"tweet_text\":\"%20Theater%20Konstanz%20%E2%80%93%20Premieren%20Januar%20bis%20M%C3%A4rz%202022%20%C2%BB%20See-Infos.de%20...\",\"status\":\"on\",\"txt_info\":\"2 Klicks f\\u00fcr mehr Datenschutz: Erst wenn Sie hier klicken, wird der Button aktiv und Sie k\\u00f6nnen Ihre Empfehlung an Twitter senden. Schon beim Aktivieren werden Daten an Dritte \\u00fcbertragen - siehe <em>i<\\\/em>.\",\"perma_option\":\"off\",\"language\":\"de\",\"referrer_track\":\"\"},\"gplus\":{\"status\":\"on\",\"txt_info\":\"2 Klicks f\\u00fcr mehr Datenschutz: Erst wenn Sie hier klicken, wird der Button aktiv und Sie k\\u00f6nnen Ihre Empfehlung an Google+ senden. Schon beim Aktivieren werden Daten an Dritte \\u00fcbertragen - siehe <em>i<\\\/em>.\",\"perma_option\":\"off\",\"referrer_track\":\"\"},\"xing\":{\"status\":\"on\",\"txt_info\":\"2 Klicks f\\u00fcr mehr Datenschutz: Erst wenn Sie hier klicken, wird der Button aktiv und Sie k\\u00f6nnen Ihre Empfehlung an Xing senden. Schon beim Aktivieren werden Daten an Dritte \\u00fcbertragen - siehe <em>i<\\\/em>.\",\"perma_option\":\"off\",\"language\":\"de\",\"referrer_track\":\"\"},\"pinterest\":{\"status\":\"on\",\"the_excerpt\":\"Theater Konstanz &#8211; Premieren Januar bis M\\u00e4rz 2022\",\"txt_info\":\"2 Klicks f\\u00fcr mehr Datenschutz: Erst wenn Sie hier klicken, wird der Button aktiv und Sie k\\u00f6nnen Ihre Empfehlung an Pinterest senden. Schon beim Aktivieren werden Daten an Dritte \\u00fcbertragen - siehe <em>i<\\\/em>.\",\"perma_option\":\"off\",\"media\":\"http:\\\/\\\/see-infos.de\\\/wp-content\\\/uploads\\\/2021\\\/12\\\/Theater_Konstanz_Herbst_2021.jpg\"},\"linkedin\":{\"status\":\"on\",\"txt_info\":\"2 Klicks f\\u00fcr mehr Datenschutz: Erst wenn Sie hier klicken, wird der Button aktiv und Sie k\\u00f6nnen Ihre Empfehlung an LinkedIn senden. Schon beim Aktivieren werden Daten an Dritte \\u00fcbertragen - siehe <em>i<\\\/em>.\",\"perma_option\":\"off\"}},\"txt_help\":\"Wenn Sie diese Felder durch einen Klick aktivieren, werden Informationen an Facebook, Twitter, Flattr, Xing, t3n, LinkedIn, Pinterest oder Google eventuell ins Ausland \\u00fcbertragen und unter Umst\\u00e4nden auch dort gespeichert. N\\u00e4heres erfahren Sie durch einen Klick auf das <em>i<\\\/em>.\",\"settings_perma\":\"Dauerhaft aktivieren und Daten\\u00fcber-tragung zustimmen:\",\"info_link\":\"http:\\\/\\\/www.heise.de\\\/ct\\\/artikel\\\/2-Klicks-fuer-mehr-Datenschutz-1333879.html\",\"uri\":\"http:\\\/\\\/see-infos.de\\\/?p=22722\",\"post_id\":22722,\"post_title_referrer_track\":\"Theater+Konstanz+%26%238211%3B+Premieren+Januar+bis+M%C3%A4rz+2022\",\"display_infobox\":\"on\"});}});\n\/* ]]> *\/<\/script><\/div>","protected":false},"excerpt":{"rendered":"<p>#theaterkonstanz Theater Konstanz &#8211; Premieren Januar bis M\u00e4rz 2022 Mit dem Spielzeitmotto \u201eEINMAL WELT, BITTE!\u201c startete das Theater Konstanz im September 2020 in eine neue Intendanz und feierte erste Erfolge. Daran konnte in der Spielzeit 2021\/2022 unter dem Motto \u201eWO GEHEN WIR HIN?\u201c angekn\u00fcpft werden. Einige Produktionen aus der letzten Spielzeit schaffen es nun auf [&hellip;]<\/p>\n","protected":false},"author":1,"featured_media":22723,"comment_status":"closed","ping_status":"open","sticky":false,"template":"","format":"standard","meta":[],"categories":[1,7],"tags":[26],"_links":{"self":[{"href":"http:\/\/see-infos.de\/index.php?rest_route=\/wp\/v2\/posts\/22722"}],"collection":[{"href":"http:\/\/see-infos.de\/index.php?rest_route=\/wp\/v2\/posts"}],"about":[{"href":"http:\/\/see-infos.de\/index.php?rest_route=\/wp\/v2\/types\/post"}],"author":[{"embeddable":true,"href":"http:\/\/see-infos.de\/index.php?rest_route=\/wp\/v2\/users\/1"}],"replies":[{"embeddable":true,"href":"http:\/\/see-infos.de\/index.php?rest_route=%2Fwp%2Fv2%2Fcomments&post=22722"}],"version-history":[{"count":0,"href":"http:\/\/see-infos.de\/index.php?rest_route=\/wp\/v2\/posts\/22722\/revisions"}],"wp:featuredmedia":[{"embeddable":true,"href":"http:\/\/see-infos.de\/index.php?rest_route=\/wp\/v2\/media\/22723"}],"wp:attachment":[{"href":"http:\/\/see-infos.de\/index.php?rest_route=%2Fwp%2Fv2%2Fmedia&parent=22722"}],"wp:term":[{"taxonomy":"category","embeddable":true,"href":"http:\/\/see-infos.de\/index.php?rest_route=%2Fwp%2Fv2%2Fcategories&post=22722"},{"taxonomy":"post_tag","embeddable":true,"href":"http:\/\/see-infos.de\/index.php?rest_route=%2Fwp%2Fv2%2Ftags&post=22722"}],"curies":[{"name":"wp","href":"https:\/\/api.w.org\/{rel}","templated":true}]}}