{"id":22711,"date":"2021-12-25T08:37:56","date_gmt":"2021-12-25T07:37:56","guid":{"rendered":"http:\/\/www.see-infos.de\/?p=22711"},"modified":"2022-01-31T16:32:38","modified_gmt":"2022-01-31T15:32:38","slug":"ausfluege-gegen-das-vergessen-3-x-1-exemplar-zu-gewinnen","status":"publish","type":"post","link":"http:\/\/see-infos.de\/?p=22711","title":{"rendered":"&#8222;Ausfl\u00fcge gegen das Vergessen&#8220;. 3 x 1 Exemplar zu gewinnen!"},"content":{"rendered":"<p>#gewinnspiel<\/p>\n<h3>&#8222;Ausfl\u00fcge gegen das Vergessen&#8220;. 3 x 1 Exemplar zu gewinnen!<\/h3>\n<p>Die Verlosung ist am 31.Januar 2022. Ihr Gl\u00fccksformular finden Sie unten. Gleich mitmachen beim Gewinnspiel!<\/p>\n<p><div id=\"attachment_22712\" style=\"width: 364px\" class=\"wp-caption alignleft\"><img aria-describedby=\"caption-attachment-22712\" loading=\"lazy\" src=\"http:\/\/www.schechler.com\/see-infos\/wp-content\/uploads\/2021\/12\/BU-53106-0-01-NFA-GR.jpg\" alt=\"\" width=\"354\" height=\"500\" class=\"size-full wp-image-22712\" srcset=\"http:\/\/see-infos.de\/wp-content\/uploads\/2021\/12\/BU-53106-0-01-NFA-GR.jpg 354w, http:\/\/see-infos.de\/wp-content\/uploads\/2021\/12\/BU-53106-0-01-NFA-GR-212x300.jpg 212w\" sizes=\"(max-width: 354px) 100vw, 354px\" \/><p id=\"caption-attachment-22712\" class=\"wp-caption-text\">Sabine Bade<br \/>Ausfl\u00fcge gegen das Vergessen<br \/>NS-Gedenkorte zwischen Ulm und Basel, Natzweiler und Montafon<br \/>ISBN 978-3-7398-3106-0<br \/>Ausgabename 53106<br \/>Verlag UVK Verlag<br \/>Autor Sabine Bade<br \/>Erscheinungsdatum 08.11.2021<\/p><\/div><br \/>\n<strong>Sabine Bade &#8211; Ausfl\u00fcge gegen das Vergessen<\/strong><br \/>\nVerbrechen ver\u00fcbten die Nazis nicht nur im fernen Auschwitz, in Konzentrationslagern wie Dachau, Buchenwald oder Ravensbr\u00fcck. Verbrechen ver\u00fcbten sie auch \u00fcberall in unserer unmittelbaren Umgebung \u2013 auf der Schw\u00e4bischen Alb, im Schwarzwald, am malerischen Bodensee.<\/p>\n<p>Die NS-Schergen lie\u00dfen, kaum war ihnen die Macht \u00fcbertragen worden, bereits 1933 in Baden und W\u00fcrttemberg Lager zur sofortigen Ausschaltung ihrer politischen und weltanschaulichen Gegner:innen errichten. Sie verschleppten aus Heilanstalten Menschen, die nicht den nationalsozialistischen Vorstellungen des \u201eerbgesunden Ariers\u201c entsprachen, zur massenhaften Vergasung. Der NS-Staat trieb J\u00fcdinnen und Juden, Sinti und Roma, die durch die N\u00fcrnberger Rassegesetze l\u00e4ngst entrechtet waren, in Internierungslagern zusammen, von wo aus sie in die Vernichtungslager deportiert wurden. Und in den vielen KZ-Au\u00dfenlagern, mit denen das Land \u00fcbers\u00e4t war, wurden selbst aus Auschwitz herbeigeschaffte KZ-H\u00e4ftlinge tausendfach zu Zwangsarbeit gezwungen, die viele nicht \u00fcberlebten. All das geschah in einer idyllischen Umgebung.<\/p>\n<p>Die im Buch vorgestellten 35 auch grenz\u00fcberschreitenden \u201eAusfl\u00fcge gegen das Vergessen\u201c f\u00fchren zu einer Vielzahl von Gedenkst\u00e4tten und Erinnerungsorten. Sie dokumentieren die Geschichte der Verbrechen der Nationalsozialisten und sind deren Opfern gewidmet. Dieser etwas andere heimatgeschichtliche Wegweiser weitet den Blick auf eine Gegend, die wir bisher gut zu kennen glaubten.<\/p>\n<p>Sabine Bade ist Politikwissenschaftlerin und lebt in Konstanz. F\u00fcr das Gedenkorteportal des Studienkreises Deutscher Widerstand 1933\u20131945 verfasste sie den Themenkomplex NS-Verbrechen und Erinnerungsorte in Griechenland. Sie ver\u00f6ffentlichte das Wander- und Geschichtsbuch \u201ePartisanenpfade im Piemont\u201c (Querwege Verlag Konstanz, 2. Auflage 2018) und ist Mitautorin des Buches \u201eMit Mut und List. Europ\u00e4ische Frauen im Widerstand gegen Faschismus und Krieg\u201c (PapyRossa Verlag 2020, hg. von Florence Herv\u00e9).<\/p>\n<p>Bitte unbedingt im Nachrichtenfeld angeben, was ihr gewinnen wollt, da bei uns i.d.R. mehrere Gewinnspiele gleichzeitig laufen!<\/p>\n<p>###Das Gewinnspiel ist abgelaufen, die Gewinnenden informiert.###<\/p>\n<p>Der Rechtsweg ist ausgeschlossen. Alle Gewinner werden schriftlich benachrichtigt. Wegen DSGVO m\u00fcssen wir uns mit Absenden des Formulars die Einwilligung geben lassen, Sie zur Verifikation per Email\/Telefon zu kontaktieren. Diese Einwilligung k\u00f6nnen Sie jederzeit mit Wirkung f\u00fcr die Zukunft \u00fcber unser Kontaktformular widerrufen. Die Adressen werden nur im Rahmen des Gewinnspiels verwendet.<\/p>\n<p><strong>Inhalt<\/strong><br \/>\nGeleitwort von Wolfram Wette<br \/>\nVorwort \u2013 Gegen das Vergessen<\/p>\n<p>1. Das KZ Heuberg in Stetten am kalten Markt \u2013 das erste Konzentrationslager in W\u00fcrttemberg<br \/>\n2. Das KZ Oberer Kuhberg in Ulm \u2013 eine Vorstufe zur H\u00f6lle<br \/>\n3. Das Stuttgarter Landgericht \u2013 wo die Guillotine f\u00fcr viele aktive Nazi-GegnerInnen stand<br \/>\n4. Die Gedenkst\u00e4tte f\u00fcr j\u00fcdische Fl\u00fcchtlinge im schweizerischen Riehen<br \/>\n5. Das Ulmer Erinnerungszeichen zu Zwangssterilisation und \u201eEuthanasie\u201d<br \/>\n6. Der Riedheimer Gedenkstein f\u00fcr den Singener Reichstagsabgeordneten Max Maddalena<br \/>\n7. Die Stuttgarter Gedenkst\u00e4tte f\u00fcr Lilo Herrmann<br \/>\n8. St. Gallenkirch \u2013 Fluchtversuche des Dichters Jura Soyfer und anderer Verfolgter \u00fcber die Montafoner Berge in die Schweiz<br \/>\n9. Bahnhof Feldkirch \u2013 Erinnerungsort f\u00fcr Opfer der Nazi-Diktatur<br \/>\n10. Die Paul-Gr\u00fcninger-Br\u00fccke in Diepoldsau \u2013 Gedenkort f\u00fcr einen lang verschm\u00e4hten Fluchthelfer<br \/>\n11. Orte fr\u00fcheren j\u00fcdischen Lebens in Gailingen<br \/>\n12. Die Georg-Elser-Gedenkst\u00e4tte in K\u00f6nigsbronn<br \/>\n13. Die T4-T\u00f6tungsanstalt Schloss Grafeneck<br \/>\n14. Das Morden \u201eunwerten Lebens\u201c in der ehemaligen \u201eHeilanstalt Zwiefalten\u201c<br \/>\n15. Das Mahnmal der Grauen Busse vor der ehemaligen \u201eHeilanstalt Wei\u00dfenau\u201d<br \/>\n16. Das Ende j\u00fcdischen Lebens in Hohenems und wie heute daran erinnert wird<br \/>\n17. Freiburger Erinnerungsst\u00e4tten an die Oktoberdeportation 1940<br \/>\n18. Das Widerstands- und Deserteursdenkmal in Bregenz<br \/>\n19. Das KZ Natzweiler-Struthof \u2013 Das einzige deutsche Konzentrationslager auf franz\u00f6sischem Boden<br \/>\n20. Das KZ Radolfzell \u2013 Ein Schie\u00dfstand f\u00fcr die Waffen-SS<br \/>\n21. Der Stuttgarter Deportationsbahnhof<br \/>\n22. Das \u201eGr\u00e4berfeld X\u201c in T\u00fcbingen \u2013 Massengrab f\u00fcr NS-Opfer, deren Leichen als Forschungsmaterial dienten<br \/>\n23. Waldkirch \u2013 Auseinandersetzung mit einem heimischen Massenm\u00f6rder<br \/>\n24. Die Gedenkst\u00e4tte f\u00fcr nach Auschwitz deportierte Sinti aus dem Ravensburger Ummenwinkel<br \/>\n25. Die Gedenkst\u00e4tte Eckerwald \u2013 F\u00fcr die Opfer aus dem KZ Sch\u00f6rzingen<br \/>\n26. Das KZ Erzingen \u2013 ein weiteres Konzentrationslager des<br \/>\nUnternehmen \u201eW\u00fcste\u201c<br \/>\n27. Das Frauen-KZ in Geislingen an der Steige<br \/>\n28. Das KZ Bisingen<br \/>\n29. Das KZ \u00dcberlingen \u2013 unter Tage im Dienste der Friedrichshafener R\u00fcstungsindustrie<br \/>\n30. Das KZ Spaichingen \u2013 Zwangsarbeit f\u00fcr die Waffenschmiede Mauser<br \/>\n31. Das KZ Hailfingen-Tailfingen zum Ausbau des Nachtj\u00e4gerflugplatzes<br \/>\n32. Gedenkst\u00e4tte in Kehl \u2013 Erinnerung an ermordete franz\u00f6sische Widerstandsk\u00e4mpfer und die \u201eSchwarzw\u00e4lder Blutwoche\u201c<br \/>\n33. Das KZ Offenburg zur R\u00e4umung der Bahngleise nach Bombenangriffen<br \/>\n34. Das Grab der Widerstandsk\u00e4mpferin Hilde Meisel in Feldkirch<br \/>\n35. Befreite KZ-H\u00e4ftlinge auf der Mainau \u2013 Erinnerungsl\u00fccken auf der Blumeninsel<\/p>\n<div class=\"twoclick_social_bookmarks_post_22711 social_share_privacy clearfix 1.6.4 locale-de_DE sprite-de_DE\"><\/div><div class=\"twoclick-js\"><script type=\"text\/javascript\">\/* <![CDATA[ *\/\njQuery(document).ready(function($){if($('.twoclick_social_bookmarks_post_22711')){$('.twoclick_social_bookmarks_post_22711').socialSharePrivacy({\"services\":{\"twitter\":{\"reply_to\":\"\",\"tweet_text\":\"%20%E2%80%9EAusfl%C3%BCge%20gegen%20das%20Vergessen%E2%80%9C.%203%20x%201%20Exemplar%20zu%20gewinnen%21%20...\",\"status\":\"on\",\"txt_info\":\"2 Klicks f\\u00fcr mehr Datenschutz: Erst wenn Sie hier klicken, wird der Button aktiv und Sie k\\u00f6nnen Ihre Empfehlung an Twitter senden. Schon beim Aktivieren werden Daten an Dritte \\u00fcbertragen - siehe <em>i<\\\/em>.\",\"perma_option\":\"off\",\"language\":\"de\",\"referrer_track\":\"\"},\"gplus\":{\"status\":\"on\",\"txt_info\":\"2 Klicks f\\u00fcr mehr Datenschutz: Erst wenn Sie hier klicken, wird der Button aktiv und Sie k\\u00f6nnen Ihre Empfehlung an Google+ senden. Schon beim Aktivieren werden Daten an Dritte \\u00fcbertragen - siehe <em>i<\\\/em>.\",\"perma_option\":\"off\",\"referrer_track\":\"\"},\"xing\":{\"status\":\"on\",\"txt_info\":\"2 Klicks f\\u00fcr mehr Datenschutz: Erst wenn Sie hier klicken, wird der Button aktiv und Sie k\\u00f6nnen Ihre Empfehlung an Xing senden. Schon beim Aktivieren werden Daten an Dritte \\u00fcbertragen - siehe <em>i<\\\/em>.\",\"perma_option\":\"off\",\"language\":\"de\",\"referrer_track\":\"\"},\"pinterest\":{\"status\":\"on\",\"the_excerpt\":\"&#8222;Ausfl\\u00fcge gegen das Vergessen&#8220;. 3 x 1 Exemplar zu gewinnen!\",\"txt_info\":\"2 Klicks f\\u00fcr mehr Datenschutz: Erst wenn Sie hier klicken, wird der Button aktiv und Sie k\\u00f6nnen Ihre Empfehlung an Pinterest senden. Schon beim Aktivieren werden Daten an Dritte \\u00fcbertragen - siehe <em>i<\\\/em>.\",\"perma_option\":\"off\",\"media\":\"http:\\\/\\\/see-infos.de\\\/wp-content\\\/uploads\\\/2021\\\/12\\\/BU-53106-0-01-NFA-GR.jpg\"},\"linkedin\":{\"status\":\"on\",\"txt_info\":\"2 Klicks f\\u00fcr mehr Datenschutz: Erst wenn Sie hier klicken, wird der Button aktiv und Sie k\\u00f6nnen Ihre Empfehlung an LinkedIn senden. Schon beim Aktivieren werden Daten an Dritte \\u00fcbertragen - siehe <em>i<\\\/em>.\",\"perma_option\":\"off\"}},\"txt_help\":\"Wenn Sie diese Felder durch einen Klick aktivieren, werden Informationen an Facebook, Twitter, Flattr, Xing, t3n, LinkedIn, Pinterest oder Google eventuell ins Ausland \\u00fcbertragen und unter Umst\\u00e4nden auch dort gespeichert. N\\u00e4heres erfahren Sie durch einen Klick auf das <em>i<\\\/em>.\",\"settings_perma\":\"Dauerhaft aktivieren und Daten\\u00fcber-tragung zustimmen:\",\"info_link\":\"http:\\\/\\\/www.heise.de\\\/ct\\\/artikel\\\/2-Klicks-fuer-mehr-Datenschutz-1333879.html\",\"uri\":\"http:\\\/\\\/see-infos.de\\\/?p=22711\",\"post_id\":22711,\"post_title_referrer_track\":\"%26%238222%3BAusfl%C3%BCge+gegen+das+Vergessen%26%238220%3B.+3+x+1+Exemplar+zu+gewinnen%21\",\"display_infobox\":\"on\"});}});\n\/* ]]> *\/<\/script><\/div>","protected":false},"excerpt":{"rendered":"<p>#gewinnspiel &#8222;Ausfl\u00fcge gegen das Vergessen&#8220;. 3 x 1 Exemplar zu gewinnen! Die Verlosung ist am 31.Januar 2022. Ihr Gl\u00fccksformular finden Sie unten. Gleich mitmachen beim Gewinnspiel! Sabine Bade &#8211; Ausfl\u00fcge gegen das Vergessen Verbrechen ver\u00fcbten die Nazis nicht nur im fernen Auschwitz, in Konzentrationslagern wie Dachau, Buchenwald oder Ravensbr\u00fcck. Verbrechen ver\u00fcbten sie auch \u00fcberall in [&hellip;]<\/p>\n","protected":false},"author":1,"featured_media":22712,"comment_status":"closed","ping_status":"open","sticky":false,"template":"","format":"standard","meta":[],"categories":[1,15],"tags":[16,42],"_links":{"self":[{"href":"http:\/\/see-infos.de\/index.php?rest_route=\/wp\/v2\/posts\/22711"}],"collection":[{"href":"http:\/\/see-infos.de\/index.php?rest_route=\/wp\/v2\/posts"}],"about":[{"href":"http:\/\/see-infos.de\/index.php?rest_route=\/wp\/v2\/types\/post"}],"author":[{"embeddable":true,"href":"http:\/\/see-infos.de\/index.php?rest_route=\/wp\/v2\/users\/1"}],"replies":[{"embeddable":true,"href":"http:\/\/see-infos.de\/index.php?rest_route=%2Fwp%2Fv2%2Fcomments&post=22711"}],"version-history":[{"count":0,"href":"http:\/\/see-infos.de\/index.php?rest_route=\/wp\/v2\/posts\/22711\/revisions"}],"wp:featuredmedia":[{"embeddable":true,"href":"http:\/\/see-infos.de\/index.php?rest_route=\/wp\/v2\/media\/22712"}],"wp:attachment":[{"href":"http:\/\/see-infos.de\/index.php?rest_route=%2Fwp%2Fv2%2Fmedia&parent=22711"}],"wp:term":[{"taxonomy":"category","embeddable":true,"href":"http:\/\/see-infos.de\/index.php?rest_route=%2Fwp%2Fv2%2Fcategories&post=22711"},{"taxonomy":"post_tag","embeddable":true,"href":"http:\/\/see-infos.de\/index.php?rest_route=%2Fwp%2Fv2%2Ftags&post=22711"}],"curies":[{"name":"wp","href":"https:\/\/api.w.org\/{rel}","templated":true}]}}