{"id":22702,"date":"2021-12-09T08:01:39","date_gmt":"2021-12-09T07:01:39","guid":{"rendered":"http:\/\/www.see-infos.de\/?p=22702"},"modified":"2021-12-06T14:05:44","modified_gmt":"2021-12-06T13:05:44","slug":"mein-jahr-ohne-udo-juergens-im-theater-lindau","status":"publish","type":"post","link":"http:\/\/see-infos.de\/?p=22702","title":{"rendered":"&#8222;Mein Jahr ohne Udo J\u00fcrgens&#8220; im Theater Lindau"},"content":{"rendered":"<p>#theaterlindau<\/p>\n<p>Donnerstag, 16. Dezember 2021, 19.30 Uhr, Theater Lindau<br \/>\nMein Jahr ohne Udo J\u00fcrgens<br \/>\nEin musikalischer Abend mit Texten von Andreas Maier<br \/>\nBadisches Staatstheater Karlsruhe<\/p>\n<h3>&#8222;Mein Jahr ohne Udo J\u00fcrgens&#8220; im Theater Lindau<\/h3>\n<p><strong>Ein besonderer Abend voller Charme und Eleganz, Show und Schonungslosigkeit und viel Musik \u2013<br \/>\nnicht nur f\u00fcr Udo J\u00fcrgens-Fans.<\/strong> <\/p>\n<p>Gunnar Schmidt singt die gr\u00f6\u00dften Hits von Udo J\u00fcrgens und l\u00e4sst uns dabei tief in diese unvergessliche<br \/>\nSchlagerseele blicken. Als Udo J\u00fcrgens Mitte der 1970er Jahre erstmals Lieder wie \u201eGriechischer Wein\u201c<br \/>\noder \u201eMit 66 Jahren\u201c sang, waren sie eine gro\u00dfe Innovation. Der deutsche Schlager wurde sozialkritisch,<br \/>\nerz\u00e4hlte auf einmal auch von Gastarbeitern und ihren Schicksalen, von \u201ewilden Ehen\u201c ohne Trauschein, die<br \/>\ndurch sozialen Druck zerst\u00f6rt werden. Immer wieder hat Udo J\u00fcrgens in seinen zahllosen Kompositionen<br \/>\naktuelle gesellschaftspolitische Themen aufgegriffen und sie in unvergleichliche Ohrw\u00fcrmer verwandelt.<\/p>\n<div id=\"attachment_22703\" style=\"width: 610px\" class=\"wp-caption alignleft\"><img aria-describedby=\"caption-attachment-22703\" loading=\"lazy\" src=\"http:\/\/www.schechler.com\/see-infos\/wp-content\/uploads\/2021\/12\/Udo_Juergens_\u00a9_gruenschloss.jpg\" alt=\"\" width=\"600\" height=\"400\" class=\"size-full wp-image-22703\" srcset=\"http:\/\/see-infos.de\/wp-content\/uploads\/2021\/12\/Udo_Juergens_\u00a9_gruenschloss.jpg 600w, http:\/\/see-infos.de\/wp-content\/uploads\/2021\/12\/Udo_Juergens_\u00a9_gruenschloss-300x200.jpg 300w\" sizes=\"(max-width: 600px) 100vw, 600px\" \/><p id=\"caption-attachment-22703\" class=\"wp-caption-text\">Mein Jahr ohne Udo J\u00fcrgens. Foto \u00a9 Felix Gr\u00fcnschlo\u00df<\/p><\/div>\n<p>Grundlage des Abends ist das Buch von Andreas Maier, das ein Jahr nach J\u00fcrgens\u2018 Tod erschien und jetzt<br \/>\nvon Patrick Wengenroth f\u00fcr die B\u00fchne eingerichtet wurde. Das Ph\u00e4nomen Udo J\u00fcrgens wird in all seiner<br \/>\nWiderspr\u00fcchlichkeit dargestellt, schlichte Unterhaltung gespickt mit kritischen T\u00f6nen. S\u00fcffige Heldenverehrung,<br \/>\ndie im Publikum junger Best Ager sowohl die Bewunderer des Entertainers als auch seine Kritiker im Blick hat. <\/p>\n<p>\u201e(\u2026) Gunnar Schmidt f\u00fchrt mit einer liebenswerten Mischung aus Nonchalance und Augenzwinkern durchs<br \/>\nProgramm, beweist sich in den Liedern als versierter, farbenreicher S\u00e4nger und \u00fcbersetzt die (\u2026) Vorlage in<br \/>\nvitale B\u00fchnenpr\u00e4senz.(\u2026)\u201c<br \/>\nBNN, 17.9.19 <\/p>\n<p>Produktion: Badisches Staatstheater Karlsruhe<br \/>\nRegie &#038; B\u00fchne: Patrick Wengenroth<br \/>\nMusikalische Leitung &#038; Klavier: Matthias Kloppe<br \/>\nKost\u00fcm: Friederike Hildenbrand<\/p>\n<p>Mit:<br \/>\nGunnar Schmidt<br \/>\nJohannes Mittl, Klavier<\/p>\n<div class=\"twoclick_social_bookmarks_post_22702 social_share_privacy clearfix 1.6.4 locale-de_DE sprite-de_DE\"><\/div><div class=\"twoclick-js\"><script type=\"text\/javascript\">\/* <![CDATA[ *\/\njQuery(document).ready(function($){if($('.twoclick_social_bookmarks_post_22702')){$('.twoclick_social_bookmarks_post_22702').socialSharePrivacy({\"services\":{\"twitter\":{\"reply_to\":\"\",\"tweet_text\":\"%20%E2%80%9EMein%20Jahr%20ohne%20Udo%20J%C3%BCrgens%E2%80%9C%20im%20Theater%20Lindau%20%C2%BB%20See-Infos.de%20...\",\"status\":\"on\",\"txt_info\":\"2 Klicks f\\u00fcr mehr Datenschutz: Erst wenn Sie hier klicken, wird der Button aktiv und Sie k\\u00f6nnen Ihre Empfehlung an Twitter senden. Schon beim Aktivieren werden Daten an Dritte \\u00fcbertragen - siehe <em>i<\\\/em>.\",\"perma_option\":\"off\",\"language\":\"de\",\"referrer_track\":\"\"},\"gplus\":{\"status\":\"on\",\"txt_info\":\"2 Klicks f\\u00fcr mehr Datenschutz: Erst wenn Sie hier klicken, wird der Button aktiv und Sie k\\u00f6nnen Ihre Empfehlung an Google+ senden. Schon beim Aktivieren werden Daten an Dritte \\u00fcbertragen - siehe <em>i<\\\/em>.\",\"perma_option\":\"off\",\"referrer_track\":\"\"},\"xing\":{\"status\":\"on\",\"txt_info\":\"2 Klicks f\\u00fcr mehr Datenschutz: Erst wenn Sie hier klicken, wird der Button aktiv und Sie k\\u00f6nnen Ihre Empfehlung an Xing senden. Schon beim Aktivieren werden Daten an Dritte \\u00fcbertragen - siehe <em>i<\\\/em>.\",\"perma_option\":\"off\",\"language\":\"de\",\"referrer_track\":\"\"},\"pinterest\":{\"status\":\"on\",\"the_excerpt\":\"&#8222;Mein Jahr ohne Udo J\\u00fcrgens&#8220; im Theater Lindau\",\"txt_info\":\"2 Klicks f\\u00fcr mehr Datenschutz: Erst wenn Sie hier klicken, wird der Button aktiv und Sie k\\u00f6nnen Ihre Empfehlung an Pinterest senden. Schon beim Aktivieren werden Daten an Dritte \\u00fcbertragen - siehe <em>i<\\\/em>.\",\"perma_option\":\"off\",\"media\":\"http:\\\/\\\/see-infos.de\\\/wp-content\\\/uploads\\\/2021\\\/12\\\/Udo_Juergens_\\u00a9_gruenschloss.jpg\"},\"linkedin\":{\"status\":\"on\",\"txt_info\":\"2 Klicks f\\u00fcr mehr Datenschutz: Erst wenn Sie hier klicken, wird der Button aktiv und Sie k\\u00f6nnen Ihre Empfehlung an LinkedIn senden. Schon beim Aktivieren werden Daten an Dritte \\u00fcbertragen - siehe <em>i<\\\/em>.\",\"perma_option\":\"off\"}},\"txt_help\":\"Wenn Sie diese Felder durch einen Klick aktivieren, werden Informationen an Facebook, Twitter, Flattr, Xing, t3n, LinkedIn, Pinterest oder Google eventuell ins Ausland \\u00fcbertragen und unter Umst\\u00e4nden auch dort gespeichert. N\\u00e4heres erfahren Sie durch einen Klick auf das <em>i<\\\/em>.\",\"settings_perma\":\"Dauerhaft aktivieren und Daten\\u00fcber-tragung zustimmen:\",\"info_link\":\"http:\\\/\\\/www.heise.de\\\/ct\\\/artikel\\\/2-Klicks-fuer-mehr-Datenschutz-1333879.html\",\"uri\":\"http:\\\/\\\/see-infos.de\\\/?p=22702\",\"post_id\":22702,\"post_title_referrer_track\":\"%26%238222%3BMein+Jahr+ohne+Udo+J%C3%BCrgens%26%238220%3B+im+Theater+Lindau\",\"display_infobox\":\"on\"});}});\n\/* ]]> *\/<\/script><\/div>","protected":false},"excerpt":{"rendered":"<p>#theaterlindau Donnerstag, 16. Dezember 2021, 19.30 Uhr, Theater Lindau Mein Jahr ohne Udo J\u00fcrgens Ein musikalischer Abend mit Texten von Andreas Maier Badisches Staatstheater Karlsruhe &#8222;Mein Jahr ohne Udo J\u00fcrgens&#8220; im Theater Lindau Ein besonderer Abend voller Charme und Eleganz, Show und Schonungslosigkeit und viel Musik \u2013 nicht nur f\u00fcr Udo J\u00fcrgens-Fans. Gunnar Schmidt singt [&hellip;]<\/p>\n","protected":false},"author":1,"featured_media":22703,"comment_status":"closed","ping_status":"open","sticky":false,"template":"","format":"standard","meta":[],"categories":[1,7],"tags":[65,26],"_links":{"self":[{"href":"http:\/\/see-infos.de\/index.php?rest_route=\/wp\/v2\/posts\/22702"}],"collection":[{"href":"http:\/\/see-infos.de\/index.php?rest_route=\/wp\/v2\/posts"}],"about":[{"href":"http:\/\/see-infos.de\/index.php?rest_route=\/wp\/v2\/types\/post"}],"author":[{"embeddable":true,"href":"http:\/\/see-infos.de\/index.php?rest_route=\/wp\/v2\/users\/1"}],"replies":[{"embeddable":true,"href":"http:\/\/see-infos.de\/index.php?rest_route=%2Fwp%2Fv2%2Fcomments&post=22702"}],"version-history":[{"count":0,"href":"http:\/\/see-infos.de\/index.php?rest_route=\/wp\/v2\/posts\/22702\/revisions"}],"wp:featuredmedia":[{"embeddable":true,"href":"http:\/\/see-infos.de\/index.php?rest_route=\/wp\/v2\/media\/22703"}],"wp:attachment":[{"href":"http:\/\/see-infos.de\/index.php?rest_route=%2Fwp%2Fv2%2Fmedia&parent=22702"}],"wp:term":[{"taxonomy":"category","embeddable":true,"href":"http:\/\/see-infos.de\/index.php?rest_route=%2Fwp%2Fv2%2Fcategories&post=22702"},{"taxonomy":"post_tag","embeddable":true,"href":"http:\/\/see-infos.de\/index.php?rest_route=%2Fwp%2Fv2%2Ftags&post=22702"}],"curies":[{"name":"wp","href":"https:\/\/api.w.org\/{rel}","templated":true}]}}