{"id":22698,"date":"2021-12-08T09:11:17","date_gmt":"2021-12-08T08:11:17","guid":{"rendered":"http:\/\/www.see-infos.de\/?p=22698"},"modified":"2021-12-05T09:17:14","modified_gmt":"2021-12-05T08:17:14","slug":"skigebiet-boedele-in-die-wintersaison-gestartet","status":"publish","type":"post","link":"http:\/\/see-infos.de\/?p=22698","title":{"rendered":"Skigebiet B\u00f6dele in die Wintersaison gestartet"},"content":{"rendered":"<p>#skifahrn #dornbirn<\/p>\n<h3>Skigebiet B\u00f6dele in die Wintersaison gestartet<\/h3>\n<p><strong>Das beliebte Familienskigebiet B\u00f6dele mit seinen Naturschneepisten ist am letzten Freitag unter Bedingungen in die neue Skisaison gestartet.<\/strong> <\/p>\n<p>Dank der Schneef\u00e4lle der letzten Tage herrschen am B\u00f6dele sehr gute Naturschnee-Bedingungen. Ab Freitag, 3. Dezember sind die Liftanlagen am B\u00f6dele t\u00e4glich und durchgehend von 9:00 bis 16:15 Uhr in Betrieb. Welche Liftanalagen und Pisten ge\u00f6ffnet sind, ist ab 3. Dezember auf der Website <a href=\"http:\/\/boedele.info\" rel=\"noopener noreferrer\" target=\"_blank\">boedele.info<\/a> ersichtlich.  <\/p>\n<p>Schnee vor der Haust\u00fcre, kurze Anreise, ideale \u00dcbungspisten und Liftanlagen f\u00fcr Anf\u00e4nger, anspruchsvolle Abfahrten f\u00fcr K\u00f6nner, einen Schneemannparcours, einen Rodelh\u00fcgel und einiges mehr bietet das Familienskigebiet am B\u00f6dele. <\/p>\n<div id=\"attachment_22699\" style=\"width: 610px\" class=\"wp-caption alignleft\"><img aria-describedby=\"caption-attachment-22699\" loading=\"lazy\" src=\"http:\/\/www.schechler.com\/see-infos\/wp-content\/uploads\/2021\/12\/20170218_Boedele096cJuergenKostelacTarifgemeinschaftBoedele.jpg\" alt=\"\" width=\"600\" height=\"399\" class=\"size-full wp-image-22699\" srcset=\"http:\/\/see-infos.de\/wp-content\/uploads\/2021\/12\/20170218_Boedele096cJuergenKostelacTarifgemeinschaftBoedele.jpg 600w, http:\/\/see-infos.de\/wp-content\/uploads\/2021\/12\/20170218_Boedele096cJuergenKostelacTarifgemeinschaftBoedele-300x200.jpg 300w\" sizes=\"(max-width: 600px) 100vw, 600px\" \/><p id=\"caption-attachment-22699\" class=\"wp-caption-text\">Skigebiet B\u00f6dele. Foto &copy; J\u00fcrgen Kostelac \/ TarifgemeinschaftBoedele<\/p><\/div>\n<p><strong>Ma\u00dfnahmen <\/strong><br \/>\nDie Sicherheit sowie die Gesundheit der G\u00e4ste, Mitarbeiter und Einwohner unserer Region steht an oberster Stelle. Aus diesem Grund werden alle Vorgaben bez\u00fcglich Covid-19 strengstens eingehalten. Insbesondere appellieren wir an einen verantwortungsvollen Umgang und die eigene Vernunft. <\/p>\n<p>Wir bitte alle Schneehungrigen jetzt schon um Geduld, da der 2G-Check und das Freischalten von bereits erworbenen Jahres-, Saison oder Mehrtageskarten an der Kassa erfolgt. Dazu ist ein 2-Nachweis vor Ort und sowie eine datenschutzrechtliche Zustimmung zur Erfassung erforderlich.  <\/p>\n<p><strong>COVID-Ma\u00dfnahmen<\/strong><br \/>\nFolgende Covid-19-Ma\u00dfnahmen gelten laut Verordnung zurzeit:<br \/>\nBeim Skifahren gilt die 2G-Pflicht \u2013 genesen oder geimpft<br \/>\nAusnahme: Kinder bis 12 Jahre; f\u00fcr Kinder zwischen 12 und 15 Jahre (allgemein schulpflichtige Kinder), die im Rahmen der Schultest (\u00f6sterreichischer Ninja-Pass) getestet werden.<br \/>\nEin g\u00fcltiger 2G-Nachweis ist mitzuf\u00fchren<br \/>\nBeherbergungsbetriebe und die Gastronomie bleiben (mit heutigem Stand) noch bis zumindest 11.12.2021 geschlossen \u2013Der Take-Away-Service wird \u00f6rtlich individuell geregelt.<br \/>\nMaskenpflicht f\u00fcr die Nutzung geschlossener R\u00e4ume (zB WC-Anlagen) <\/p>\n<p><strong>Bequeme Anreise &#8211; Parkplatzsuche ade <\/strong><br \/>\nMit jeder g\u00fcltigen B\u00f6dele-Skikarte ist die Benutzung des Skibusses von Dornbirn und Schwarzenberg aus kostenlos. Ohne g\u00fcltigen Skipass wird das Busticket beim Kauf einer Skikarte an der Liftkassa refundiert. Informationen \u00fcber weitere M\u00f6glichkeiten zur autofreien Anreise sind auf boedele.info zu finden. <\/p>\n<p><strong>Factbox zum Skigebiet B\u00f6dele <\/strong><br \/>\n24 km Naturschnee-Pisten in allen Schwierigkeitsgraden<br \/>\n10 Liftanlagen<br \/>\n9 km Langlaufloipe (bereits pr\u00e4pariert)<br \/>\nSchneemannparcours<br \/>\nSpezielle Familientarife<br \/>\n2 Skischulen im Skigebiet<br \/>\n3 Skiverleihstationen im Skigebiet und der n\u00e4heren Umgebung<br \/>\nUrige H\u00fctten (derzeit auf Grund COVID-19 geschlossen)<br \/>\nRodelh\u00fcgel <\/p>\n<div class=\"twoclick_social_bookmarks_post_22698 social_share_privacy clearfix 1.6.4 locale-de_DE sprite-de_DE\"><\/div><div class=\"twoclick-js\"><script type=\"text\/javascript\">\/* <![CDATA[ *\/\njQuery(document).ready(function($){if($('.twoclick_social_bookmarks_post_22698')){$('.twoclick_social_bookmarks_post_22698').socialSharePrivacy({\"services\":{\"twitter\":{\"reply_to\":\"\",\"tweet_text\":\"%20Skigebiet%20B%C3%B6dele%20in%20die%20Wintersaison%20gestartet%20%C2%BB%20See-Infos.de%20%23Vorarlberg%20...\",\"status\":\"on\",\"txt_info\":\"2 Klicks f\\u00fcr mehr Datenschutz: Erst wenn Sie hier klicken, wird der Button aktiv und Sie k\\u00f6nnen Ihre Empfehlung an Twitter senden. Schon beim Aktivieren werden Daten an Dritte \\u00fcbertragen - siehe <em>i<\\\/em>.\",\"perma_option\":\"off\",\"language\":\"de\",\"referrer_track\":\"\"},\"gplus\":{\"status\":\"on\",\"txt_info\":\"2 Klicks f\\u00fcr mehr Datenschutz: Erst wenn Sie hier klicken, wird der Button aktiv und Sie k\\u00f6nnen Ihre Empfehlung an Google+ senden. Schon beim Aktivieren werden Daten an Dritte \\u00fcbertragen - siehe <em>i<\\\/em>.\",\"perma_option\":\"off\",\"referrer_track\":\"\"},\"xing\":{\"status\":\"on\",\"txt_info\":\"2 Klicks f\\u00fcr mehr Datenschutz: Erst wenn Sie hier klicken, wird der Button aktiv und Sie k\\u00f6nnen Ihre Empfehlung an Xing senden. Schon beim Aktivieren werden Daten an Dritte \\u00fcbertragen - siehe <em>i<\\\/em>.\",\"perma_option\":\"off\",\"language\":\"de\",\"referrer_track\":\"\"},\"pinterest\":{\"status\":\"on\",\"the_excerpt\":\"Skigebiet B\\u00f6dele in die Wintersaison gestartet\",\"txt_info\":\"2 Klicks f\\u00fcr mehr Datenschutz: Erst wenn Sie hier klicken, wird der Button aktiv und Sie k\\u00f6nnen Ihre Empfehlung an Pinterest senden. Schon beim Aktivieren werden Daten an Dritte \\u00fcbertragen - siehe <em>i<\\\/em>.\",\"perma_option\":\"off\",\"media\":\"http:\\\/\\\/see-infos.de\\\/wp-content\\\/uploads\\\/2021\\\/12\\\/20170218_Boedele096cJuergenKostelacTarifgemeinschaftBoedele.jpg\"},\"linkedin\":{\"status\":\"on\",\"txt_info\":\"2 Klicks f\\u00fcr mehr Datenschutz: Erst wenn Sie hier klicken, wird der Button aktiv und Sie k\\u00f6nnen Ihre Empfehlung an LinkedIn senden. Schon beim Aktivieren werden Daten an Dritte \\u00fcbertragen - siehe <em>i<\\\/em>.\",\"perma_option\":\"off\"}},\"txt_help\":\"Wenn Sie diese Felder durch einen Klick aktivieren, werden Informationen an Facebook, Twitter, Flattr, Xing, t3n, LinkedIn, Pinterest oder Google eventuell ins Ausland \\u00fcbertragen und unter Umst\\u00e4nden auch dort gespeichert. N\\u00e4heres erfahren Sie durch einen Klick auf das <em>i<\\\/em>.\",\"settings_perma\":\"Dauerhaft aktivieren und Daten\\u00fcber-tragung zustimmen:\",\"info_link\":\"http:\\\/\\\/www.heise.de\\\/ct\\\/artikel\\\/2-Klicks-fuer-mehr-Datenschutz-1333879.html\",\"uri\":\"http:\\\/\\\/see-infos.de\\\/?p=22698\",\"post_id\":22698,\"post_title_referrer_track\":\"Skigebiet+B%C3%B6dele+in+die+Wintersaison+gestartet\",\"display_infobox\":\"on\"});}});\n\/* ]]> *\/<\/script><\/div>","protected":false},"excerpt":{"rendered":"<p>#skifahrn #dornbirn Skigebiet B\u00f6dele in die Wintersaison gestartet Das beliebte Familienskigebiet B\u00f6dele mit seinen Naturschneepisten ist am letzten Freitag unter Bedingungen in die neue Skisaison gestartet. Dank der Schneef\u00e4lle der letzten Tage herrschen am B\u00f6dele sehr gute Naturschnee-Bedingungen. Ab Freitag, 3. Dezember sind die Liftanlagen am B\u00f6dele t\u00e4glich und durchgehend von 9:00 bis 16:15 Uhr [&hellip;]<\/p>\n","protected":false},"author":1,"featured_media":22699,"comment_status":"closed","ping_status":"open","sticky":false,"template":"","format":"standard","meta":[],"categories":[1,7],"tags":[43,8],"_links":{"self":[{"href":"http:\/\/see-infos.de\/index.php?rest_route=\/wp\/v2\/posts\/22698"}],"collection":[{"href":"http:\/\/see-infos.de\/index.php?rest_route=\/wp\/v2\/posts"}],"about":[{"href":"http:\/\/see-infos.de\/index.php?rest_route=\/wp\/v2\/types\/post"}],"author":[{"embeddable":true,"href":"http:\/\/see-infos.de\/index.php?rest_route=\/wp\/v2\/users\/1"}],"replies":[{"embeddable":true,"href":"http:\/\/see-infos.de\/index.php?rest_route=%2Fwp%2Fv2%2Fcomments&post=22698"}],"version-history":[{"count":0,"href":"http:\/\/see-infos.de\/index.php?rest_route=\/wp\/v2\/posts\/22698\/revisions"}],"wp:featuredmedia":[{"embeddable":true,"href":"http:\/\/see-infos.de\/index.php?rest_route=\/wp\/v2\/media\/22699"}],"wp:attachment":[{"href":"http:\/\/see-infos.de\/index.php?rest_route=%2Fwp%2Fv2%2Fmedia&parent=22698"}],"wp:term":[{"taxonomy":"category","embeddable":true,"href":"http:\/\/see-infos.de\/index.php?rest_route=%2Fwp%2Fv2%2Fcategories&post=22698"},{"taxonomy":"post_tag","embeddable":true,"href":"http:\/\/see-infos.de\/index.php?rest_route=%2Fwp%2Fv2%2Ftags&post=22698"}],"curies":[{"name":"wp","href":"https:\/\/api.w.org\/{rel}","templated":true}]}}