{"id":22267,"date":"2021-12-07T13:37:45","date_gmt":"2021-12-07T12:37:45","guid":{"rendered":"http:\/\/www.see-infos.de\/?p=22267"},"modified":"2023-06-20T12:29:07","modified_gmt":"2023-06-20T10:29:07","slug":"aris-quartett-bei-den-hoeri-musiktagen-2021","status":"publish","type":"post","link":"http:\/\/see-infos.de\/?p=22267","title":{"rendered":"Aris Quartett bei den H\u00f6ri Musiktagen 2021"},"content":{"rendered":"<p>#klassik #hoeri #ArisQuartett #kulturambodensee #bodenseewest #hoerimusiktagebodensee <\/p>\n<h3>Aris Quartett bei den H\u00f6ri Musiktagen 2021<\/h3>\n<p>ARIS QUARTETT<br \/>\nBeethoven und Resch<br \/>\nFreitag 06.08.2021 \u2013 20 Uhr<br \/>\n\u00d6hningen\/Bodensee<\/p>\n<blockquote><p>Die H\u00f6ri Musiktage pr\u00e4sentierten am Freitag, den 6.August 2021 das Aris Quartett. Wegen dem unbest\u00e4ndigen Wetter wurde das Konzert in die Stiftskirche des Chorherrenstifts \u00d6hningen verlegt &#8211; ein w\u00fcrdiger Rahmen mit sch\u00f6ner, passender Akustik. Pr\u00e4sentiert wurden St\u00fccke von Ludwig van Beethoven und Gerald Resch.<br \/>\nMK Schechler, See-Infos.de<\/p><\/blockquote>\n<p>Zu den jungen Himmelsst\u00fcrmern im Konzertgeschehen z\u00e4hlt fraglos das Aris Quartett. 2009 in Frankfurt am Main gegr\u00fcndet, spielen sich die Musiker weltweit auf die gro\u00dfen B\u00fchnen: die Elbphilharmonie Hamburg, die Wigmore Hall London, die Philharmonie Paris, der Musikverein Wien, das Concertgebouw Amsterdam, die BBC Proms und auch die San Francisco Chamber Music Society pr\u00e4sentieren das Aris Quartett in den kommenden Spielzeiten. Gro\u00dfes Aufsehen erregt das Aris Quartett mit der Verleihung des hoch dotierten Kammermusikpreises der J\u00fcrgen-Ponto Stiftung sowie weiteren nationalen und internationalen Auszeichnungen in der Folge. Kein Wunder, dass die wenigen Restkarten am Veranstaltungsabend in \u00d6hningen bald vergriffen waren.<\/p>\n<p>\u00d6hningen wurde dieses Jahr als einer der Preistr\u00e4ger des Deutschen Musikrates als &#8222;Landmusikort des Jahres 2021&#8220; geehrt.<\/p>\n<p><strong>Foto-Galerie der Veranstaltung bei uns: <a href=\"http:\/\/www.schechler.com\/mk\/2021\/08\/07\/aris-quartett\/\" rel=\"noopener noreferrer\" target=\"_blank\">Hier klicken!<\/a><\/strong><\/p>\n<div id=\"attachment_22269\" style=\"width: 610px\" class=\"wp-caption alignleft\"><img aria-describedby=\"caption-attachment-22269\" loading=\"lazy\" src=\"http:\/\/www.schechler.com\/see-infos\/wp-content\/uploads\/2021\/08\/DS300806cp.jpg\" alt=\"\" width=\"600\" height=\"401\" class=\"size-full wp-image-22269\" srcset=\"http:\/\/see-infos.de\/wp-content\/uploads\/2021\/08\/DS300806cp.jpg 600w, http:\/\/see-infos.de\/wp-content\/uploads\/2021\/08\/DS300806cp-300x201.jpg 300w\" sizes=\"(max-width: 600px) 100vw, 600px\" \/><p id=\"caption-attachment-22269\" class=\"wp-caption-text\">Aris Quartett bei den H\u00f6ri Musiktagen 2021<\/p><\/div>\n<p>Aris Quartett sind<br \/>\nAnna Katharina Wildermuth &#8211; Violine<br \/>\nNoemi Zipperling &#8211; Violine<br \/>\nCaspar Vinzens &#8211; Viola<br \/>\nLukas Sieber &#8211; Violoncello<\/p>\n<p>Das Streichquartett spielt zum Jubil\u00e4um der H\u00f6ri Musiktage nun das Programm, dass wegen der Pandemie 2020 ausgesetzt werden musste:<\/p>\n<p>Ludwig van Beethoven [1770 &#8211; 1827]: Streichquartett F-Dur op. 18\/1&#x200d;<br \/>\nAllegro con brio<br \/>\nAdagio affettuoso ed appassionato<br \/>\nScherzo: Allegro molto<br \/>\nAllegro<\/p>\n<p>Gerald Resch [*1975]: &#8218;attacca&#8216; f\u00fcr Streichquartett<\/p>\n<p>***** Pause *****<\/p>\n<p>Ludwig van Beethoven [1770 &#8211; 1827]: Streichquartett Es-Dur op. 127<br \/>\nMaestoso &#8211; Allegro<br \/>\nAdagio, ma non troppo e molto cantabile<br \/>\nScherzando &#8211; vivace<br \/>\nFinale<\/p>\n<p>Mehr \u00fcber die H\u00f6ri Musiktage unter <a href=\"https:\/\/www.hoeri-musiktage.de\/\" rel=\"noopener noreferrer\" target=\"_blank\">https:\/\/www.hoeri-musiktage.de\/<\/a><\/p>\n<div class=\"twoclick_social_bookmarks_post_22267 social_share_privacy clearfix 1.6.4 locale-de_DE sprite-de_DE\"><\/div><div class=\"twoclick-js\"><script type=\"text\/javascript\">\/* <![CDATA[ *\/\njQuery(document).ready(function($){if($('.twoclick_social_bookmarks_post_22267')){$('.twoclick_social_bookmarks_post_22267').socialSharePrivacy({\"services\":{\"twitter\":{\"reply_to\":\"\",\"tweet_text\":\"%20Aris%20Quartett%20bei%20den%20H%C3%B6ri%20Musiktagen%202021%20%C2%BB%20See-Infos.de%20%23BodenseeWest%20...\",\"status\":\"on\",\"txt_info\":\"2 Klicks f\\u00fcr mehr Datenschutz: Erst wenn Sie hier klicken, wird der Button aktiv und Sie k\\u00f6nnen Ihre Empfehlung an Twitter senden. Schon beim Aktivieren werden Daten an Dritte \\u00fcbertragen - siehe <em>i<\\\/em>.\",\"perma_option\":\"off\",\"language\":\"de\",\"referrer_track\":\"\"},\"gplus\":{\"status\":\"on\",\"txt_info\":\"2 Klicks f\\u00fcr mehr Datenschutz: Erst wenn Sie hier klicken, wird der Button aktiv und Sie k\\u00f6nnen Ihre Empfehlung an Google+ senden. Schon beim Aktivieren werden Daten an Dritte \\u00fcbertragen - siehe <em>i<\\\/em>.\",\"perma_option\":\"off\",\"referrer_track\":\"\"},\"xing\":{\"status\":\"on\",\"txt_info\":\"2 Klicks f\\u00fcr mehr Datenschutz: Erst wenn Sie hier klicken, wird der Button aktiv und Sie k\\u00f6nnen Ihre Empfehlung an Xing senden. Schon beim Aktivieren werden Daten an Dritte \\u00fcbertragen - siehe <em>i<\\\/em>.\",\"perma_option\":\"off\",\"language\":\"de\",\"referrer_track\":\"\"},\"pinterest\":{\"status\":\"on\",\"the_excerpt\":\"Aris Quartett bei den H\\u00f6ri Musiktagen 2021\",\"txt_info\":\"2 Klicks f\\u00fcr mehr Datenschutz: Erst wenn Sie hier klicken, wird der Button aktiv und Sie k\\u00f6nnen Ihre Empfehlung an Pinterest senden. Schon beim Aktivieren werden Daten an Dritte \\u00fcbertragen - siehe <em>i<\\\/em>.\",\"perma_option\":\"off\",\"media\":\"http:\\\/\\\/see-infos.de\\\/wp-content\\\/uploads\\\/2021\\\/08\\\/DS300806cp.jpg\"},\"linkedin\":{\"status\":\"on\",\"txt_info\":\"2 Klicks f\\u00fcr mehr Datenschutz: Erst wenn Sie hier klicken, wird der Button aktiv und Sie k\\u00f6nnen Ihre Empfehlung an LinkedIn senden. Schon beim Aktivieren werden Daten an Dritte \\u00fcbertragen - siehe <em>i<\\\/em>.\",\"perma_option\":\"off\"}},\"txt_help\":\"Wenn Sie diese Felder durch einen Klick aktivieren, werden Informationen an Facebook, Twitter, Flattr, Xing, t3n, LinkedIn, Pinterest oder Google eventuell ins Ausland \\u00fcbertragen und unter Umst\\u00e4nden auch dort gespeichert. N\\u00e4heres erfahren Sie durch einen Klick auf das <em>i<\\\/em>.\",\"settings_perma\":\"Dauerhaft aktivieren und Daten\\u00fcber-tragung zustimmen:\",\"info_link\":\"http:\\\/\\\/www.heise.de\\\/ct\\\/artikel\\\/2-Klicks-fuer-mehr-Datenschutz-1333879.html\",\"uri\":\"http:\\\/\\\/see-infos.de\\\/?p=22267\",\"post_id\":22267,\"post_title_referrer_track\":\"Aris+Quartett+bei+den+H%C3%B6ri+Musiktagen+2021\",\"display_infobox\":\"on\"});}});\n\/* ]]> *\/<\/script><\/div>","protected":false},"excerpt":{"rendered":"<p>#klassik #hoeri #ArisQuartett #kulturambodensee #bodenseewest #hoerimusiktagebodensee Aris Quartett bei den H\u00f6ri Musiktagen 2021 ARIS QUARTETT Beethoven und Resch Freitag 06.08.2021 \u2013 20 Uhr \u00d6hningen\/Bodensee Die H\u00f6ri Musiktage pr\u00e4sentierten am Freitag, den 6.August 2021 das Aris Quartett. Wegen dem unbest\u00e4ndigen Wetter wurde das Konzert in die Stiftskirche des Chorherrenstifts \u00d6hningen verlegt &#8211; ein w\u00fcrdiger Rahmen mit [&hellip;]<\/p>\n","protected":false},"author":1,"featured_media":22269,"comment_status":"closed","ping_status":"open","sticky":false,"template":"","format":"standard","meta":[],"categories":[1],"tags":[148,34,56],"_links":{"self":[{"href":"http:\/\/see-infos.de\/index.php?rest_route=\/wp\/v2\/posts\/22267"}],"collection":[{"href":"http:\/\/see-infos.de\/index.php?rest_route=\/wp\/v2\/posts"}],"about":[{"href":"http:\/\/see-infos.de\/index.php?rest_route=\/wp\/v2\/types\/post"}],"author":[{"embeddable":true,"href":"http:\/\/see-infos.de\/index.php?rest_route=\/wp\/v2\/users\/1"}],"replies":[{"embeddable":true,"href":"http:\/\/see-infos.de\/index.php?rest_route=%2Fwp%2Fv2%2Fcomments&post=22267"}],"version-history":[{"count":0,"href":"http:\/\/see-infos.de\/index.php?rest_route=\/wp\/v2\/posts\/22267\/revisions"}],"wp:featuredmedia":[{"embeddable":true,"href":"http:\/\/see-infos.de\/index.php?rest_route=\/wp\/v2\/media\/22269"}],"wp:attachment":[{"href":"http:\/\/see-infos.de\/index.php?rest_route=%2Fwp%2Fv2%2Fmedia&parent=22267"}],"wp:term":[{"taxonomy":"category","embeddable":true,"href":"http:\/\/see-infos.de\/index.php?rest_route=%2Fwp%2Fv2%2Fcategories&post=22267"},{"taxonomy":"post_tag","embeddable":true,"href":"http:\/\/see-infos.de\/index.php?rest_route=%2Fwp%2Fv2%2Ftags&post=22267"}],"curies":[{"name":"wp","href":"https:\/\/api.w.org\/{rel}","templated":true}]}}